{"id":36304,"date":"2023-09-16T01:17:35","date_gmt":"2023-09-15T23:17:35","guid":{"rendered":"http:\/\/www.infokuryr.cz\/n\/?p=36304"},"modified":"2023-09-15T14:37:53","modified_gmt":"2023-09-15T12:37:53","slug":"z-bileho-domu-unikly-informace-o-vyslani-raket-dlouheho-doletu-atacms-do-kyjeva","status":"publish","type":"post","link":"https:\/\/www.infokuryr.cz\/n\/2023\/09\/16\/z-bileho-domu-unikly-informace-o-vyslani-raket-dlouheho-doletu-atacms-do-kyjeva\/","title":{"rendered":"Z B\u00edl\u00e9ho domu \u201eunikly\u201c informace o vysl\u00e1n\u00ed raket dlouh\u00e9ho doletu ATACMS do Kyjeva"},"content":{"rendered":"<div id=\"fb-root\"><\/div>\n<p class=\"lead\"><strong>Administrativa americk\u00e9ho prezidenta Joea Bidena zva\u017euje mo\u017enost dod\u00e1vek raket dlouh\u00e9ho doletu ATACMS na Ukrajinu letos na podzim, uv\u00e1d\u00ed The Wall Street Journal s odvol\u00e1n\u00edm na \u00fa\u0159edn\u00edky.<\/strong><\/p>\n<p>Jak poznamen\u00e1vaj\u00ed \u00fa\u0159edn\u00edci, B\u00edl\u00fd d\u016fm se letos na podzim \u201enov\u011b pod\u00edv\u00e1 na poskytov\u00e1n\u00ed ATACMS k pos\u00edlen\u00ed ukrajinsk\u00e9 protiofenz\u00edvy\u201c.<\/p>\n<p>Partne\u0159i publikace zd\u016fraznili, \u017ee toto rozhodnut\u00ed mus\u00ed je\u0161t\u011b schv\u00e1lit prezident USA.<\/p>\n<p>Jak bylo ozn\u00e1meno, pr\u00e1v\u011b onehdy Financial Times s odvol\u00e1n\u00edm na vysok\u00e9ho p\u0159edstavitele B\u00edl\u00e9ho domu uvedly, \u017ee Biden \u201em\u016f\u017ee brzy u\u010dinit rozhodnut\u00ed\u201c o dod\u00e1vk\u00e1ch ATACMS na Ukrajinu.<\/p>\n<p>P\u0159ipome\u0148me, \u017ee ATACMS je taktick\u00e1 balistick\u00e1 st\u0159ela zem\u011b-zem\u011b vyr\u00e1b\u011bn\u00e1 spole\u010dnost\u00ed Lockheed Martin s dosahem a\u017e 300 kilometr\u016f.<\/p>\n<p>P\u0159edt\u00edm ukrajinsk\u00fd ministr zahrani\u010d\u00ed\u00a0<strong>Dmitrij Kuleba a americk\u00fd ministr zahrani\u010d\u00ed\u00a0<\/strong><strong>Antony Blinken,<\/strong>\u00a0kter\u00fd byl na n\u00e1v\u0161t\u011bv\u011b Kyjeva,\u00a0jednali o dod\u00e1vk\u00e1ch raket dlouh\u00e9ho doletu a syst\u00e9m\u016f protivzdu\u0161n\u00e9 obrany.<\/p>\n<p><img decoding=\"async\" loading=\"lazy\" class=\"alignnone size-full wp-image-1185\" src=\"http:\/\/www.infokuryr.cz\/n\/wp-content\/uploads\/2021\/04\/kuryr-podpis.png\" alt=\"\" width=\"84\" height=\"24\" \/><\/p>\n<p>&nbsp;<\/p>\n<p><img decoding=\"async\" loading=\"lazy\" class=\"aligncenter\" src=\"https:\/\/ci6.googleusercontent.com\/proxy\/CTffm4ip8Ggoq-8oAsd46Wap_zubDcBtykh5Fw15pLiZq2exICJ5JL4qRc4eYWWcqganeNwOF-hSj8EvZWnTZLmULP5DvnSmllZZs-oaLyVog-zdC-SFHUtyUg=s0-d-e1-ft#https:\/\/storage.googleapis.com\/iradovan39489\/banner%201280x720%20CPV.png\" alt=\"\u010cesko proti b\u00edd\u011b\" width=\"1162\" height=\"654\" \/><\/p>\n<p>&nbsp;<\/p>\n<table style=\"width: 100%;\" role=\"presentation\" border=\"0\" width=\"100%\" cellspacing=\"0\" cellpadding=\"0\">\n<tbody>\n<tr>\n<td style=\"width: 100%; text-align: center;\" align=\"left\">\n<div>\n<p><span style=\"font-size: 18pt;\"><strong>Nem\u016f\u017eete b\u00fdt s n\u00e1mi osobn\u011b na V\u00e1clavsk\u00e9m\u00a0n\u00e1m\u011bst\u00ed?<\/strong><\/span><\/p>\n<p><span style=\"font-size: 18pt;\"><strong>Sledujte p\u0159\u00edm\u00fd p\u0159enos. Za\u010d\u00edn\u00e1me ve 14\u00a0hodin.<\/strong><\/span><\/p>\n<\/div>\n<\/td>\n<\/tr>\n<tr>\n<td style=\"width: 100%; text-align: center;\" align=\"left\">\n<div>\n<p><span style=\"font-size: 18pt;\">Dne 16. 9. 2023 se pomoc\u00ed n\u00ed\u017ee uveden\u00fdch tla\u010d\u00edtek dostanete na \u017eiv\u00e9 vys\u00edl\u00e1n\u00ed.<\/span><\/p>\n<\/div>\n<\/td>\n<\/tr>\n<tr>\n<td style=\"width: 100%;\" align=\"center\">\n<table role=\"presentation\" border=\"0\" cellspacing=\"0\" cellpadding=\"0\">\n<tbody>\n<tr>\n<td role=\"presentation\" align=\"center\" valign=\"middle\" bgcolor=\"#2e97b1\"><span style=\"color: #ffff00;\"><strong><span style=\"font-size: 18pt;\"><a style=\"color: #ffff00;\" href=\"https:\/\/www.youtube.com\/watch?v=o7-sqJXCxRM\" target=\"_blank\" rel=\"noopener\" data-saferedirecturl=\"https:\/\/www.google.com\/url?q=https:\/\/www.youtube.com\/watch?v%3Do7-sqJXCxRM&amp;source=gmail&amp;ust=1694862332494000&amp;usg=AOvVaw0mSrUjy0n8c3nCUhkcSNUg\">\u017dIV\u00dd P\u0158ENOS YOUTUBE<br \/>\n<\/a><\/span><\/strong><\/span><\/td>\n<\/tr>\n<\/tbody>\n<\/table>\n<\/td>\n<\/tr>\n<tr>\n<td style=\"width: 100%;\" align=\"center\">\n<table role=\"presentation\" border=\"0\" cellspacing=\"0\" cellpadding=\"0\">\n<tbody>\n<tr>\n<td role=\"presentation\" align=\"center\" valign=\"middle\" bgcolor=\"#2e97b1\"><span style=\"color: #ffff00;\"><strong><span style=\"font-size: 18pt;\"><a style=\"color: #ffff00;\" href=\"https:\/\/www.facebook.com\/stranaPRO\" target=\"_blank\" rel=\"noopener\" data-saferedirecturl=\"https:\/\/www.google.com\/url?q=https:\/\/www.facebook.com\/stranaPRO&amp;source=gmail&amp;ust=1694862332494000&amp;usg=AOvVaw3Uy2Jr0RTRSe3pE63PxnH0\">\u017dIV\u00dd P\u0158ENOS FACEBOOK<br \/>\n<\/a><\/span><\/strong><\/span><\/td>\n<\/tr>\n<\/tbody>\n<\/table>\n<\/td>\n<\/tr>\n<\/tbody>\n<\/table>\n<p>&nbsp;<\/p>\n<p>&nbsp;<\/p>\n<p><a href=\"https:\/\/stranapro.cz\/\"><img decoding=\"async\" loading=\"lazy\" class=\"wp-image-30218 aligncenter\" src=\"http:\/\/www.infokuryr.cz\/n\/wp-content\/uploads\/2023\/06\/PRO-banner-300x36.png\" alt=\"\" width=\"1367\" height=\"164\" srcset=\"https:\/\/www.infokuryr.cz\/n\/wp-content\/uploads\/2023\/06\/PRO-banner-300x36.png 300w, https:\/\/www.infokuryr.cz\/n\/wp-content\/uploads\/2023\/06\/PRO-banner-768x93.png 768w, https:\/\/www.infokuryr.cz\/n\/wp-content\/uploads\/2023\/06\/PRO-banner.png 849w\" sizes=\"(max-width: 1367px) 100vw, 1367px\" \/><\/a><\/p>\n<p>&nbsp;<\/p>\n<p>&nbsp;<\/p>\n<p>&nbsp;<\/p>\n<p>&nbsp;<\/p>\n","protected":false},"excerpt":{"rendered":"<p>Administrativa americk\u00e9ho prezidenta Joea Bidena zva\u017euje mo\u017enost dod\u00e1vek raket dlouh\u00e9ho doletu ATACMS na Ukrajinu letos&#8230;<\/p>\n","protected":false},"author":2,"featured_media":15233,"comment_status":"closed","ping_status":"closed","sticky":false,"template":"","format":"standard","meta":[],"categories":[7],"tags":[349,26,37],"_links":{"self":[{"href":"https:\/\/www.infokuryr.cz\/n\/wp-json\/wp\/v2\/posts\/36304"}],"collection":[{"href":"https:\/\/www.infokuryr.cz\/n\/wp-json\/wp\/v2\/posts"}],"about":[{"href":"https:\/\/www.infokuryr.cz\/n\/wp-json\/wp\/v2\/types\/post"}],"author":[{"embeddable":true,"href":"https:\/\/www.infokuryr.cz\/n\/wp-json\/wp\/v2\/users\/2"}],"replies":[{"embeddable":true,"href":"https:\/\/www.infokuryr.cz\/n\/wp-json\/wp\/v2\/comments?post=36304"}],"version-history":[{"count":1,"href":"https:\/\/www.infokuryr.cz\/n\/wp-json\/wp\/v2\/posts\/36304\/revisions"}],"predecessor-version":[{"id":36305,"href":"https:\/\/www.infokuryr.cz\/n\/wp-json\/wp\/v2\/posts\/36304\/revisions\/36305"}],"wp:featuredmedia":[{"embeddable":true,"href":"https:\/\/www.infokuryr.cz\/n\/wp-json\/wp\/v2\/media\/15233"}],"wp:attachment":[{"href":"https:\/\/www.infokuryr.cz\/n\/wp-json\/wp\/v2\/media?parent=36304"}],"wp:term":[{"taxonomy":"category","embeddable":true,"href":"https:\/\/www.infokuryr.cz\/n\/wp-json\/wp\/v2\/categories?post=36304"},{"taxonomy":"post_tag","embeddable":true,"href":"https:\/\/www.infokuryr.cz\/n\/wp-json\/wp\/v2\/tags?post=36304"}],"curies":[{"name":"wp","href":"https:\/\/api.w.org\/{rel}","templated":true}]}}