{"id":36300,"date":"2023-09-16T01:15:29","date_gmt":"2023-09-15T23:15:29","guid":{"rendered":"http:\/\/www.infokuryr.cz\/n\/?p=36300"},"modified":"2023-09-15T14:29:09","modified_gmt":"2023-09-15T12:29:09","slug":"kim-cong-un-byl-pridan-na-ukrajinsky-kontroverzni-seznam-vrazd","status":"publish","type":"post","link":"https:\/\/www.infokuryr.cz\/n\/2023\/09\/16\/kim-cong-un-byl-pridan-na-ukrajinsky-kontroverzni-seznam-vrazd\/","title":{"rendered":"Kim \u010cong-un byl p\u0159id\u00e1n na ukrajinsk\u00fd kontroverzn\u00ed \u201eseznam vra\u017ed\u201c"},"content":{"rendered":"<div id=\"fb-root\"><\/div>\n<p><span style=\"font-size: 18pt;\"><strong>Severokorejsk\u00e9ho v\u016fdce ozna\u010dila notoricky zn\u00e1m\u00e1 kontroverzn\u00ed webov\u00e1 str\u00e1nka Mirotvorec za nep\u0159\u00edtele<\/strong><\/span><\/p>\n<p><span>Notoricky zn\u00e1m\u00fd web napojen\u00fd na ukrajinskou vl\u00e1du p\u0159idal severokorejsk\u00e9ho v\u016fdce Kim \u010cong-una na sv\u016fj seznam \u00fadajn\u00fdch nep\u0159\u00e1tel st\u00e1tu.\u00a0Datab\u00e1ze \u201aMirotvorets\u2018 prohl\u00e1sila Kima za\u00a0<\/span><em><span>\u201espoluvin\u00edka rusk\u00fdch v\u00e1le\u010dn\u00fdch zlo\u010dinc\u016f\u201c a<\/span><\/em><span>\u00a0dodala, \u017ee\u00a0<\/span><em><span>\u201ecivilizovan\u00e9 n\u00e1rody\u201c<\/span><\/em><span>\u00a0na n\u011bj uvalily sankce za\u00a0<\/span><em><span>\u201eporu\u0161ov\u00e1n\u00ed lidsk\u00fdch pr\u00e1v\u201c<\/span><\/em><span>\u00a0a\u00a0<\/span><em><span>\u201ejadern\u00e9 vyd\u00edr\u00e1n\u00ed\u201c.<\/span><\/em><\/p>\n<p><span>Severokorejsk\u00fd v\u016fdce byl p\u0159id\u00e1n na web za\u010d\u00e1tkem tohoto m\u011bs\u00edce pod jm\u00e9nem\u00a0<\/span><em><span>\u201eKim CHen Yn\u201c.\u00a0<\/span><\/em><span>Jedin\u00fdm zdrojem, kter\u00fd Mirotvorets (&#8222;Peacemaker&#8220;) cituje, je zpr\u00e1va CNN z listopadu 2022 obsahuj\u00edc\u00ed tvrzen\u00ed B\u00edl\u00e9ho domu, \u017ee Severn\u00ed Korea tajn\u011b dod\u00e1vala d\u011blost\u0159eleck\u00e9 gran\u00e1ty Rusku.\u00a0Pchjongjang i Moskva obvin\u011bn\u00ed odm\u00edtly.<\/span><\/p>\n<p><span>Mirotvorets zve\u0159ej\u0148uje osobn\u00ed \u00fadaje jednotlivc\u016f, kter\u00e9 anonymn\u00ed moder\u00e1to\u0159i pova\u017euj\u00ed za nep\u0159\u00e1telsk\u00e9 v\u016f\u010di Ukrajin\u011b.\u00a0Oslavuje smrt kohokoli na seznamu t\u00edm, \u017ee\u00a0na jeho fotografii \u010derven\u011b nap\u00ed\u0161e\u00a0<\/span><em><span>\u201evy\u0159azeno\u201c .\u00a0<\/span><\/em><span>Ukrajinsk\u00fd spisovatel a historik Oles Buzina a politik Oleg Kala\u0161nikov byli oba zavra\u017ed\u011bni pot\u00e9, co je Mirotvorec prohl\u00e1sil za nep\u0159\u00e1tele.<\/span><\/p>\n<p><span>Korespondent NBC News Keir Simmons, filmov\u00e1 hv\u011bzda pro dosp\u011bl\u00e9 Eva Elfie a kaza\u0161sk\u00fd prezident Kassym-Jomart Tokajev pat\u0159\u00ed k ve\u0159ejn\u00fdm osobnostem, kter\u00e9 web za\u0159adil na \u010dernou listinu za jejich \u00fadajn\u00e9 proh\u0159e\u0161ky proti Ukrajin\u011b.<\/span><\/p>\n<p><span>Kyjev\u0161t\u00ed z\u00e1padn\u00ed podporovatel\u00e9 do zna\u010dn\u00e9 m\u00edry zav\u00edrali o\u010di nad Mirotvorcem, kter\u00fd funguje od srpna 2014.<\/span><\/p>\n<p><span>Kim p\u0159ijel do Ruska na ofici\u00e1ln\u00ed st\u00e1tn\u00ed n\u00e1v\u0161t\u011bvu tento t\u00fdden a nav\u0161t\u00edvil n\u011bkolik m\u00edst na D\u00e1ln\u00e9m v\u00fdchod\u011b v zemi.\u00a0Jeho itiner\u00e1\u0159 zahrnoval jedn\u00e1n\u00ed s rusk\u00fdm prezidentem Vladimirem Putinem.\u00a0Severokorejsk\u00fd v\u016fdce zopakoval slib, \u017ee podpo\u0159\u00ed Moskvu v jej\u00edm boji proti\u00a0<\/span><em><span>\u201eimperialismu\u201c.<\/span><\/em><\/p>\n<p><img decoding=\"async\" loading=\"lazy\" class=\"alignnone size-full wp-image-1185\" src=\"http:\/\/www.infokuryr.cz\/n\/wp-content\/uploads\/2021\/04\/kuryr-podpis.png\" alt=\"\" width=\"84\" height=\"24\" \/><\/p>\n<p>&nbsp;<\/p>\n<p><img decoding=\"async\" loading=\"lazy\" class=\"aligncenter\" src=\"https:\/\/ci6.googleusercontent.com\/proxy\/CTffm4ip8Ggoq-8oAsd46Wap_zubDcBtykh5Fw15pLiZq2exICJ5JL4qRc4eYWWcqganeNwOF-hSj8EvZWnTZLmULP5DvnSmllZZs-oaLyVog-zdC-SFHUtyUg=s0-d-e1-ft#https:\/\/storage.googleapis.com\/iradovan39489\/banner%201280x720%20CPV.png\" alt=\"\u010cesko proti b\u00edd\u011b\" width=\"1066\" height=\"600\" \/><\/p>\n<table role=\"presentation\" border=\"0\" width=\"100%\" cellspacing=\"0\" cellpadding=\"0\">\n<tbody>\n<tr>\n<td style=\"text-align: center;\" align=\"left\">\n<div>\n<p><span style=\"font-size: 18pt;\"><strong>Nem\u016f\u017eete b\u00fdt s n\u00e1mi osobn\u011b na V\u00e1clavsk\u00e9m\u00a0n\u00e1m\u011bst\u00ed?<\/strong><\/span><\/p>\n<p><span style=\"font-size: 18pt;\"><strong>Sledujte p\u0159\u00edm\u00fd p\u0159enos. Za\u010d\u00edn\u00e1me ve 14\u00a0hodin.<\/strong><\/span><\/p>\n<\/div>\n<\/td>\n<\/tr>\n<tr>\n<td style=\"text-align: center;\" align=\"left\">\n<div>\n<p><span style=\"font-size: 18pt;\">Dne 16. 9. 2023 se pomoc\u00ed n\u00ed\u017ee uveden\u00fdch tla\u010d\u00edtek dostanete na \u017eiv\u00e9 vys\u00edl\u00e1n\u00ed.<\/span><\/p>\n<\/div>\n<\/td>\n<\/tr>\n<tr>\n<td align=\"center\">\n<table role=\"presentation\" border=\"0\" cellspacing=\"0\" cellpadding=\"0\">\n<tbody>\n<tr>\n<td role=\"presentation\" align=\"center\" valign=\"middle\" bgcolor=\"#2e97b1\"><span style=\"font-size: 18pt; color: #ffff00;\"><strong><a style=\"color: #ffff00;\" href=\"https:\/\/www.youtube.com\/watch?v=o7-sqJXCxRM\" target=\"_blank\" rel=\"noopener\" data-saferedirecturl=\"https:\/\/www.google.com\/url?q=https:\/\/www.youtube.com\/watch?v%3Do7-sqJXCxRM&amp;source=gmail&amp;ust=1694862332494000&amp;usg=AOvVaw0mSrUjy0n8c3nCUhkcSNUg\">\u017dIV\u00dd P\u0158ENOS YOUTUBE<br \/>\n<\/a><\/strong><\/span><\/td>\n<\/tr>\n<\/tbody>\n<\/table>\n<\/td>\n<\/tr>\n<tr>\n<td align=\"center\">\n<table role=\"presentation\" border=\"0\" cellspacing=\"0\" cellpadding=\"0\">\n<tbody>\n<tr>\n<td role=\"presentation\" align=\"center\" valign=\"middle\" bgcolor=\"#2e97b1\"><span style=\"font-size: 18pt; color: #ffff00;\"><strong><a style=\"color: #ffff00;\" href=\"https:\/\/www.facebook.com\/stranaPRO\" target=\"_blank\" rel=\"noopener\" data-saferedirecturl=\"https:\/\/www.google.com\/url?q=https:\/\/www.facebook.com\/stranaPRO&amp;source=gmail&amp;ust=1694862332494000&amp;usg=AOvVaw3Uy2Jr0RTRSe3pE63PxnH0\">\u017dIV\u00dd P\u0158ENOS FACEBOOK<br \/>\n<\/a><\/strong><\/span><\/td>\n<\/tr>\n<\/tbody>\n<\/table>\n<\/td>\n<\/tr>\n<\/tbody>\n<\/table>\n<p>&nbsp;<\/p>\n<p><a href=\"https:\/\/stranapro.cz\/\"><img decoding=\"async\" loading=\"lazy\" class=\"wp-image-30218 aligncenter\" src=\"http:\/\/www.infokuryr.cz\/n\/wp-content\/uploads\/2023\/06\/PRO-banner-300x36.png\" alt=\"\" width=\"1367\" height=\"164\" srcset=\"https:\/\/www.infokuryr.cz\/n\/wp-content\/uploads\/2023\/06\/PRO-banner-300x36.png 300w, https:\/\/www.infokuryr.cz\/n\/wp-content\/uploads\/2023\/06\/PRO-banner-768x93.png 768w, https:\/\/www.infokuryr.cz\/n\/wp-content\/uploads\/2023\/06\/PRO-banner.png 849w\" sizes=\"(max-width: 1367px) 100vw, 1367px\" \/><\/a><\/p>\n<p>&nbsp;<\/p>\n<p>&nbsp;<\/p>\n<p>&nbsp;<\/p>\n","protected":false},"excerpt":{"rendered":"<p>Severokorejsk\u00e9ho v\u016fdce ozna\u010dila notoricky zn\u00e1m\u00e1 kontroverzn\u00ed webov\u00e1 str\u00e1nka Mirotvorec za nep\u0159\u00edtele Notoricky zn\u00e1m\u00fd web napojen\u00fd&#8230;<\/p>\n","protected":false},"author":2,"featured_media":36301,"comment_status":"closed","ping_status":"closed","sticky":false,"template":"","format":"standard","meta":[],"categories":[7],"tags":[1644,3159,26],"_links":{"self":[{"href":"https:\/\/www.infokuryr.cz\/n\/wp-json\/wp\/v2\/posts\/36300"}],"collection":[{"href":"https:\/\/www.infokuryr.cz\/n\/wp-json\/wp\/v2\/posts"}],"about":[{"href":"https:\/\/www.infokuryr.cz\/n\/wp-json\/wp\/v2\/types\/post"}],"author":[{"embeddable":true,"href":"https:\/\/www.infokuryr.cz\/n\/wp-json\/wp\/v2\/users\/2"}],"replies":[{"embeddable":true,"href":"https:\/\/www.infokuryr.cz\/n\/wp-json\/wp\/v2\/comments?post=36300"}],"version-history":[{"count":1,"href":"https:\/\/www.infokuryr.cz\/n\/wp-json\/wp\/v2\/posts\/36300\/revisions"}],"predecessor-version":[{"id":36302,"href":"https:\/\/www.infokuryr.cz\/n\/wp-json\/wp\/v2\/posts\/36300\/revisions\/36302"}],"wp:featuredmedia":[{"embeddable":true,"href":"https:\/\/www.infokuryr.cz\/n\/wp-json\/wp\/v2\/media\/36301"}],"wp:attachment":[{"href":"https:\/\/www.infokuryr.cz\/n\/wp-json\/wp\/v2\/media?parent=36300"}],"wp:term":[{"taxonomy":"category","embeddable":true,"href":"https:\/\/www.infokuryr.cz\/n\/wp-json\/wp\/v2\/categories?post=36300"},{"taxonomy":"post_tag","embeddable":true,"href":"https:\/\/www.infokuryr.cz\/n\/wp-json\/wp\/v2\/tags?post=36300"}],"curies":[{"name":"wp","href":"https:\/\/api.w.org\/{rel}","templated":true}]}}