{"id":36297,"date":"2023-09-16T01:14:49","date_gmt":"2023-09-15T23:14:49","guid":{"rendered":"http:\/\/www.infokuryr.cz\/n\/?p=36297"},"modified":"2023-09-15T14:20:22","modified_gmt":"2023-09-15T12:20:22","slug":"oznamena-nova-obvineni-proti-ex-zelenskemu-sponzorovi","status":"publish","type":"post","link":"https:\/\/www.infokuryr.cz\/n\/2023\/09\/16\/oznamena-nova-obvineni-proti-ex-zelenskemu-sponzorovi\/","title":{"rendered":"Ozn\u00e1mena nov\u00e1 obvin\u011bn\u00ed proti ex-Zelensk\u00e9mu sponzorovi"},"content":{"rendered":"<div id=\"fb-root\"><\/div>\n<p><span style=\"font-size: 18pt;\"><strong>Igor Kolomoysky byl obvin\u011bn z podvodu PrivatBank p\u0159ed jej\u00edm zn\u00e1rodn\u011bn\u00edm<\/strong><\/span><\/p>\n<div class=\"article__text text \">\n<p><span>Ukrajinsk\u00e1 st\u00e1tn\u00ed bezpe\u010dnostn\u00ed slu\u017eba SBU ozn\u00e1mila nov\u00e1 obvin\u011bn\u00ed proti podnikateli Igoru Kolomojsk\u00e9mu, kter\u00fd byl zat\u010den za\u010d\u00e1tkem tohoto m\u011bs\u00edce.<\/span><\/p>\n<p><span>\u0160edes\u00e1tilet\u00fd mu\u017e je obvin\u011bn z podvodu s platebn\u00edmi doklady, zneu\u017eit\u00ed pravomoci k nez\u00e1konn\u00e9mu p\u0159ivlastn\u011bn\u00ed majetku a pran\u00ed \u0161pinav\u00fdch pen\u011bz, uvedla ve \u010dtvrtek agentura.\u00a0K \u00fadajn\u00fdm zlo\u010din\u016fm do\u0161lo v letech 2013 a\u017e 2014 a Kolomojskij podle n\u00ed ukradl zhruba 700 milion\u016f dolar\u016f.<\/span><\/p>\n<p><span>SBU \u0159\u00edk\u00e1, \u017ee tyto akce byly pou\u017eity k vykrv\u00e1cen\u00ed Kolomoysk\u00e9ho PrivatBank, p\u0159edn\u00ed finan\u010dn\u00ed instituce na Ukrajin\u011b.\u00a0To bylo zn\u00e1rodn\u011bno v roce 2016 uprost\u0159ed pokus\u016f Kyjeva o reformu finan\u010dn\u00edho sektoru pod veden\u00edm Mezin\u00e1rodn\u00edho m\u011bnov\u00e9ho fondu.<\/span><\/p>\n<p><span>Bezpe\u010dnostn\u00ed agentura tvrd\u00ed, \u017ee Kolomojskij vyu\u017eil sv\u00e9ho postaven\u00ed akcion\u00e1\u0159e k vytvo\u0159en\u00ed zfal\u0161ovan\u00fdch z\u00e1znam\u016f o hotovostn\u00edch vkladech v bance.\u00a0Virtu\u00e1ln\u00ed aktiva pozd\u011bji pou\u017eil k \u00fahrad\u011b sv\u00fdch komer\u010dn\u00edch n\u00e1klad\u016f, \u010d\u00edm\u017e PrivatBank zp\u016fsobil ztr\u00e1tu.<\/span><\/p>\n<p><span>Kolomojskij je v sou\u010dasn\u00e9 dob\u011b dr\u017een ve vy\u0161et\u0159ovac\u00ed vazb\u011b pot\u00e9, co ho ukrajinsk\u00e9 \u00fa\u0159ady obvinily z \u0159ady finan\u010dn\u00edch trestn\u00fdch \u010din\u016f.<\/span><\/p>\n<p><span>P\u0159edpokl\u00e1d\u00e1 se, \u017ee podnikatel sehr\u00e1l kl\u00ed\u010dovou roli v n\u00e1stupu Vladim\u00edra Zelensk\u00e9ho k moci.\u00a0Komedi\u00e1ln\u00ed show \u00fa\u0159aduj\u00edc\u00edho prezidenta odvys\u00edlal Kolomojskim kontrolovan\u00fd medi\u00e1ln\u00ed holding.\u00a0Miliard\u00e1\u0159 p\u0159iznal, \u017ee cht\u011bl, aby Zelenskyj vyhr\u00e1l volby v roce 2019, ale pop\u0159el, \u017ee by s n\u00edm m\u011bl \u00fazk\u00e9 vazby.<\/span><\/p>\n<p><img decoding=\"async\" loading=\"lazy\" class=\"alignnone size-full wp-image-1185\" src=\"http:\/\/www.infokuryr.cz\/n\/wp-content\/uploads\/2021\/04\/kuryr-podpis.png\" alt=\"\" width=\"84\" height=\"24\" \/><\/p>\n<\/div>\n<p>&nbsp;<\/p>\n<p><img decoding=\"async\" loading=\"lazy\" class=\"aligncenter\" src=\"https:\/\/ci6.googleusercontent.com\/proxy\/CTffm4ip8Ggoq-8oAsd46Wap_zubDcBtykh5Fw15pLiZq2exICJ5JL4qRc4eYWWcqganeNwOF-hSj8EvZWnTZLmULP5DvnSmllZZs-oaLyVog-zdC-SFHUtyUg=s0-d-e1-ft#https:\/\/storage.googleapis.com\/iradovan39489\/banner%201280x720%20CPV.png\" alt=\"\u010cesko proti b\u00edd\u011b\" width=\"1041\" height=\"586\" \/><\/p>\n<div class=\"article__share article__share_bottom\">\n<table style=\"width: 100%;\" role=\"presentation\" border=\"0\" width=\"100%\" cellspacing=\"0\" cellpadding=\"0\">\n<tbody>\n<tr>\n<td style=\"text-align: center; width: 100%;\" align=\"left\">\n<div>\n<p><span style=\"font-size: 18pt;\"><strong>Nem\u016f\u017eete b\u00fdt s n\u00e1mi osobn\u011b na V\u00e1clavsk\u00e9m\u00a0n\u00e1m\u011bst\u00ed?<\/strong><\/span><\/p>\n<p><span style=\"font-size: 18pt;\"><strong>Sledujte p\u0159\u00edm\u00fd p\u0159enos. Za\u010d\u00edn\u00e1me ve 14\u00a0hodin.<\/strong><\/span><\/p>\n<\/div>\n<\/td>\n<\/tr>\n<tr>\n<td style=\"text-align: center; width: 100%;\" align=\"left\">\n<div>\n<p><span style=\"font-size: 18pt;\">Dne 16. 9. 2023 se pomoc\u00ed n\u00ed\u017ee uveden\u00fdch tla\u010d\u00edtek dostanete na \u017eiv\u00e9 vys\u00edl\u00e1n\u00ed.<\/span><\/p>\n<\/div>\n<\/td>\n<\/tr>\n<tr>\n<td style=\"width: 100%;\" align=\"center\">\n<table role=\"presentation\" border=\"0\" cellspacing=\"0\" cellpadding=\"0\">\n<tbody>\n<tr>\n<td role=\"presentation\" align=\"center\" valign=\"middle\" bgcolor=\"#2e97b1\"><span style=\"color: #ff0000;\"><strong><span style=\"font-size: 18pt;\"><a style=\"color: #ff0000;\" href=\"https:\/\/www.youtube.com\/watch?v=o7-sqJXCxRM\" target=\"_blank\" rel=\"noopener\" data-saferedirecturl=\"https:\/\/www.google.com\/url?q=https:\/\/www.youtube.com\/watch?v%3Do7-sqJXCxRM&amp;source=gmail&amp;ust=1694862332494000&amp;usg=AOvVaw0mSrUjy0n8c3nCUhkcSNUg\">\u017dIV\u00dd P\u0158ENOS YOUTUBE<br \/>\n<\/a><\/span><\/strong><\/span><\/td>\n<\/tr>\n<\/tbody>\n<\/table>\n<\/td>\n<\/tr>\n<tr>\n<td style=\"width: 100%;\" align=\"center\">\n<table role=\"presentation\" border=\"0\" cellspacing=\"0\" cellpadding=\"0\">\n<tbody>\n<tr>\n<td role=\"presentation\" align=\"center\" valign=\"middle\" bgcolor=\"#2e97b1\"><span style=\"color: #ff0000;\"><strong><span style=\"font-size: 18pt;\"><a style=\"color: #ff0000;\" href=\"https:\/\/www.facebook.com\/stranaPRO\" target=\"_blank\" rel=\"noopener\" data-saferedirecturl=\"https:\/\/www.google.com\/url?q=https:\/\/www.facebook.com\/stranaPRO&amp;source=gmail&amp;ust=1694862332494000&amp;usg=AOvVaw3Uy2Jr0RTRSe3pE63PxnH0\">\u017dIV\u00dd P\u0158ENOS FACEBOOK<br \/>\n<\/a><\/span><\/strong><\/span><\/td>\n<\/tr>\n<\/tbody>\n<\/table>\n<\/td>\n<\/tr>\n<\/tbody>\n<\/table>\n<\/div>\n<p>&nbsp;<\/p>\n<p><a href=\"https:\/\/stranapro.cz\/\"><img decoding=\"async\" loading=\"lazy\" class=\"wp-image-30218 aligncenter\" src=\"http:\/\/www.infokuryr.cz\/n\/wp-content\/uploads\/2023\/06\/PRO-banner-300x36.png\" alt=\"\" width=\"1367\" height=\"164\" srcset=\"https:\/\/www.infokuryr.cz\/n\/wp-content\/uploads\/2023\/06\/PRO-banner-300x36.png 300w, https:\/\/www.infokuryr.cz\/n\/wp-content\/uploads\/2023\/06\/PRO-banner-768x93.png 768w, https:\/\/www.infokuryr.cz\/n\/wp-content\/uploads\/2023\/06\/PRO-banner.png 849w\" sizes=\"(max-width: 1367px) 100vw, 1367px\" \/><\/a><\/p>\n<p>&nbsp;<\/p>\n<p>&nbsp;<\/p>\n<p>&nbsp;<\/p>\n","protected":false},"excerpt":{"rendered":"<p>Igor Kolomoysky byl obvin\u011bn z podvodu PrivatBank p\u0159ed jej\u00edm zn\u00e1rodn\u011bn\u00edm Ukrajinsk\u00e1 st\u00e1tn\u00ed bezpe\u010dnostn\u00ed slu\u017eba SBU&#8230;<\/p>\n","protected":false},"author":2,"featured_media":36298,"comment_status":"closed","ping_status":"closed","sticky":false,"template":"","format":"standard","meta":[],"categories":[7],"tags":[2885,207,1226,2014,26],"_links":{"self":[{"href":"https:\/\/www.infokuryr.cz\/n\/wp-json\/wp\/v2\/posts\/36297"}],"collection":[{"href":"https:\/\/www.infokuryr.cz\/n\/wp-json\/wp\/v2\/posts"}],"about":[{"href":"https:\/\/www.infokuryr.cz\/n\/wp-json\/wp\/v2\/types\/post"}],"author":[{"embeddable":true,"href":"https:\/\/www.infokuryr.cz\/n\/wp-json\/wp\/v2\/users\/2"}],"replies":[{"embeddable":true,"href":"https:\/\/www.infokuryr.cz\/n\/wp-json\/wp\/v2\/comments?post=36297"}],"version-history":[{"count":1,"href":"https:\/\/www.infokuryr.cz\/n\/wp-json\/wp\/v2\/posts\/36297\/revisions"}],"predecessor-version":[{"id":36299,"href":"https:\/\/www.infokuryr.cz\/n\/wp-json\/wp\/v2\/posts\/36297\/revisions\/36299"}],"wp:featuredmedia":[{"embeddable":true,"href":"https:\/\/www.infokuryr.cz\/n\/wp-json\/wp\/v2\/media\/36298"}],"wp:attachment":[{"href":"https:\/\/www.infokuryr.cz\/n\/wp-json\/wp\/v2\/media?parent=36297"}],"wp:term":[{"taxonomy":"category","embeddable":true,"href":"https:\/\/www.infokuryr.cz\/n\/wp-json\/wp\/v2\/categories?post=36297"},{"taxonomy":"post_tag","embeddable":true,"href":"https:\/\/www.infokuryr.cz\/n\/wp-json\/wp\/v2\/tags?post=36297"}],"curies":[{"name":"wp","href":"https:\/\/api.w.org\/{rel}","templated":true}]}}