{"id":36290,"date":"2023-09-16T01:12:41","date_gmt":"2023-09-15T23:12:41","guid":{"rendered":"http:\/\/www.infokuryr.cz\/n\/?p=36290"},"modified":"2023-09-15T14:10:38","modified_gmt":"2023-09-15T12:10:38","slug":"kim-cong-un-navstivil-ruske-letecke-zavody","status":"publish","type":"post","link":"https:\/\/www.infokuryr.cz\/n\/2023\/09\/16\/kim-cong-un-navstivil-ruske-letecke-zavody\/","title":{"rendered":"Kim \u010cong-un nav\u0161t\u00edvil rusk\u00e9 leteck\u00e9 z\u00e1vody"},"content":{"rendered":"<div id=\"fb-root\"><\/div>\n<p><span style=\"font-size: 18pt;\"><strong>Severokorejsk\u00fd v\u016fdce si prohl\u00e9dl v\u00fdrobn\u00ed linky a pozoroval uk\u00e1zkov\u00fd let st\u00edha\u010dky Su-35<\/strong><\/span><\/p>\n<p>Severokorejsk\u00fd v\u016fdce Kim \u010cong-un nav\u0161t\u00edvil leteck\u00e9 z\u00e1vody ve m\u011bst\u011b Komsomolsk na Amuru na rusk\u00e9m D\u00e1ln\u00e9m v\u00fdchod\u011b spolu s rusk\u00fdm ministrem obchodu a pr\u016fmyslu Denisem Manturovem, ozn\u00e1mila vl\u00e1da v Moskv\u011b.<\/p>\n<p>Kim\u016fv obrn\u011bn\u00fd vlak, kter\u00fd pou\u017eil p\u0159i sv\u00e9 cest\u011b do Ruska, dorazil do Komsomolsku na Amuru v zemi Chabarovsk v p\u00e1tek brzy r\u00e1no.<\/p>\n<p>Prvn\u00edm c\u00edlem v\u016fdce byl leteck\u00fd z\u00e1vod pojmenovan\u00fd po sov\u011btsk\u00e9m kosmonautovi Juriji Gagarinovi (KnAAZ), kde podle rusk\u00e9ho ministerstva pr\u016fmyslu a obchodu prov\u011b\u0159il v\u00fdrobn\u00ed linky a fin\u00e1ln\u00ed mont\u00e1\u017en\u00ed d\u00edlnu pro proudov\u00e9 letouny Su-35 a Su-57.<\/p>\n<p>Na konstruk\u010dn\u00edm odd\u011blen\u00ed z\u00e1vodu mu uk\u00e1zali digit\u00e1ln\u00ed technologie pou\u017e\u00edvan\u00e9 k vytv\u00e1\u0159en\u00ed nejmodern\u011bj\u0161\u00edch letadel.<\/p>\n<p>Kim tak\u00e9 zkoumal oblasti KnAAZ, kde se vyr\u00e1b\u011bj\u00ed trupov\u00e9 prostory a sestavy k\u0159\u00eddel pro Suchoj Superjet 100 (SSJ-100), civiln\u00ed region\u00e1ln\u00ed proudov\u00e9 letadlo zcela vybaven\u00e9 sou\u010d\u00e1stmi rusk\u00e9 v\u00fdroby jako sou\u010d\u00e1st programu n\u00e1hrady dovozu, kter\u00fd byl v zemi zaveden v reakci na to. k z\u00e1padn\u00edm sankc\u00edm kv\u016fli konfliktu na Ukrajin\u011b.<\/p>\n<p>Lo\u010f uskute\u010dnila sv\u016fj prvn\u00ed \u00fasp\u011b\u0161n\u00fd zku\u0161ebn\u00ed let v Komsomolsku na Amuru koncem srpna.<\/p>\n<div style=\"width: 640px;\" class=\"wp-video\"><!--[if lt IE 9]><script>document.createElement('video');<\/script><![endif]-->\n<video class=\"wp-video-shortcode\" id=\"video-36290-1\" width=\"640\" height=\"360\" preload=\"metadata\" controls=\"controls\"><source type=\"video\/mp4\" src=\"http:\/\/www.infokuryr.cz\/n\/wp-content\/uploads\/2023\/09\/kim-let.mp4?_=1\" \/><a href=\"http:\/\/www.infokuryr.cz\/n\/wp-content\/uploads\/2023\/09\/kim-let.mp4\">http:\/\/www.infokuryr.cz\/n\/wp-content\/uploads\/2023\/09\/kim-let.mp4<\/a><\/video><\/div>\n<p>&nbsp;<\/p>\n<p>Kim se pot\u00e9 p\u0159est\u011bhoval do za\u0159\u00edzen\u00ed Yakovlev Design Bureau ve m\u011bst\u011b, kde se nach\u00e1z\u00ed fin\u00e1ln\u00ed mont\u00e1\u017en\u00ed d\u00edlna pro letadla SSJ-100.\u00a0Tam vid\u011bl prvn\u00ed pln\u011b dom\u00e1c\u00ed superjety, kter\u00e9 budou brzy dod\u00e1ny rusk\u00fdm leteck\u00fdm dopravc\u016fm.<\/p>\n<p>&nbsp;<\/p>\n<div class=\"read-more large\" data-has-alias=\"\"><img decoding=\"async\" loading=\"lazy\" class=\"aligncenter\" src=\"https:\/\/ci6.googleusercontent.com\/proxy\/CTffm4ip8Ggoq-8oAsd46Wap_zubDcBtykh5Fw15pLiZq2exICJ5JL4qRc4eYWWcqganeNwOF-hSj8EvZWnTZLmULP5DvnSmllZZs-oaLyVog-zdC-SFHUtyUg=s0-d-e1-ft#https:\/\/storage.googleapis.com\/iradovan39489\/banner%201280x720%20CPV.png\" alt=\"\u010cesko proti b\u00edd\u011b\" width=\"1121\" height=\"631\" \/><\/div>\n<table role=\"presentation\" border=\"0\" width=\"100%\" cellspacing=\"0\" cellpadding=\"0\">\n<tbody>\n<tr>\n<td style=\"text-align: center;\" align=\"left\">\n<div>\n<p><span style=\"font-size: 18pt;\"><strong>Nem\u016f\u017eete b\u00fdt s n\u00e1mi osobn\u011b na V\u00e1clavsk\u00e9m\u00a0n\u00e1m\u011bst\u00ed?<\/strong><\/span><\/p>\n<p><span style=\"font-size: 18pt;\"><strong>Sledujte p\u0159\u00edm\u00fd p\u0159enos. Za\u010d\u00edn\u00e1me ve 14\u00a0hodin.<\/strong><\/span><\/p>\n<\/div>\n<\/td>\n<\/tr>\n<tr>\n<td style=\"text-align: center;\" align=\"left\">\n<div>\n<p><span style=\"font-size: 18pt;\">Dne 16. 9. 2023 se pomoc\u00ed n\u00ed\u017ee uveden\u00fdch tla\u010d\u00edtek dostanete na \u017eiv\u00e9 vys\u00edl\u00e1n\u00ed.<\/span><\/p>\n<\/div>\n<\/td>\n<\/tr>\n<tr>\n<td align=\"center\">\n<table role=\"presentation\" border=\"0\" cellspacing=\"0\" cellpadding=\"0\">\n<tbody>\n<tr>\n<td role=\"presentation\" align=\"center\" valign=\"middle\" bgcolor=\"#2e97b1\"><strong><span style=\"font-size: 18pt; color: #ff0000;\"><a style=\"color: #ff0000;\" href=\"https:\/\/www.youtube.com\/watch?v=o7-sqJXCxRM\" target=\"_blank\" rel=\"noopener\" data-saferedirecturl=\"https:\/\/www.google.com\/url?q=https:\/\/www.youtube.com\/watch?v%3Do7-sqJXCxRM&amp;source=gmail&amp;ust=1694862332494000&amp;usg=AOvVaw0mSrUjy0n8c3nCUhkcSNUg\">\u017dIV\u00dd P\u0158ENOS YOUTUBE<br \/>\n<\/a><\/span><\/strong><\/td>\n<\/tr>\n<\/tbody>\n<\/table>\n<\/td>\n<\/tr>\n<tr>\n<td align=\"center\">\n<table role=\"presentation\" border=\"0\" cellspacing=\"0\" cellpadding=\"0\">\n<tbody>\n<tr>\n<td role=\"presentation\" align=\"center\" valign=\"middle\" bgcolor=\"#2e97b1\"><strong><span style=\"font-size: 18pt; color: #ff0000;\"><a style=\"color: #ff0000;\" href=\"https:\/\/www.facebook.com\/stranaPRO\" target=\"_blank\" rel=\"noopener\" data-saferedirecturl=\"https:\/\/www.google.com\/url?q=https:\/\/www.facebook.com\/stranaPRO&amp;source=gmail&amp;ust=1694862332494000&amp;usg=AOvVaw3Uy2Jr0RTRSe3pE63PxnH0\">\u017dIV\u00dd P\u0158ENOS FACEBOOK<br \/>\n<\/a><\/span><\/strong><\/td>\n<\/tr>\n<\/tbody>\n<\/table>\n<\/td>\n<\/tr>\n<\/tbody>\n<\/table>\n<p>Manturov \u0159ekl, \u017ee vid\u00ed potenci\u00e1ln\u00ed spolupr\u00e1ci mezi Ruskem a Severn\u00ed Koreou ve v\u00fdrob\u011b letadel a dal\u0161\u00edch oblastech.\u00a0Takov\u00e1 spole\u010dn\u00e1 pr\u00e1ce je\u00a0<em>\u201eobzvl\u00e1\u0161t\u011b d\u016fle\u017eit\u00e1 pro dosa\u017een\u00ed c\u00edle technologick\u00e9 suverenity, o kter\u00fd na\u0161e zem\u011b usiluj\u00ed,\u201c<\/em>\u00a0zd\u016fraznil.<\/p>\n<p>Program severokorejsk\u00e9ho v\u016fdce v Komsomolsku na Amuru s n\u00edm uzav\u0159el pozorov\u00e1n\u00ed zku\u0161ebn\u00edho letu st\u00edha\u010dky Su-35.\u00a0O\u010dek\u00e1v\u00e1 se, \u017ee jako dal\u0161\u00ed poputuje do Vladivostoku, nejv\u011bt\u0161\u00edho m\u011bsta rusk\u00e9ho D\u00e1ln\u00e9ho v\u00fdchodu.<\/p>\n<p>Kim dorazil do Ruska vlakem v \u00fater\u00fd, co\u017e je jeho prvn\u00ed n\u00e1v\u0161t\u011bva od roku 2019. N\u00e1sleduj\u00edc\u00ed den absolvoval s rusk\u00fdm prezidentem Vladimirem Putinem kolo rozhovor\u016f na kosmodromu Vosto\u010dnyj v Amursk\u00e9 oblasti.<\/p>\n<p>B\u011bhem setk\u00e1n\u00ed severokorejsk\u00fd v\u016fdce \u0159ekl, \u017ee jeho zem\u011b\u00a0<em>\u201ebude v\u017edy st\u00e1t spole\u010dn\u011b [s Ruskem] proti imperialismu.\u00a0<\/em>Pozval tak\u00e9 Putina na n\u00e1v\u0161t\u011bvu Pchjongjangu, co\u017e rusk\u00fd v\u016fdce p\u0159ijal.<\/p>\n<p><img decoding=\"async\" loading=\"lazy\" class=\"alignnone size-full wp-image-1185\" src=\"http:\/\/www.infokuryr.cz\/n\/wp-content\/uploads\/2021\/04\/kuryr-podpis.png\" alt=\"\" width=\"84\" height=\"24\" \/><\/p>\n<p>&nbsp;<\/p>\n<p><a href=\"https:\/\/stranapro.cz\/\"><img decoding=\"async\" loading=\"lazy\" class=\"wp-image-30218 aligncenter\" src=\"http:\/\/www.infokuryr.cz\/n\/wp-content\/uploads\/2023\/06\/PRO-banner-300x36.png\" alt=\"\" width=\"1367\" height=\"164\" srcset=\"https:\/\/www.infokuryr.cz\/n\/wp-content\/uploads\/2023\/06\/PRO-banner-300x36.png 300w, https:\/\/www.infokuryr.cz\/n\/wp-content\/uploads\/2023\/06\/PRO-banner-768x93.png 768w, https:\/\/www.infokuryr.cz\/n\/wp-content\/uploads\/2023\/06\/PRO-banner.png 849w\" sizes=\"(max-width: 1367px) 100vw, 1367px\" \/><\/a><\/p>\n<p>&nbsp;<\/p>\n<p>&nbsp;<\/p>\n<p>&nbsp;<\/p>\n","protected":false},"excerpt":{"rendered":"<p>Severokorejsk\u00fd v\u016fdce si prohl\u00e9dl v\u00fdrobn\u00ed linky a pozoroval uk\u00e1zkov\u00fd let st\u00edha\u010dky Su-35 Severokorejsk\u00fd v\u016fdce Kim&#8230;<\/p>\n","protected":false},"author":2,"featured_media":36292,"comment_status":"closed","ping_status":"closed","sticky":false,"template":"","format":"standard","meta":[],"categories":[7],"tags":[1644,457,22],"_links":{"self":[{"href":"https:\/\/www.infokuryr.cz\/n\/wp-json\/wp\/v2\/posts\/36290"}],"collection":[{"href":"https:\/\/www.infokuryr.cz\/n\/wp-json\/wp\/v2\/posts"}],"about":[{"href":"https:\/\/www.infokuryr.cz\/n\/wp-json\/wp\/v2\/types\/post"}],"author":[{"embeddable":true,"href":"https:\/\/www.infokuryr.cz\/n\/wp-json\/wp\/v2\/users\/2"}],"replies":[{"embeddable":true,"href":"https:\/\/www.infokuryr.cz\/n\/wp-json\/wp\/v2\/comments?post=36290"}],"version-history":[{"count":1,"href":"https:\/\/www.infokuryr.cz\/n\/wp-json\/wp\/v2\/posts\/36290\/revisions"}],"predecessor-version":[{"id":36293,"href":"https:\/\/www.infokuryr.cz\/n\/wp-json\/wp\/v2\/posts\/36290\/revisions\/36293"}],"wp:featuredmedia":[{"embeddable":true,"href":"https:\/\/www.infokuryr.cz\/n\/wp-json\/wp\/v2\/media\/36292"}],"wp:attachment":[{"href":"https:\/\/www.infokuryr.cz\/n\/wp-json\/wp\/v2\/media?parent=36290"}],"wp:term":[{"taxonomy":"category","embeddable":true,"href":"https:\/\/www.infokuryr.cz\/n\/wp-json\/wp\/v2\/categories?post=36290"},{"taxonomy":"post_tag","embeddable":true,"href":"https:\/\/www.infokuryr.cz\/n\/wp-json\/wp\/v2\/tags?post=36290"}],"curies":[{"name":"wp","href":"https:\/\/api.w.org\/{rel}","templated":true}]}}