{"id":3629,"date":"2021-07-28T07:31:30","date_gmt":"2021-07-28T05:31:30","guid":{"rendered":"http:\/\/www.infokuryr.cz\/n\/?p=3629"},"modified":"2021-07-28T07:31:30","modified_gmt":"2021-07-28T05:31:30","slug":"odpurci-ockovani%e2%81%89%ef%b8%8f","status":"publish","type":"post","link":"https:\/\/www.infokuryr.cz\/n\/2021\/07\/28\/odpurci-ockovani%e2%81%89%ef%b8%8f\/","title":{"rendered":"ODP\u016eRCI O\u010cKOV\u00c1N\u00cd\u2049\ufe0f"},"content":{"rendered":"<div id=\"fb-root\"><\/div>\n<p>Pro\u010d to nenazvat t\u00edm prav\u00fdm jm\u00e9nem &#8211; jsme odp\u016frci genocidy, odp\u016frci ni\u010den\u00ed lidsk\u00fdch \u017eivot\u016f, odp\u016frci manipulace a ovl\u00e1d\u00e1n\u00ed mysl\u00ed a t\u011bl lid\u00ed, a sou\u010dasn\u011b p\u0159\u00edvr\u017eenci a ochr\u00e1nci lidsk\u00fdch \u017eivot\u016f, zdrav\u00e9 mysli a t\u011bla, jsme ochr\u00e1nci svobodn\u00e9 v\u016fle a zdrojov\u00e9ho pr\u00e1va, jsme milovn\u00edci \u017eivota na Zemi a vn\u00edmav\u00e9 bytosti, kter\u00e9 jasn\u011b vid\u00ed, co se d\u011bje a nedaj\u00ed se op\u00edt rohl\u00edkem.<\/p>\n<p>Naz\u00fdvaj\u00ed n\u00e1s odp\u016frci o\u010dkov\u00e1n\u00ed &#8211; a p\u0159itom jsme odp\u016frci pokus\u016f na lidech, jsme odp\u016frci l\u017e\u00ed a podvod\u016f, manipulace a zlo\u010dineck\u00e9 propagandy.<\/p>\n<p>Jsme odp\u016frci o\u010dkov\u00e1n\u00ed, proto\u017ee bojujeme za sv\u016fj \u017eivot a pr\u00e1vo na uchov\u00e1n\u00ed svobodn\u00e9 v\u016fle &#8211; a to za sebe i druh\u00e9.<\/p>\n<p>Jsme odp\u016frci o\u010dkov\u00e1n\u00ed. TE\u010cKA.<\/p>\n<p>Michaela Todarellov\u00e1<\/p>\n<p>&nbsp;<\/p>\n","protected":false},"excerpt":{"rendered":"<p>Pro\u010d to nenazvat t\u00edm prav\u00fdm jm\u00e9nem &#8211; jsme odp\u016frci genocidy, odp\u016frci ni\u010den\u00ed lidsk\u00fdch \u017eivot\u016f, odp\u016frci&#8230;<\/p>\n","protected":false},"author":2,"featured_media":2836,"comment_status":"closed","ping_status":"closed","sticky":false,"template":"","format":"standard","meta":[],"categories":[6],"tags":[213,953,402,46],"_links":{"self":[{"href":"https:\/\/www.infokuryr.cz\/n\/wp-json\/wp\/v2\/posts\/3629"}],"collection":[{"href":"https:\/\/www.infokuryr.cz\/n\/wp-json\/wp\/v2\/posts"}],"about":[{"href":"https:\/\/www.infokuryr.cz\/n\/wp-json\/wp\/v2\/types\/post"}],"author":[{"embeddable":true,"href":"https:\/\/www.infokuryr.cz\/n\/wp-json\/wp\/v2\/users\/2"}],"replies":[{"embeddable":true,"href":"https:\/\/www.infokuryr.cz\/n\/wp-json\/wp\/v2\/comments?post=3629"}],"version-history":[{"count":0,"href":"https:\/\/www.infokuryr.cz\/n\/wp-json\/wp\/v2\/posts\/3629\/revisions"}],"wp:featuredmedia":[{"embeddable":true,"href":"https:\/\/www.infokuryr.cz\/n\/wp-json\/wp\/v2\/media\/2836"}],"wp:attachment":[{"href":"https:\/\/www.infokuryr.cz\/n\/wp-json\/wp\/v2\/media?parent=3629"}],"wp:term":[{"taxonomy":"category","embeddable":true,"href":"https:\/\/www.infokuryr.cz\/n\/wp-json\/wp\/v2\/categories?post=3629"},{"taxonomy":"post_tag","embeddable":true,"href":"https:\/\/www.infokuryr.cz\/n\/wp-json\/wp\/v2\/tags?post=3629"}],"curies":[{"name":"wp","href":"https:\/\/api.w.org\/{rel}","templated":true}]}}