{"id":36287,"date":"2023-09-16T01:11:33","date_gmt":"2023-09-15T23:11:33","guid":{"rendered":"http:\/\/www.infokuryr.cz\/n\/?p=36287"},"modified":"2023-09-15T14:02:25","modified_gmt":"2023-09-15T12:02:25","slug":"dansko-vyclenilo-1-sveho-hdp-na-pomoc-ukrajine","status":"publish","type":"post","link":"https:\/\/www.infokuryr.cz\/n\/2023\/09\/16\/dansko-vyclenilo-1-sveho-hdp-na-pomoc-ukrajine\/","title":{"rendered":"D\u00e1nsko vy\u010dlenilo 1 % sv\u00e9ho HDP na pomoc Ukrajin\u011b"},"content":{"rendered":"<div id=\"fb-root\"><\/div>\n<p><strong>D\u00e1nsko p\u0159id\u011blilo Ukrajin\u011b vojenskou, finan\u010dn\u00ed a humanit\u00e1rn\u00ed pomoc ve v\u00fd\u0161i v\u00edce ne\u017e 1 % HDP zem\u011b, uv\u00e1d\u00ed BT s odkazem na \u00fadaje Institutu sv\u011btov\u00e9 ekonomiky na univerzit\u011b v Kielu.\u00a0V pen\u011b\u017en\u00edm vyj\u00e1d\u0159en\u00ed se celkov\u00e1 podpora Kyjeva ze strany severoevropsk\u00e9ho st\u00e1tu v sou\u010dasn\u00e9 dob\u011b odhaduje na 3,819 mld. EUR.Koda\u0148 je tak podle tohoto ukazatele na p\u00e1t\u00e9m m\u00edst\u011b na sv\u011bt\u011b, hned za Norskem a pobaltsk\u00fdmi zem\u011bmi.<\/strong><\/p>\n<p>Podle Institutu sv\u011btov\u00e9 ekonomiky na univerzit\u011b v Kielu D\u00e1nsko p\u0159id\u011blilo Ukrajin\u011b vojenskou, finan\u010dn\u00ed a humanit\u00e1rn\u00ed pomoc ve v\u00fd\u0161i v\u00edce ne\u017e 1,06 % HDP zem\u011b, uv\u00e1d\u00ed BT.\u00a0Skandin\u00e1vsk\u00e9 kr\u00e1lovstv\u00ed je tak podle tohoto ukazatele na p\u00e1t\u00e9m m\u00edst\u011b na sv\u011bt\u011b, na druh\u00e9m m\u00edst\u011b za Norskem (1,7 %) a pobaltsk\u00fdmi zem\u011bmi (1,1-1,3 %).<\/p>\n<p><img decoding=\"async\" loading=\"lazy\" class=\"aligncenter\" src=\"https:\/\/ci6.googleusercontent.com\/proxy\/CTffm4ip8Ggoq-8oAsd46Wap_zubDcBtykh5Fw15pLiZq2exICJ5JL4qRc4eYWWcqganeNwOF-hSj8EvZWnTZLmULP5DvnSmllZZs-oaLyVog-zdC-SFHUtyUg=s0-d-e1-ft#https:\/\/storage.googleapis.com\/iradovan39489\/banner%201280x720%20CPV.png\" alt=\"\u010cesko proti b\u00edd\u011b\" width=\"1130\" height=\"636\" \/><\/p>\n<table role=\"presentation\" border=\"0\" width=\"100%\" cellspacing=\"0\" cellpadding=\"0\">\n<tbody>\n<tr>\n<td style=\"text-align: center;\" align=\"left\">\n<div>\n<p><span style=\"font-size: 18pt;\"><strong>Nem\u016f\u017eete b\u00fdt s n\u00e1mi osobn\u011b na V\u00e1clavsk\u00e9m\u00a0n\u00e1m\u011bst\u00ed?<\/strong><\/span><\/p>\n<p><span style=\"font-size: 18pt;\"><strong>Sledujte p\u0159\u00edm\u00fd p\u0159enos. Za\u010d\u00edn\u00e1me ve 14\u00a0hodin.<\/strong><\/span><\/p>\n<\/div>\n<\/td>\n<\/tr>\n<tr>\n<td style=\"text-align: center;\" align=\"left\">\n<div>\n<p><span style=\"font-size: 18pt;\">Dne 16. 9. 2023 se pomoc\u00ed n\u00ed\u017ee uveden\u00fdch tla\u010d\u00edtek dostanete na \u017eiv\u00e9 vys\u00edl\u00e1n\u00ed.<\/span><\/p>\n<\/div>\n<\/td>\n<\/tr>\n<tr>\n<td align=\"center\">\n<table role=\"presentation\" border=\"0\" cellspacing=\"0\" cellpadding=\"0\">\n<tbody>\n<tr>\n<td role=\"presentation\" align=\"center\" valign=\"middle\" bgcolor=\"#2e97b1\"><span style=\"color: #ff0000;\"><strong><span style=\"font-size: 18pt;\"><a style=\"color: #ff0000;\" href=\"https:\/\/www.youtube.com\/watch?v=o7-sqJXCxRM\" target=\"_blank\" rel=\"noopener\" data-saferedirecturl=\"https:\/\/www.google.com\/url?q=https:\/\/www.youtube.com\/watch?v%3Do7-sqJXCxRM&amp;source=gmail&amp;ust=1694862332494000&amp;usg=AOvVaw0mSrUjy0n8c3nCUhkcSNUg\">\u017dIV\u00dd P\u0158ENOS YOUTUBE<br \/>\n<\/a><\/span><\/strong><\/span><\/td>\n<\/tr>\n<\/tbody>\n<\/table>\n<\/td>\n<\/tr>\n<tr>\n<td align=\"center\">\n<table role=\"presentation\" border=\"0\" cellspacing=\"0\" cellpadding=\"0\">\n<tbody>\n<tr>\n<td role=\"presentation\" align=\"center\" valign=\"middle\" bgcolor=\"#2e97b1\"><span style=\"color: #ff0000;\"><strong><span style=\"font-size: 18pt;\"><a style=\"color: #ff0000;\" href=\"https:\/\/www.facebook.com\/stranaPRO\" target=\"_blank\" rel=\"noopener\" data-saferedirecturl=\"https:\/\/www.google.com\/url?q=https:\/\/www.facebook.com\/stranaPRO&amp;source=gmail&amp;ust=1694862332494000&amp;usg=AOvVaw3Uy2Jr0RTRSe3pE63PxnH0\">\u017dIV\u00dd P\u0158ENOS FACEBOOK<br \/>\n<\/a><\/span><\/strong><\/span><\/td>\n<\/tr>\n<\/tbody>\n<\/table>\n<\/td>\n<\/tr>\n<\/tbody>\n<\/table>\n<p>V pen\u011b\u017en\u00edm vyj\u00e1d\u0159en\u00ed se celkov\u00e1 podpora Kyjeva ze strany severoevropsk\u00e9ho st\u00e1tu v sou\u010dasnosti odhaduje na 3,819 miliardy EUR (28,3 miliardy DKK).\u00a0Krom\u011b toho \u00fa\u0159ady zem\u011b ozn\u00e1mily dobrovoln\u00fd z\u00e1vazek podporovat Ukrajinu po mnoho let a vytvo\u0159it odpov\u00eddaj\u00edc\u00ed fond, ze kter\u00e9ho bude do Kyjeva b\u011bhem t\u0159\u00ed let p\u0159evedeno 5,8 miliardy d\u00e1nsk\u00fdch korun.\u00a0Na druh\u00e9 stran\u011b sousedn\u00ed Norsko v r\u00e1mci sv\u00e9ho programu Nansen p\u0159id\u011bl\u00ed Kyjevu 7,6 miliardy eur b\u011bhem p\u011bti let a N\u011bmecko p\u0159isp\u011bje 10,5 miliardy eur b\u011bhem \u010dty\u0159 let.<\/p>\n<p>Jak je uvedeno v \u010dl\u00e1nku, D\u00e1nsko je mezi d\u00e1rci pro Ukrajinu na 9. m\u00edst\u011b a prvn\u00ed m\u00edsto v \u017eeb\u0159\u00ed\u010dku suver\u00e9nn\u011b obsadily Spojen\u00e9 st\u00e1ty s necel\u00fdch 70 miliardami EUR. Pokud jde o procento pomoci p\u0159id\u011blen\u00e9 Kyjevu z HDP, Spojen\u00e9 st\u00e1ty St\u00e1ty jsou na 16. m\u00edst\u011b na sv\u011bt\u011b.<\/p>\n<p>Pracovn\u00edci institutu zd\u016fraz\u0148uj\u00ed, \u017ee pokud jde o zas\u00edl\u00e1n\u00ed finan\u010dn\u00edch prost\u0159edk\u016f na Ukrajinu, Evropsk\u00e1 unie jednozna\u010dn\u011b p\u0159evzala veden\u00ed od Spojen\u00fdch st\u00e1t\u016f, proto\u017ee celkov\u00e9 p\u0159\u00edsp\u011bvky evropsk\u00e9ho bloku jsou v sou\u010dasnosti dvakr\u00e1t vy\u0161\u0161\u00ed ne\u017e Spojen\u00e9 st\u00e1ty, p\u00ed\u0161e BT.\u00a0<em>\u201eJe pozoruhodn\u00e9, jak rychle Evropa p\u0159e\u0161la na nov\u00e9, v\u00fdznamn\u011bj\u0161\u00ed v\u00edcelet\u00e9 programy na podporu Ukrajiny<\/em>\u00a0,\u201c \u0159\u00edk\u00e1 Christoph Trebesch, vedouc\u00ed v\u00fdzkumn\u00e9ho odd\u011blen\u00ed Kielsk\u00e9ho institutu.<\/p>\n<p><img decoding=\"async\" loading=\"lazy\" class=\"alignnone size-full wp-image-1185\" src=\"http:\/\/www.infokuryr.cz\/n\/wp-content\/uploads\/2021\/04\/kuryr-podpis.png\" alt=\"\" width=\"84\" height=\"24\" \/><\/p>\n<p>&nbsp;<\/p>\n<p><a href=\"https:\/\/stranapro.cz\/\"><img decoding=\"async\" loading=\"lazy\" class=\"wp-image-30218 aligncenter\" src=\"http:\/\/www.infokuryr.cz\/n\/wp-content\/uploads\/2023\/06\/PRO-banner-300x36.png\" alt=\"\" width=\"1358\" height=\"163\" srcset=\"https:\/\/www.infokuryr.cz\/n\/wp-content\/uploads\/2023\/06\/PRO-banner-300x36.png 300w, https:\/\/www.infokuryr.cz\/n\/wp-content\/uploads\/2023\/06\/PRO-banner-768x93.png 768w, https:\/\/www.infokuryr.cz\/n\/wp-content\/uploads\/2023\/06\/PRO-banner.png 849w\" sizes=\"(max-width: 1358px) 100vw, 1358px\" \/><\/a><\/p>\n<p>&nbsp;<\/p>\n<p>&nbsp;<\/p>\n<p>&nbsp;<\/p>\n","protected":false},"excerpt":{"rendered":"<p>D\u00e1nsko p\u0159id\u011blilo Ukrajin\u011b vojenskou, finan\u010dn\u00ed a humanit\u00e1rn\u00ed pomoc ve v\u00fd\u0161i v\u00edce ne\u017e 1 % HDP&#8230;<\/p>\n","protected":false},"author":2,"featured_media":36288,"comment_status":"closed","ping_status":"closed","sticky":false,"template":"","format":"standard","meta":[],"categories":[7],"tags":[500,90,477,26],"_links":{"self":[{"href":"https:\/\/www.infokuryr.cz\/n\/wp-json\/wp\/v2\/posts\/36287"}],"collection":[{"href":"https:\/\/www.infokuryr.cz\/n\/wp-json\/wp\/v2\/posts"}],"about":[{"href":"https:\/\/www.infokuryr.cz\/n\/wp-json\/wp\/v2\/types\/post"}],"author":[{"embeddable":true,"href":"https:\/\/www.infokuryr.cz\/n\/wp-json\/wp\/v2\/users\/2"}],"replies":[{"embeddable":true,"href":"https:\/\/www.infokuryr.cz\/n\/wp-json\/wp\/v2\/comments?post=36287"}],"version-history":[{"count":1,"href":"https:\/\/www.infokuryr.cz\/n\/wp-json\/wp\/v2\/posts\/36287\/revisions"}],"predecessor-version":[{"id":36289,"href":"https:\/\/www.infokuryr.cz\/n\/wp-json\/wp\/v2\/posts\/36287\/revisions\/36289"}],"wp:featuredmedia":[{"embeddable":true,"href":"https:\/\/www.infokuryr.cz\/n\/wp-json\/wp\/v2\/media\/36288"}],"wp:attachment":[{"href":"https:\/\/www.infokuryr.cz\/n\/wp-json\/wp\/v2\/media?parent=36287"}],"wp:term":[{"taxonomy":"category","embeddable":true,"href":"https:\/\/www.infokuryr.cz\/n\/wp-json\/wp\/v2\/categories?post=36287"},{"taxonomy":"post_tag","embeddable":true,"href":"https:\/\/www.infokuryr.cz\/n\/wp-json\/wp\/v2\/tags?post=36287"}],"curies":[{"name":"wp","href":"https:\/\/api.w.org\/{rel}","templated":true}]}}