{"id":36286,"date":"2023-09-16T01:10:04","date_gmt":"2023-09-15T23:10:04","guid":{"rendered":"http:\/\/www.infokuryr.cz\/n\/?p=36286"},"modified":"2023-09-15T13:57:16","modified_gmt":"2023-09-15T11:57:16","slug":"srbsky-prezident-madarska-prorodinna-politika-je-pro-mou-zemi-vzorem","status":"publish","type":"post","link":"https:\/\/www.infokuryr.cz\/n\/2023\/09\/16\/srbsky-prezident-madarska-prorodinna-politika-je-pro-mou-zemi-vzorem\/","title":{"rendered":"Srbsk\u00fd prezident: Ma\u010farsk\u00e1 prorodinn\u00e1 politika je pro mou zemi vzorem"},"content":{"rendered":"<div id=\"fb-root\"><\/div>\n<p><span style=\"font-size: 18pt;\"><strong>Aleksandar Vucic byl jedn\u00edm z hostuj\u00edc\u00edch \u0159e\u010dn\u00edk\u016f 5. budape\u0161\u0165sk\u00e9ho demografick\u00e9ho f\u00f3ra.<\/strong><\/span><\/p>\n<p>Ma\u010farsko je vzorem pro Srbsko,\u00a0<a class=\"ek-link\" href=\"https:\/\/www.magyarhirlap.hu\/kulfold\/20230914-magyarorszag-modell-szerbia-szamara\">prohl\u00e1sil<\/a>\u00a0srbsk\u00fd prezident Aleksandar Vu\u010di\u0107 ve \u010dtvrtek ve\u010der na slavnostn\u00ed ve\u010de\u0159i u p\u0159\u00edle\u017eitosti budape\u0161\u0165sk\u00e9ho demografick\u00e9ho summitu, kter\u00fd Ma\u010farsko propaguje jako vrcholn\u00fd summit navr\u017een\u00fd s c\u00edlem propagovat prorodinn\u00e9 poselstv\u00ed a zv\u00fd\u0161it evropskou porodnost.<\/p>\n<p>Ma\u010farsk\u00e1 prezidentka Katalin Nov\u00e1k, hostitelka summitu, uvedla, \u017ee Ma\u010farsko a Srbsko jsou spojeny strategick\u00fdm partnerstv\u00edm.<\/p>\n<p>Nov\u00e1k \u0159ekl, \u017ee &#8222;Aleksandar Vu\u010di\u0107 je s n\u00e1mi od sam\u00e9ho za\u010d\u00e1tku.&#8220;\u00a0Dodala, \u017ee sou\u010dasn\u00e9 vztahy mezi Ma\u010farskem a Srbskem ukazuj\u00ed, jak ob\u011b zem\u011b dok\u00e1zaly p\u0159ekonat historick\u00e9 trag\u00e9die a ud\u00e1losti a \u201ep\u0159\u00edkladn\u00fdm zp\u016fsobem spojit s\u00edly\u201c.<\/p>\n<p>I kdy\u017e poznamenala, \u017ee ob\u011b zem\u011b \u010del\u00ed spolu se zbytkem Evropy demografick\u00fdm v\u00fdzv\u00e1m, \u0159ekla, \u017ee douf\u00e1, \u017ee budou schopny \u010delit sv\u00fdm demografick\u00fdm v\u00fdzv\u00e1m.<\/p>\n<p>Srbsk\u00e1 hlava st\u00e1tu odpov\u011bd\u011bla, \u017ee se od Ma\u010farska hodn\u011b nau\u010dila, a pod\u011bkovala zemi za jej\u00ed nasazen\u00ed a podporu.<\/p>\n<p><img decoding=\"async\" loading=\"lazy\" class=\"aligncenter\" src=\"https:\/\/ci6.googleusercontent.com\/proxy\/CTffm4ip8Ggoq-8oAsd46Wap_zubDcBtykh5Fw15pLiZq2exICJ5JL4qRc4eYWWcqganeNwOF-hSj8EvZWnTZLmULP5DvnSmllZZs-oaLyVog-zdC-SFHUtyUg=s0-d-e1-ft#https:\/\/storage.googleapis.com\/iradovan39489\/banner%201280x720%20CPV.png\" alt=\"\u010cesko proti b\u00edd\u011b\" width=\"1095\" height=\"616\" \/><\/p>\n<table role=\"presentation\" border=\"0\" width=\"100%\" cellspacing=\"0\" cellpadding=\"0\">\n<tbody>\n<tr>\n<td style=\"text-align: center;\" align=\"left\">\n<div>\n<p><span style=\"font-size: 18pt;\"><strong>Nem\u016f\u017eete b\u00fdt s n\u00e1mi osobn\u011b na V\u00e1clavsk\u00e9m\u00a0n\u00e1m\u011bst\u00ed?<\/strong><\/span><\/p>\n<p><span style=\"font-size: 18pt;\"><strong>Sledujte p\u0159\u00edm\u00fd p\u0159enos. Za\u010d\u00edn\u00e1me ve 14\u00a0hodin.<\/strong><\/span><\/p>\n<\/div>\n<\/td>\n<\/tr>\n<tr>\n<td style=\"text-align: center;\" align=\"left\">\n<div>\n<p><span style=\"font-size: 18pt;\">Dne 16. 9. 2023 se pomoc\u00ed n\u00ed\u017ee uveden\u00fdch tla\u010d\u00edtek dostanete na \u017eiv\u00e9 vys\u00edl\u00e1n\u00ed.<\/span><\/p>\n<\/div>\n<\/td>\n<\/tr>\n<tr>\n<td align=\"center\">\n<table role=\"presentation\" border=\"0\" cellspacing=\"0\" cellpadding=\"0\">\n<tbody>\n<tr>\n<td role=\"presentation\" align=\"center\" valign=\"middle\" bgcolor=\"#2e97b1\"><span style=\"color: #ff0000;\"><strong><span style=\"font-size: 18pt;\"><a style=\"color: #ff0000;\" href=\"https:\/\/www.youtube.com\/watch?v=o7-sqJXCxRM\" target=\"_blank\" rel=\"noopener\" data-saferedirecturl=\"https:\/\/www.google.com\/url?q=https:\/\/www.youtube.com\/watch?v%3Do7-sqJXCxRM&amp;source=gmail&amp;ust=1694862332494000&amp;usg=AOvVaw0mSrUjy0n8c3nCUhkcSNUg\">\u017dIV\u00dd P\u0158ENOS YOUTUBE<br \/>\n<\/a><\/span><\/strong><\/span><\/td>\n<\/tr>\n<\/tbody>\n<\/table>\n<\/td>\n<\/tr>\n<tr>\n<td align=\"center\">\n<table role=\"presentation\" border=\"0\" cellspacing=\"0\" cellpadding=\"0\">\n<tbody>\n<tr>\n<td role=\"presentation\" align=\"center\" valign=\"middle\" bgcolor=\"#2e97b1\"><span style=\"color: #ff0000;\"><strong><span style=\"font-size: 18pt;\"><a style=\"color: #ff0000;\" href=\"https:\/\/www.facebook.com\/stranaPRO\" target=\"_blank\" rel=\"noopener\" data-saferedirecturl=\"https:\/\/www.google.com\/url?q=https:\/\/www.facebook.com\/stranaPRO&amp;source=gmail&amp;ust=1694862332494000&amp;usg=AOvVaw3Uy2Jr0RTRSe3pE63PxnH0\">\u017dIV\u00dd P\u0158ENOS FACEBOOK<br \/>\n<\/a><\/span><\/strong><\/span><\/td>\n<\/tr>\n<\/tbody>\n<\/table>\n<\/td>\n<\/tr>\n<\/tbody>\n<\/table>\n<p>U p\u0159\u00edle\u017eitosti dvoudenn\u00edho setk\u00e1n\u00ed v Budape\u0161ti srbsk\u00e1 hlava st\u00e1tu upozornila, \u017ee Srbsko \u010del\u00ed velmi \u0161patn\u00e9 demografick\u00e9 situaci, ale mo\u017en\u00e1 ne tak \u0161patn\u00e9 jako p\u0159ed p\u00e1r lety.<\/p>\n<p>&#8222;Zv\u00fd\u0161ili jsme finan\u010dn\u00ed podporu pro matky a d\u011bti, co\u017e p\u0159ineslo v\u00fdsledky v zaostalej\u0161\u00edch a chud\u0161\u00edch regionech, ale bohu\u017eel se n\u00e1m nepoda\u0159ilo dos\u00e1hnout pokroku v demografick\u00fdch ukazatel\u00edch ve velk\u00fdch m\u011bstech,&#8220; \u0159ekl.<\/p>\n<p>Vu\u010di\u0107 \u0159ekl, \u017ee by m\u011bla b\u00fdt poskytnuta dal\u0161\u00ed podpora na ochranu rodin a tradi\u010dn\u00edch hodnot.\u00a0\u010ctvrte\u010dn\u00ed projevy na summitu, v\u010detn\u011b Katalin Nov\u00e1kov\u00e9, uk\u00e1zaly t\u00edmto sm\u011brem, \u0159ekl.\u00a0Dodal, \u017ee zna\u010dnou pozornost je t\u0159eba v\u011bnovat tak\u00e9 boji proti negativn\u00edm trend\u016fm na soci\u00e1ln\u00edch s\u00edt\u00edch.\u00a0Kdy\u017e uvedl p\u0159\u00edklad, \u0159ekl, \u017ee je zvl\u00e1\u0161tn\u00ed, \u017ee ko\u010dka nebo pes dostane v\u00edce lajk\u016f ne\u017e mal\u00e9 d\u00edt\u011b.<\/p>\n<p>Srbsk\u00e1 hlava st\u00e1tu prohl\u00e1sila, \u017ee k dosa\u017een\u00ed pr\u016flomu jsou zapot\u0159eb\u00ed nov\u00e9 zp\u016fsoby a nov\u00e9 my\u0161lenky, a proto po\u0159\u00e1d\u00e1 Demographic Summit v Budape\u0161ti, kter\u00fd se nyn\u00ed kon\u00e1 ji\u017e po p\u00e1t\u00e9, tak vysoce oce\u0148ov\u00e1n.<\/p>\n<p>&#8222;Zpozdil jsem se p\u0159i p\u0159\u00edjezdu do Budape\u0161ti kv\u016fli programu v Bruselu, ale hned jsem se setkal s premi\u00e9rem Viktorem Orb\u00e1nem,&#8220; \u0159ekl.<\/p>\n<p>\u201eSrbsko-ma\u010farsk\u00e9 vztahy jsou ve v\u0161ech ohledech na historick\u00e9m maximu,\u201c \u0159ekl a dodal, \u017ee \u201eto, co Ma\u010farsko d\u011bl\u00e1, je pro n\u00e1s vzor, \u200b\u200bkter\u00fd bychom m\u011bli n\u00e1sledovat\u201c.<\/p>\n<p><img decoding=\"async\" loading=\"lazy\" class=\"alignnone size-full wp-image-1185\" src=\"http:\/\/www.infokuryr.cz\/n\/wp-content\/uploads\/2021\/04\/kuryr-podpis.png\" alt=\"\" width=\"84\" height=\"24\" \/><\/p>\n<p>&nbsp;<\/p>\n<p><a href=\"https:\/\/stranapro.cz\/\"><img decoding=\"async\" loading=\"lazy\" class=\"wp-image-30218 aligncenter\" src=\"http:\/\/www.infokuryr.cz\/n\/wp-content\/uploads\/2023\/06\/PRO-banner-300x36.png\" alt=\"\" width=\"1367\" height=\"164\" srcset=\"https:\/\/www.infokuryr.cz\/n\/wp-content\/uploads\/2023\/06\/PRO-banner-300x36.png 300w, https:\/\/www.infokuryr.cz\/n\/wp-content\/uploads\/2023\/06\/PRO-banner-768x93.png 768w, https:\/\/www.infokuryr.cz\/n\/wp-content\/uploads\/2023\/06\/PRO-banner.png 849w\" sizes=\"(max-width: 1367px) 100vw, 1367px\" \/><\/a><\/p>\n<p>&nbsp;<\/p>\n<p>&nbsp;<\/p>\n<p>&nbsp;<\/p>\n","protected":false},"excerpt":{"rendered":"<p>Aleksandar Vucic byl jedn\u00edm z hostuj\u00edc\u00edch \u0159e\u010dn\u00edk\u016f 5. budape\u0161\u0165sk\u00e9ho demografick\u00e9ho f\u00f3ra. Ma\u010farsko je vzorem pro&#8230;<\/p>\n","protected":false},"author":2,"featured_media":35589,"comment_status":"closed","ping_status":"closed","sticky":false,"template":"","format":"standard","meta":[],"categories":[7],"tags":[78,122,205,3396],"_links":{"self":[{"href":"https:\/\/www.infokuryr.cz\/n\/wp-json\/wp\/v2\/posts\/36286"}],"collection":[{"href":"https:\/\/www.infokuryr.cz\/n\/wp-json\/wp\/v2\/posts"}],"about":[{"href":"https:\/\/www.infokuryr.cz\/n\/wp-json\/wp\/v2\/types\/post"}],"author":[{"embeddable":true,"href":"https:\/\/www.infokuryr.cz\/n\/wp-json\/wp\/v2\/users\/2"}],"replies":[{"embeddable":true,"href":"https:\/\/www.infokuryr.cz\/n\/wp-json\/wp\/v2\/comments?post=36286"}],"version-history":[{"count":0,"href":"https:\/\/www.infokuryr.cz\/n\/wp-json\/wp\/v2\/posts\/36286\/revisions"}],"wp:featuredmedia":[{"embeddable":true,"href":"https:\/\/www.infokuryr.cz\/n\/wp-json\/wp\/v2\/media\/35589"}],"wp:attachment":[{"href":"https:\/\/www.infokuryr.cz\/n\/wp-json\/wp\/v2\/media?parent=36286"}],"wp:term":[{"taxonomy":"category","embeddable":true,"href":"https:\/\/www.infokuryr.cz\/n\/wp-json\/wp\/v2\/categories?post=36286"},{"taxonomy":"post_tag","embeddable":true,"href":"https:\/\/www.infokuryr.cz\/n\/wp-json\/wp\/v2\/tags?post=36286"}],"curies":[{"name":"wp","href":"https:\/\/api.w.org\/{rel}","templated":true}]}}