{"id":36275,"date":"2023-09-16T01:06:17","date_gmt":"2023-09-15T23:06:17","guid":{"rendered":"http:\/\/www.infokuryr.cz\/n\/?p=36275"},"modified":"2023-09-15T13:22:01","modified_gmt":"2023-09-15T11:22:01","slug":"unikle-dokumenty-ukazuji-ze-eu-chce-sledovat-hromadne-zpravy-a-fotografie-a-prosazovat-online-overovani-veku","status":"publish","type":"post","link":"https:\/\/www.infokuryr.cz\/n\/2023\/09\/16\/unikle-dokumenty-ukazuji-ze-eu-chce-sledovat-hromadne-zpravy-a-fotografie-a-prosazovat-online-overovani-veku\/","title":{"rendered":"Unikl\u00e9 dokumenty ukazuj\u00ed, \u017ee EU chce sledovat hromadn\u00e9 zpr\u00e1vy a fotografie a prosazovat online ov\u011b\u0159ov\u00e1n\u00ed v\u011bku"},"content":{"rendered":"<div id=\"fb-root\"><\/div>\n<div class=\"elementor-element elementor-element-1fb4c2c elementor-widget elementor-widget-theme-post-content\" data-id=\"1fb4c2c\" data-element_type=\"widget\" data-widget_type=\"theme-post-content.default\">\n<div class=\"elementor-widget-container\">\n<p><span style=\"font-size: 18pt;\"><strong>Velk\u00e9 kroky sm\u011brem k digit\u00e1ln\u00ed identifikaci.<\/strong><\/span><\/p>\n<p>Z unikl\u00e9ho\u00a0<a href=\"https:\/\/docs.reclaimthenet.org\/Compromise-text-on-C-regulation-on-Sept-8.pdf\" target=\"_blank\" rel=\"noreferrer noopener\" data-type=\"link\" data-id=\"https:\/\/docs.reclaimthenet.org\/Compromise-text-on-C-regulation-on-Sept-8.pdf\">dokumentu<\/a>\u00a0Rady Evropsk\u00e9 unie vypl\u00fdv\u00e1, \u017ee legislativn\u00ed slo\u017eka bloku pl\u00e1nuje od 28. z\u00e1\u0159\u00ed zav\u00e9st hromadn\u00e9 sledov\u00e1n\u00ed v\u0161ech soukrom\u00fdch zpr\u00e1v a povinn\u00e9 ov\u011b\u0159ov\u00e1n\u00ed v\u011bku.<\/p>\n<p>\u0160pan\u011blsk\u00e9 p\u0159edsednictv\u00ed Rady chce rychle uv\u00e9st v platnost kontroverzn\u00ed legislativn\u00ed n\u00e1vrh, kter\u00fd kritici n\u011bkdy ozna\u010duj\u00ed jako \u201ekontrola chatu\u201c.\u00a0Velvyslanci \u010dlensk\u00fdch zem\u00ed se maj\u00ed sej\u00edt ve \u010dtvrtek, aby na\u0161li pot\u0159ebnou v\u011bt\u0161inu pro schv\u00e1len\u00ed n\u00e1vrhu.<\/p>\n<p>N\u011bmeck\u00fd europoslanec Patrick Breyer, kter\u00fd je jedn\u00edm z nejhlasit\u011bj\u0161\u00edch kritik\u016f n\u00e1vrhu z\u00e1kona a \u00fa\u010dastn\u00ed se tak\u00e9 jedn\u00e1n\u00ed v parlamentu, na zpr\u00e1vu reagoval varov\u00e1n\u00edm, \u017ee n\u00e1vrh nen\u00ed nic jin\u00e9ho ne\u017e \u201ekou\u0159ov\u00e1 clona\u201c, pokud jde o ot\u00e1zku end &#8211; p\u0159echod na ukon\u010den\u00ed \u0161ifrov\u00e1n\u00ed.<\/p>\n<p>Podle Breyera, kter\u00fd je pr\u00e1vn\u00edkem a zastupuje Pir\u00e1tskou stranu, by mnoho platforem pro zas\u00edl\u00e1n\u00ed zpr\u00e1v, od WhatsApp po Signal, muselo prov\u00e9st ov\u011b\u0159en\u00ed na stran\u011b klienta, co\u017e podle n\u011bj znamen\u00e1, \u017ee se z telefon\u016f lid\u00ed stanou \u201eskenery n\u00e1chyln\u00e9 k chyb\u00e1m\u201c.<\/p>\n<p>Navzdory \u201eup\u0159\u00edmn\u00e9 slu\u017eb\u011b\u201c \u0161ifrov\u00e1n\u00ed Breyer v\u011b\u0159\u00ed, \u017ee budouc\u00ed z\u00e1kon by mohl znamenat konec bezpe\u010dn\u00e9ho \u0161ifrov\u00e1n\u00ed, a tedy i soukrom\u00e9 komunikace, krom\u011b toho, co naz\u00fdv\u00e1 \u201eneefektivn\u00ed blokov\u00e1n\u00ed s\u00edt\u00ed a cenzura vyhled\u00e1va\u010d\u016f\u201c.<\/p>\n<p><img decoding=\"async\" loading=\"lazy\" class=\"aligncenter\" src=\"https:\/\/ci6.googleusercontent.com\/proxy\/CTffm4ip8Ggoq-8oAsd46Wap_zubDcBtykh5Fw15pLiZq2exICJ5JL4qRc4eYWWcqganeNwOF-hSj8EvZWnTZLmULP5DvnSmllZZs-oaLyVog-zdC-SFHUtyUg=s0-d-e1-ft#https:\/\/storage.googleapis.com\/iradovan39489\/banner%201280x720%20CPV.png\" alt=\"\u010cesko proti b\u00edd\u011b\" width=\"1212\" height=\"682\" \/><\/p>\n<table role=\"presentation\" border=\"0\" width=\"100%\" cellspacing=\"0\" cellpadding=\"0\">\n<tbody>\n<tr>\n<td style=\"text-align: center;\" align=\"left\">\n<div>\n<p><span style=\"font-size: 18pt;\"><strong>Nem\u016f\u017eete b\u00fdt s n\u00e1mi osobn\u011b na V\u00e1clavsk\u00e9m\u00a0n\u00e1m\u011bst\u00ed?<\/strong><\/span><\/p>\n<p><span style=\"font-size: 18pt;\"><strong>Sledujte p\u0159\u00edm\u00fd p\u0159enos. Za\u010d\u00edn\u00e1me ve 14\u00a0hodin.<\/strong><\/span><\/p>\n<\/div>\n<\/td>\n<\/tr>\n<tr>\n<td style=\"text-align: center;\" align=\"left\">\n<div>\n<p><span style=\"font-size: 18pt;\">Dne 16. 9. 2023 se pomoc\u00ed n\u00ed\u017ee uveden\u00fdch tla\u010d\u00edtek dostanete na \u017eiv\u00e9 vys\u00edl\u00e1n\u00ed.<\/span><\/p>\n<\/div>\n<\/td>\n<\/tr>\n<tr>\n<td align=\"center\">\n<table role=\"presentation\" border=\"0\" cellspacing=\"0\" cellpadding=\"0\">\n<tbody>\n<tr>\n<td role=\"presentation\" align=\"center\" valign=\"middle\" bgcolor=\"#2e97b1\"><span style=\"color: #ff0000;\"><strong><span style=\"font-size: 18pt;\"><a style=\"color: #ff0000;\" href=\"https:\/\/www.youtube.com\/watch?v=o7-sqJXCxRM\" target=\"_blank\" rel=\"noopener\" data-saferedirecturl=\"https:\/\/www.google.com\/url?q=https:\/\/www.youtube.com\/watch?v%3Do7-sqJXCxRM&amp;source=gmail&amp;ust=1694862332494000&amp;usg=AOvVaw0mSrUjy0n8c3nCUhkcSNUg\">\u017dIV\u00dd P\u0158ENOS YOUTUBE<br \/>\n<\/a><\/span><\/strong><\/span><\/td>\n<\/tr>\n<\/tbody>\n<\/table>\n<\/td>\n<\/tr>\n<tr>\n<td align=\"center\">\n<table role=\"presentation\" border=\"0\" cellspacing=\"0\" cellpadding=\"0\">\n<tbody>\n<tr>\n<td role=\"presentation\" align=\"center\" valign=\"middle\" bgcolor=\"#2e97b1\"><span style=\"color: #ff0000;\"><strong><span style=\"font-size: 18pt;\"><a style=\"color: #ff0000;\" href=\"https:\/\/www.facebook.com\/stranaPRO\" target=\"_blank\" rel=\"noopener\" data-saferedirecturl=\"https:\/\/www.google.com\/url?q=https:\/\/www.facebook.com\/stranaPRO&amp;source=gmail&amp;ust=1694862332494000&amp;usg=AOvVaw3Uy2Jr0RTRSe3pE63PxnH0\">\u017dIV\u00dd P\u0158ENOS FACEBOOK<br \/>\n<\/a><\/span><\/strong><\/span><\/td>\n<\/tr>\n<\/tbody>\n<\/table>\n<\/td>\n<\/tr>\n<\/tbody>\n<\/table>\n<p>Vzhledem k tomu, \u017ee jedno z ustanoven\u00ed n\u00e1vrhu z\u00e1kona zahrnuje skenov\u00e1n\u00ed cloudov\u00fdch \u00falo\u017ei\u0161\u0165, zda neobsahuj\u00ed hanliv\u00fd materi\u00e1l \u2013 \u00fa\u010dinn\u011bj\u0161\u00ed boj proti n\u011bmu je hlavn\u00edm deklarovan\u00fdm c\u00edlem EU za n\u00e1vrhem \u2013 v\u00fdsledkem by bylo hromadn\u00e9 sledov\u00e1n\u00ed soukrom\u00fdch fotografi\u00ed, domn\u00edv\u00e1 se Breyer.<\/p>\n<p>V \u010dem n\u00e1vrh z\u00e1kona selh\u00e1v\u00e1 a co se domn\u00edv\u00e1, \u017ee by byl spr\u00e1vn\u00fdm zp\u016fsobem \u0159e\u0161en\u00ed probl\u00e9mu, je povzbudit org\u00e1ny \u010dinn\u00e9 v trestn\u00edm \u0159\u00edzen\u00ed, aby zlep\u0161ily svou pr\u00e1ci nahla\u0161ov\u00e1n\u00edm takov\u00fdch materi\u00e1l\u016f, a celoevropsk\u00e9 normy pro prevenci, podporu a poskytov\u00e1n\u00ed rad ob\u011btem. a \u201e\u00fa\u010dinn\u00e9 vy\u0161et\u0159ov\u00e1n\u00ed trestn\u00fdch \u010din\u016f\u201c.<\/p>\n<p>Ov\u011b\u0159ov\u00e1n\u00ed v\u011bku, kter\u00e9 se m\u00e1 st\u00e1t u komunika\u010dn\u00edch slu\u017eeb povinn\u00e9, vid\u00ed poslanec jako dal\u0161\u00ed p\u0159\u00edle\u017eitost ke zru\u0161en\u00ed anonymn\u00ed komunikace.<\/p>\n<p>\u201eSt\u00e1t sledov\u00e1n\u00ed v \u010d\u00ednsk\u00e9m stylu,\u201c tak Breyer shrnuje dopady p\u0159ipravovan\u00e9ho z\u00e1kona, jeho\u017e j\u00e1dro popisuje jako \u201e\u00fatok velk\u00e9ho bratra na na\u0161e mobiln\u00ed telefony, soukrom\u00e9 zpr\u00e1vy a fotografie pomoc\u00ed algoritm\u016f n\u00e1chyln\u00fdch k chyb\u00e1m\u201c.<\/p>\n<p>\u201eKontrola chatu je jako otev\u00edr\u00e1n\u00ed a skenov\u00e1n\u00ed v\u0161ech dopis\u016f na po\u0161t\u011b \u2013 ne\u00fa\u010dinn\u00e9 a nez\u00e1konn\u00e9.\u00a0I ty nejintimn\u011bj\u0161\u00ed nah\u00e9 fotky a sexchaty mohou n\u00e1hle skon\u010dit u zam\u011bstnanc\u016f spole\u010dnosti nebo u policie,\u201c uvedl poslanec v tiskov\u00e9 zpr\u00e1v\u011b a uzav\u0159el: \u201eV\u0161ichni jsme z\u00e1visl\u00ed na bezpe\u010dnosti a d\u016fv\u011brnosti soukrom\u00e9 komunikace: lid\u00e9 v nouzi, ob\u011bti zneu\u017e\u00edv\u00e1n\u00ed, d\u011bti, ekonomika a tak\u00e9 st\u00e1tn\u00ed org\u00e1ny\u201c.<\/p>\n<\/div>\n<\/div>\n<div class=\"elementor-element elementor-element-8c57238 quelle dc-has-condition dc-condition-empty elementor-widget elementor-widget-heading\" data-id=\"8c57238\" data-element_type=\"widget\" data-widget_type=\"heading.default\">\n<div class=\"elementor-widget-container\">\n<h3 class=\"elementor-heading-title elementor-size-default\"><span style=\"font-size: 8pt;\"><a href=\"https:\/\/reclaimthenet.org\/leaked-docs-show-eu-wants-mass-surveillance-of-messages\" target=\"_blank\" rel=\"nofollow noopener\">ZDROJ<\/a><\/span><\/h3>\n<\/div>\n<\/div>\n<p>&nbsp;<\/p>\n<p><a href=\"https:\/\/stranapro.cz\/\"><img decoding=\"async\" loading=\"lazy\" class=\"wp-image-30218 aligncenter\" src=\"http:\/\/www.infokuryr.cz\/n\/wp-content\/uploads\/2023\/06\/PRO-banner-300x36.png\" alt=\"\" width=\"1367\" height=\"164\" srcset=\"https:\/\/www.infokuryr.cz\/n\/wp-content\/uploads\/2023\/06\/PRO-banner-300x36.png 300w, https:\/\/www.infokuryr.cz\/n\/wp-content\/uploads\/2023\/06\/PRO-banner-768x93.png 768w, https:\/\/www.infokuryr.cz\/n\/wp-content\/uploads\/2023\/06\/PRO-banner.png 849w\" sizes=\"(max-width: 1367px) 100vw, 1367px\" \/><\/a><\/p>\n<p>&nbsp;<\/p>\n<p>&nbsp;<\/p>\n<p>&nbsp;<\/p>\n","protected":false},"excerpt":{"rendered":"<p>Velk\u00e9 kroky sm\u011brem k digit\u00e1ln\u00ed identifikaci. Z unikl\u00e9ho\u00a0dokumentu\u00a0Rady Evropsk\u00e9 unie vypl\u00fdv\u00e1, \u017ee legislativn\u00ed slo\u017eka bloku&#8230;<\/p>\n","protected":false},"author":2,"featured_media":36276,"comment_status":"closed","ping_status":"closed","sticky":false,"template":"","format":"standard","meta":[],"categories":[7],"tags":[41,2195,2320,48],"_links":{"self":[{"href":"https:\/\/www.infokuryr.cz\/n\/wp-json\/wp\/v2\/posts\/36275"}],"collection":[{"href":"https:\/\/www.infokuryr.cz\/n\/wp-json\/wp\/v2\/posts"}],"about":[{"href":"https:\/\/www.infokuryr.cz\/n\/wp-json\/wp\/v2\/types\/post"}],"author":[{"embeddable":true,"href":"https:\/\/www.infokuryr.cz\/n\/wp-json\/wp\/v2\/users\/2"}],"replies":[{"embeddable":true,"href":"https:\/\/www.infokuryr.cz\/n\/wp-json\/wp\/v2\/comments?post=36275"}],"version-history":[{"count":1,"href":"https:\/\/www.infokuryr.cz\/n\/wp-json\/wp\/v2\/posts\/36275\/revisions"}],"predecessor-version":[{"id":36277,"href":"https:\/\/www.infokuryr.cz\/n\/wp-json\/wp\/v2\/posts\/36275\/revisions\/36277"}],"wp:featuredmedia":[{"embeddable":true,"href":"https:\/\/www.infokuryr.cz\/n\/wp-json\/wp\/v2\/media\/36276"}],"wp:attachment":[{"href":"https:\/\/www.infokuryr.cz\/n\/wp-json\/wp\/v2\/media?parent=36275"}],"wp:term":[{"taxonomy":"category","embeddable":true,"href":"https:\/\/www.infokuryr.cz\/n\/wp-json\/wp\/v2\/categories?post=36275"},{"taxonomy":"post_tag","embeddable":true,"href":"https:\/\/www.infokuryr.cz\/n\/wp-json\/wp\/v2\/tags?post=36275"}],"curies":[{"name":"wp","href":"https:\/\/api.w.org\/{rel}","templated":true}]}}