{"id":36218,"date":"2023-09-15T01:17:45","date_gmt":"2023-09-14T23:17:45","guid":{"rendered":"http:\/\/www.infokuryr.cz\/n\/?p=36218"},"modified":"2023-09-14T16:59:01","modified_gmt":"2023-09-14T14:59:01","slug":"pocet-obeti-zaplav-v-libyi-by-mohl-dosahnout-20-000","status":"publish","type":"post","link":"https:\/\/www.infokuryr.cz\/n\/2023\/09\/15\/pocet-obeti-zaplav-v-libyi-by-mohl-dosahnout-20-000\/","title":{"rendered":"Po\u010det ob\u011bt\u00ed z\u00e1plav v Libyi by mohl dos\u00e1hnout 20 000"},"content":{"rendered":"<div id=\"fb-root\"><\/div>\n<p><span style=\"font-size: 18pt;\"><span style=\"font-size: 18pt;\"><b>Z\u00e1chran\u00e1\u0159i poh\u0159b\u00edvaj\u00ed ob\u011bti ve \u201e<\/b><\/span><span style=\"font-size: 24px;\"><b>t\u0159ech<\/b><\/span><span style=\"font-size: 18pt;\"><b>\u00a0masov\u00fdch hrobech\u201c kv\u016fli nedostatku \u010dasu a prostoru, informoval m\u00edstn\u00ed z\u00e1chran\u00e1\u0159<\/b><\/span><\/span><\/p>\n<p><span>Po\u010det ob\u011bt\u00ed ve v\u00fdchodn\u00edm libyjsk\u00e9m p\u0159\u00edstavn\u00edm m\u011bst\u011b Derna po katastrof\u00e1ln\u00edch bleskov\u00fdch z\u00e1plav\u00e1ch by mohl dos\u00e1hnout 20 000, \u0159ekl ve st\u0159edu m\u00edstn\u00ed starosta televizi Al Arabiya.<\/span><\/p>\n<p><span>Abdulmenam al-Ghaithi \u0159ekl, \u017ee se domn\u00edv\u00e1, \u017ee mohlo zem\u0159\u00edt 18 000 a\u017e 20 000 lid\u00ed, vzhledem k rozsahu ni\u010den\u00ed zp\u016fsoben\u00e9ho z\u00e1plavami v \u0159ad\u011b okres\u016f.\u00a0Populace m\u011bsta p\u0159ed katastrofou byla asi 125 000.<\/span><\/p>\n<p><span>V \u00fater\u00fd \u00fa\u0159ady v\u00fdchodn\u00ed vl\u00e1dy rozd\u011blen\u00e9 zem\u011b odhadly, \u017ee ji\u017e zem\u0159elo nejm\u00e9n\u011b 5300 lid\u00ed, p\u0159i\u010dem\u017e se odhaduje, \u017ee 10 000 se poh\u0159e\u0161uje.\u00a0Prudk\u00e1 st\u0159edomo\u0159sk\u00e1 bou\u0159e v ned\u011bli z\u0159\u00edtila dv\u011b p\u0159ehrady a smetla do mo\u0159e cel\u00e9 \u010dtvrti.<\/span><\/p>\n<p><span>Hichem Abu Chkiouat, ministr civiln\u00edho letectv\u00ed ve spr\u00e1v\u011b, kter\u00e1 \u0159\u00edd\u00ed v\u00fdchodn\u00ed Libyi, ve st\u0159edu agentu\u0159e Reuters \u0159ekl, \u017ee dosud bylo potvrzeno v\u00edce ne\u017e 5300 mrtv\u00fdch, a dodal, \u017ee po\u010det se pravd\u011bpodobn\u011b zdvojn\u00e1sob\u00ed.<\/span><\/p>\n<p><span>&#8220;\u00a0<\/span><em><span>Mo\u0159e neust\u00e1le un\u00e1\u0161\u00ed des\u00edtky t\u011bl<\/span><\/em><span>\u00a0,&#8220; \u0159ekl \u010ckiouat agentu\u0159e Reuters ve st\u0159edu.<\/span><\/p>\n<p><span>\u201e\u00a0<\/span><em><span>Nep\u0159eh\u00e1n\u00edm, kdy\u017e \u0159eknu, \u017ee 25 % m\u011bsta zmizelo.\u00a0Mnoho, mnoho budov se z\u0159\u00edtilo<\/span><\/em><span>\u00a0,\u201c \u0159ekl.<\/span><\/p>\n<p><span>Mluv\u010d\u00ed ministerstva vnitra, poru\u010d\u00edk Tarek al-Kharraz, \u0159ekl agentu\u0159e AFP, \u017ee ji\u017e bylo poh\u0159beno 3190 lid\u00ed.\u00a0Nejm\u00e9n\u011b 400 zabit\u00fdch byli cizinci, v\u011bt\u0161inou ze S\u00fad\u00e1nu a Egypta.<\/span><\/p>\n<p><span>Z\u00e1chran\u00e1\u0159i poh\u0159b\u00edvaj\u00ed ob\u011bti do \u201e\u00a0<\/span><em><span>t\u0159\u00ed masov\u00fdch hrob\u016f<\/span><\/em><span> \u201c kv\u016fli nedostatku \u010dasu a prostoru, aby je mohli poh\u0159b\u00edt jednotliv\u011b, \u0159ekl podle zpr\u00e1vy Financial Times Us\u00e1ma Ali, mluv\u010d\u00ed libyjsk\u00e9ho centra pro z\u00e1chranku a pohotovost.<\/span><\/p>\n<div class=\"rtcode\">\n<p dir=\"ltr\" lang=\"en\"><em>Ni\u010div\u00e9 z\u00e1plavy si podle \u00fa\u0159ad\u016f vy\u017e\u00e1daly \u017eivoty v\u00edce ne\u017e 8 000 lid\u00ed, n\u011bkte\u0159\u00ed odhaduj\u00ed, \u017ee by se po\u010det mohl vy\u0161plhat a\u017e na 20 000.\u00a0Upozorn\u011bn\u00ed: N\u00e1sleduj\u00edc\u00ed zpr\u00e1va obsahuje velmi znepokojiv\u00e9 obr\u00e1zky.\u00a0<a href=\"https:\/\/t.co\/mm1Sjo7UTN\">pic.twitter.com\/mm1Sjo7UTN<\/a><\/em><\/p>\n<p><em>\u2014 RT (@RT_com)\u00a0<a href=\"https:\/\/twitter.com\/RT_com\/status\/1702291111128043707?ref_src=twsrc%5Etfw\">14. z\u00e1\u0159\u00ed 2023<\/a><\/em><\/div>\n<p><span>T\u00fdmy z Egypta, Turecka a Kataru dorazily do severoafrick\u00e9 zem\u011b, aby se z\u00fa\u010dastnily prob\u00edhaj\u00edc\u00edch p\u00e1trac\u00edch a z\u00e1chrann\u00fdch operac\u00ed.<\/span><\/p>\n<div class=\"read-more read-more__right\" data-has-alias=\"\"><img decoding=\"async\" loading=\"lazy\" class=\"wp-image-33819 aligncenter\" src=\"http:\/\/www.infokuryr.cz\/n\/wp-content\/uploads\/2023\/08\/ces1-300x157.jpg\" alt=\"\" width=\"1366\" height=\"715\" srcset=\"https:\/\/www.infokuryr.cz\/n\/wp-content\/uploads\/2023\/08\/ces1-300x157.jpg 300w, https:\/\/www.infokuryr.cz\/n\/wp-content\/uploads\/2023\/08\/ces1-1024x536.jpg 1024w, https:\/\/www.infokuryr.cz\/n\/wp-content\/uploads\/2023\/08\/ces1-768x402.jpg 768w, https:\/\/www.infokuryr.cz\/n\/wp-content\/uploads\/2023\/08\/ces1.jpg 1200w\" sizes=\"(max-width: 1366px) 100vw, 1366px\" \/><\/div>\n<p><span>Od zavra\u017ed\u011bn\u00ed Muammara Kadd\u00e1f\u00edho v roce 2011 je Libye rozd\u011blena mezi dva konkuren\u010dn\u00ed org\u00e1ny, mezin\u00e1rodn\u011b uzn\u00e1vanou vl\u00e1du n\u00e1rodn\u00ed jednoty s\u00eddl\u00edc\u00ed v z\u00e1padn\u00edm m\u011bst\u011b Tripolis a paraleln\u00ed spr\u00e1vu na v\u00fdchod\u011b, kde se nach\u00e1z\u00ed Derna.<\/span><\/p>\n<p><span>Vysok\u00fd komisa\u0159 OSN pro lidsk\u00e1 pr\u00e1va Volker Turk ve st\u0159ede\u010dn\u00edm\u00a0<\/span><a href=\"https:\/\/news.un.org\/en\/story\/2023\/09\/1140717\" target=\"_blank\" rel=\"noopener noreferrer\"><span>prohl\u00e1\u0161en\u00ed<\/span><\/a><span>\u00a0vyzval politick\u00e9 frakce, aby \u201e\u00a0<\/span><em><span>jednaly spole\u010dn\u011b p\u0159i zaji\u0161\u0165ov\u00e1n\u00ed p\u0159\u00edstupu k pomoci.\u00a0<\/span><\/em><span>\u201c<\/span><\/p>\n<p><span>Sv\u011btov\u00fd potravinov\u00fd program OSN ozn\u00e1mil dod\u00e1n\u00ed sv\u00e9 prvn\u00ed z\u00e1silky potravinov\u00e9 pomoci do Libye, kde ji\u017e pom\u00e1h\u00e1 v\u00edce ne\u017e 52 000 lidem, v\u010detn\u011b vnit\u0159n\u011b vys\u00eddlen\u00fdch lid\u00ed, navr\u00e1tilc\u016f a migrant\u016f v m\u011bstsk\u00fdch oblastech.<\/span><\/p>\n<p><span>V \u00fater\u00fd koordin\u00e1tor OSN pro mimo\u0159\u00e1dn\u00e9 ud\u00e1losti Martin Griffiths uvedl, \u017ee na pomoc posti\u017een\u00fdm povodn\u011bmi byl vy\u010dlen\u011bn fond ve v\u00fd\u0161i 10 milion\u016f dolar\u016f.<\/span><\/p>\n<p><img decoding=\"async\" loading=\"lazy\" class=\"alignnone size-full wp-image-1185\" src=\"http:\/\/www.infokuryr.cz\/n\/wp-content\/uploads\/2021\/04\/kuryr-podpis.png\" alt=\"\" width=\"84\" height=\"24\" \/><\/p>\n<p>&nbsp;<\/p>\n<p><a href=\"https:\/\/stranapro.cz\/\"><img decoding=\"async\" loading=\"lazy\" class=\"wp-image-30218 aligncenter\" src=\"http:\/\/www.infokuryr.cz\/n\/wp-content\/uploads\/2023\/06\/PRO-banner-300x36.png\" alt=\"\" width=\"1358\" height=\"163\" srcset=\"https:\/\/www.infokuryr.cz\/n\/wp-content\/uploads\/2023\/06\/PRO-banner-300x36.png 300w, https:\/\/www.infokuryr.cz\/n\/wp-content\/uploads\/2023\/06\/PRO-banner-768x93.png 768w, https:\/\/www.infokuryr.cz\/n\/wp-content\/uploads\/2023\/06\/PRO-banner.png 849w\" sizes=\"(max-width: 1358px) 100vw, 1358px\" \/><\/a><\/p>\n<p>&nbsp;<\/p>\n<p>&nbsp;<\/p>\n<p>&nbsp;<\/p>\n<p>&nbsp;<\/p>\n","protected":false},"excerpt":{"rendered":"<p>Z\u00e1chran\u00e1\u0159i poh\u0159b\u00edvaj\u00ed ob\u011bti ve \u201et\u0159ech\u00a0masov\u00fdch hrobech\u201c kv\u016fli nedostatku \u010dasu a prostoru, informoval m\u00edstn\u00ed z\u00e1chran\u00e1\u0159 Po\u010det&#8230;<\/p>\n","protected":false},"author":2,"featured_media":36219,"comment_status":"closed","ping_status":"closed","sticky":false,"template":"","format":"standard","meta":[],"categories":[7],"tags":[4642,871,4772],"_links":{"self":[{"href":"https:\/\/www.infokuryr.cz\/n\/wp-json\/wp\/v2\/posts\/36218"}],"collection":[{"href":"https:\/\/www.infokuryr.cz\/n\/wp-json\/wp\/v2\/posts"}],"about":[{"href":"https:\/\/www.infokuryr.cz\/n\/wp-json\/wp\/v2\/types\/post"}],"author":[{"embeddable":true,"href":"https:\/\/www.infokuryr.cz\/n\/wp-json\/wp\/v2\/users\/2"}],"replies":[{"embeddable":true,"href":"https:\/\/www.infokuryr.cz\/n\/wp-json\/wp\/v2\/comments?post=36218"}],"version-history":[{"count":0,"href":"https:\/\/www.infokuryr.cz\/n\/wp-json\/wp\/v2\/posts\/36218\/revisions"}],"wp:featuredmedia":[{"embeddable":true,"href":"https:\/\/www.infokuryr.cz\/n\/wp-json\/wp\/v2\/media\/36219"}],"wp:attachment":[{"href":"https:\/\/www.infokuryr.cz\/n\/wp-json\/wp\/v2\/media?parent=36218"}],"wp:term":[{"taxonomy":"category","embeddable":true,"href":"https:\/\/www.infokuryr.cz\/n\/wp-json\/wp\/v2\/categories?post=36218"},{"taxonomy":"post_tag","embeddable":true,"href":"https:\/\/www.infokuryr.cz\/n\/wp-json\/wp\/v2\/tags?post=36218"}],"curies":[{"name":"wp","href":"https:\/\/api.w.org\/{rel}","templated":true}]}}