{"id":36158,"date":"2023-09-14T05:54:52","date_gmt":"2023-09-14T03:54:52","guid":{"rendered":"http:\/\/www.infokuryr.cz\/n\/?p=36158"},"modified":"2023-09-14T05:54:52","modified_gmt":"2023-09-14T03:54:52","slug":"poslechnete-nebo-trpte-ursula-von-der-leyenova-vyzyva-k-zavedeni-globalniho-digitalniho-id","status":"publish","type":"post","link":"https:\/\/www.infokuryr.cz\/n\/2023\/09\/14\/poslechnete-nebo-trpte-ursula-von-der-leyenova-vyzyva-k-zavedeni-globalniho-digitalniho-id\/","title":{"rendered":"Poslechn\u011bte nebo trpte: Ur\u0161ula von der Leyenov\u00e1 vyz\u00fdv\u00e1 k zaveden\u00ed glob\u00e1ln\u00edho digit\u00e1ln\u00edho ID"},"content":{"rendered":"<div id=\"fb-root\"><\/div>\n<p><span>P\u0159edsedkyn\u011b Evropsk\u00e9 komise Ursula von der Leyenov\u00e1 ofici\u00e1ln\u011b vyzvala sv\u011bt, aby byl vytvo\u0159en mezin\u00e1rodn\u00ed r\u00e1mec, kter\u00fd zavede glob\u00e1ln\u00ed syst\u00e9m digit\u00e1ln\u00ed identifikace.\u00a0Vyzvala tak\u00e9, aby v\u00fdvoj um\u011bl\u00e9 inteligence reguloval mezin\u00e1rodn\u00ed org\u00e1n.<\/span><\/p>\n<p><span>Von der Leyenov\u00e1, nik\u00fdm nezvolen\u00e1 \u0161\u00e9fka exekutivy Evropsk\u00e9 unie, u\u010dinila toto prohl\u00e1\u0161en\u00ed v dob\u011b, kdy mluvila na zased\u00e1n\u00ed \u201eNa\u0161e budoucnost\u201c b\u011bhem ned\u00e1vn\u00e9ho summitu G20 v Indii v ned\u011bli 10. z\u00e1\u0159\u00ed.<\/span><\/p>\n<p><span>\u0160\u00e9fka EU se zasadila za glob\u00e1ln\u00ed p\u0159ijet\u00ed \u201edigit\u00e1ln\u00edch ve\u0159ejn\u00fdch infrastruktur\u201c v souladu s t\u011bmi, kter\u00e9 byly vytvo\u0159eny k usnadn\u011bn\u00ed pou\u017e\u00edv\u00e1n\u00ed a uzn\u00e1v\u00e1n\u00ed o\u010dkovac\u00edch pas\u016f Covid-19.\u00a0Konkr\u00e9tn\u011b von der Leyenov\u00e1 chce syst\u00e9m p\u0159ijat\u00fd v EU roz\u0161\u00ed\u0159it celosv\u011btov\u011b.<\/span><\/p>\n<p><em><span>\u201eMnoz\u00ed z v\u00e1s znaj\u00ed digit\u00e1ln\u00ed certifik\u00e1t Covid-19.\u00a0EU si ho vyvinula pro sebe,\u201c<\/span><\/em><span>\u00a0\u0159ekla Leyenov\u00e1.<\/span><\/p>\n<p><em><span>\u201eModel byl tak funk\u010dn\u00ed a tak d\u016fv\u011bryhodn\u00fd, \u017ee jej bezplatn\u011b p\u0159ijalo 51 zem\u00ed na \u010dty\u0159ech kontinentech.\u00a0Sv\u011btov\u00e1 zdravotnick\u00e1 organizace (WHO) jej dnes pou\u017e\u00edv\u00e1 jako glob\u00e1ln\u00ed standard pro usnadn\u011bn\u00ed mobility v dob\u011b ohro\u017een\u00ed zdrav\u00ed,\u201c<\/span><\/em><span>\u00a0dodala.<\/span><\/p>\n<p><em><span>\u201eChci je\u0161t\u011b jednou pod\u011bkovat gener\u00e1ln\u00edmu \u0159editeli WHO Dr.\u00a0Tedrosu Ghebreyesusovi za vynikaj\u00edc\u00ed spolupr\u00e1ci.\u201c<\/span><\/em><\/p>\n<p><span>V\u00fdzva Von der Leyenov\u00e9 p\u0159ich\u00e1z\u00ed v dob\u011b, kdy EU ji\u017e zav\u00e1d\u00ed celoevropskou aplikaci \u201edigit\u00e1ln\u00ed identity\u201c \u2013 superaplikaci, kter\u00e1 by obsahovala pas ob\u010dana EU, \u0159idi\u010dsk\u00fd pr\u016fkaz, kreditn\u00ed karty a dal\u0161\u00ed osobn\u00ed informace.<\/span><\/p>\n<p><em><span>&#8222;Trik je vybudovat ve\u0159ejnou digit\u00e1ln\u00ed infrastrukturu, kter\u00e1 je interoperabiln\u00ed, otev\u0159en\u00e1 pro v\u0161echny a d\u016fv\u011bryhodn\u00e1,&#8220;\u00a0<\/span><\/em><span>\u00a0\u0159ekla.<\/span><\/p>\n<p><span>Co se stane lidem, kte\u0159\u00ed se nebudou cht\u00edt takov\u00e9ho sch\u00e9matu digit\u00e1ln\u00ed identifikace z\u00fa\u010dastnit, si um\u00edme snadno domyslet.\u00a0B\u011bhem pandemie byli lid\u00e9 bez\u00a0<\/span><a href=\"https:\/\/www.badatel.net\/covid-pasy-menia-spolocnost-na-despoticku-nocnu-moru-nezaockovani-ziju-ako-utecenci\/\"><span>covidov\u00fdch pas\u016f<\/span><\/a><span>\u00a0v\u00fdrazn\u011b omezov\u00e1ni &#8211; nemohli chodit do obchod\u016f, do restaurac\u00ed \u010di dokonce do pr\u00e1ce nebo \u0161koly!<\/span><\/p>\n<h2><span>Von der Leyenov\u00e1 tak\u00e9 vyz\u00fdv\u00e1 k vytvo\u0159en\u00ed glob\u00e1ln\u00edho org\u00e1nu reguluj\u00edc\u00edho v\u00fdvoj um\u011bl\u00e9 inteligence<\/span><\/h2>\n<p><span>Ve sv\u00e9m projevu von der Leyenov\u00e1 hovo\u0159ila tak\u00e9 o pot\u0159eb\u011b zm\u00edrnit rizika neutuchaj\u00edc\u00edho rozvoje um\u011bl\u00e9 inteligence.<\/span><\/p>\n<p><em><span>\u201eJak se ji\u017e \u010dasto popsalo, um\u011bl\u00e1 inteligence m\u00e1 rizika, ale nab\u00edz\u00ed tak\u00e9 obrovsk\u00e9 p\u0159\u00edle\u017eitosti.\u00a0Rozhoduj\u00edc\u00ed ot\u00e1zkou je, jak vyu\u017e\u00edt rychle se rozv\u00edjej\u00edc\u00ed technologie,\u201c<\/span><\/em><span>\u00a0\u0159ekla von der Leyenov\u00e1.<\/span><\/p>\n<p><em><span>\u201eV EU jsme v roce 2020 p\u0159edstavili v\u016fbec prvn\u00ed z\u00e1kon o um\u011bl\u00e9 inteligenci.\u00a0Chceme usnadnit inovace p\u0159i budov\u00e1n\u00ed d\u016fv\u011bry,\u201c<\/span><\/em><span>\u00a0dodala.<\/span><\/p>\n<p><em><span>\u201ePot\u0159ebujeme v\u0161ak v\u00edc.\u00a0To, co sv\u011bt \u010din\u00ed nyn\u00ed, bude formovat na\u0161i budoucnost.\u00a0Jsem p\u0159esv\u011bd\u010dena, \u017ee Evropa a jej\u00ed partne\u0159i by m\u011bli vyvinout nov\u00fd glob\u00e1ln\u00ed r\u00e1mec pro rizika um\u011bl\u00e9 inteligence.\u201c<\/span><\/em><\/p>\n<div class=\"code-block code-block-9\">\n<div id=\"badat-1555440598\">\n<p><img decoding=\"async\" loading=\"lazy\" class=\"wp-image-33819 aligncenter\" src=\"http:\/\/www.infokuryr.cz\/n\/wp-content\/uploads\/2023\/08\/ces1-300x157.jpg\" alt=\"\" width=\"1359\" height=\"711\" srcset=\"https:\/\/www.infokuryr.cz\/n\/wp-content\/uploads\/2023\/08\/ces1-300x157.jpg 300w, https:\/\/www.infokuryr.cz\/n\/wp-content\/uploads\/2023\/08\/ces1-1024x536.jpg 1024w, https:\/\/www.infokuryr.cz\/n\/wp-content\/uploads\/2023\/08\/ces1-768x402.jpg 768w, https:\/\/www.infokuryr.cz\/n\/wp-content\/uploads\/2023\/08\/ces1.jpg 1200w\" sizes=\"(max-width: 1359px) 100vw, 1359px\" \/><\/p>\n<\/div>\n<\/div>\n<p><span>Von der Leyenov\u00e1 tvrd\u00ed, \u017ee sv\u011bt pot\u0159ebuje org\u00e1n, kter\u00fd by byl potenci\u00e1ln\u011b \u0159\u00edzen Organizaci spojen\u00fdch n\u00e1rod\u016f.\u00a0Tento org\u00e1n by \u0159\u00eddil politiku um\u011bl\u00e9 inteligence, podobn\u011b jako\u00a0<\/span><em><span>Mezivl\u00e1dn\u00ed panel pro zm\u011bnu klimatu<\/span><\/em><span>\u00a0\u0159e\u0161\u00ed ot\u00e1zky souvisej\u00edc\u00ed s takzvan\u00fdm glob\u00e1ln\u00edm oteplov\u00e1n\u00edm.<\/span><\/p>\n<p><em><span>&#8222;Mus\u00edme oslovit v\u011bdce, podnikatele a inov\u00e1tory,&#8220;<\/span><\/em><span>\u00a0\u0159ekla Leyenov\u00e1.<\/span><\/p>\n<p><em><span>\u201eMus\u00ed vyhodnotit znalosti o rizic\u00edch, kter\u00e9 p\u0159edstavuje um\u011bl\u00e1 inteligence, jako\u017e io potenci\u00e1ln\u00edch v\u00fdhod\u00e1ch pro lidstvo.\u201c<\/span><\/em><\/p>\n<p><span>Na summitu G20 byly v\u00fdzvy von der Leyenov\u00e9 k regulaci um\u011bl\u00e9 inteligence p\u0159ijaty ostatn\u00edmi \u010dleny G20 pozitivn\u011b.\u00a0Samotn\u00fd indick\u00fd premi\u00e9r Narendra Modi \u0159ekl, \u017ee skupina by m\u011bla vytvo\u0159it r\u00e1mec pro regulaci um\u011bl\u00e9 inteligence zam\u011b\u0159en\u00e9 na \u010dlov\u011bka.<\/span><\/p>\n<p><span>N\u011bmeck\u00fd ministr financ\u00ed Christian Lindner uvedl, \u017ee blok bude \u0159e\u0161it etiku v\u00fdvoje um\u011bl\u00e9 inteligence ve spole\u010dn\u00fdch pravidlech.\u00a0<\/span><em><span>&#8222;Jde o proces, kter\u00fd za\u010d\u00edn\u00e1 u\u017e nyn\u00ed, i na \u00farovni odborn\u00edk\u016f, a p\u0159\u00ed\u0161t\u00ed rok se m\u00e1 prohloubit,&#8220;<\/span><\/em><span>\u00a0\u0159ekl.<\/span><\/p>\n<p><span>V z\u00e1v\u011bre\u010dn\u00e9m komunik\u00e9 skupiny ze summitu l\u00eddr\u016f G20 uvedli, \u017ee budou pokra\u010dovat v pr\u00e1ci na zaji\u0161t\u011bn\u00ed \u201ezodpov\u011bdn\u00e9ho v\u00fdvoje, nasazov\u00e1n\u00ed a pou\u017e\u00edv\u00e1n\u00ed um\u011bl\u00e9 inteligence\u201c, kter\u00fd bude chr\u00e1nit osobn\u00ed pr\u00e1va, transparentnost, soukrom\u00ed a ochranu \u00fadaj\u016f a vyh\u00fdbat se dal\u0161\u00edm probl\u00e9m\u016fm.<\/span><\/p>\n<p><span>L\u00edd\u0159i G20 se tak\u00e9 dohodli, \u017ee budou prosazovat \u201eproinova\u010dn\u00ed regula\u010dn\u00ed\/\u0159\u00edd\u00edc\u00ed p\u0159\u00edstup\u201c, kter\u00fd zohled\u0148uje rizika spojen\u00e1 s v\u00fdvojem um\u011bl\u00e9 inteligence a z\u00e1rove\u0148 se sna\u017e\u00ed maximalizovat jej\u00ed v\u00fdhody.<\/span><\/p>\n<p><span>\u201eJe v\u00fdsti\u017en\u00e9, \u017ee dokonce i tv\u016frci a vyn\u00e1lezci um\u011bl\u00e9 inteligence vyz\u00fdvaj\u00ed politick\u00e9 l\u00eddry, aby tuto oblast regulovali,\u201c \u0159ekla von der Leyenov\u00e1.<\/span><\/p>\n<p><span>D\u00e1le poznamenala, \u017ee zodpov\u011bdnost za regulaci um\u011bl\u00e9 inteligence p\u0159esahuje hranice, proto jsou nezbytn\u00e9 celosv\u011btov\u00e9 kolektivn\u00ed akce.\u00a0V t\u00e9to souvislosti vyz\u00fdv\u00e1 EU a jej\u00ed glob\u00e1ln\u00ed partnery, aby se do tohoto \u00fasil\u00ed pustili spole\u010dn\u011b.<\/span><\/p>\n<p><span>R\u00e1mec navrhovan\u00fd \u0161\u00e9fkou EU je podobn\u00fd r\u00e1mci, kter\u00fd cht\u011bj\u00ed p\u0159ijmout l\u00edd\u0159i G20 \u2013 m\u00e1 b\u00fdt takov\u00fd, kter\u00fd bude vyv\u00edjet um\u011blou inteligenci zp\u016fsobem, kter\u00fd podporuje investice do bezpe\u010dn\u00fdch a zodpov\u011bdn\u00fdch syst\u00e9m\u016f a z\u00e1rove\u0148 chr\u00e1n\u00ed p\u0159ed spole\u010densk\u00fdmi riziky spojen\u00fdmi s um\u011blou inteligenc\u00ed.<\/span><\/p>\n<p><span>V\u00edce o um\u011bl\u00e9 inteligenci a digit\u00e1ln\u00edm soukrom\u00ed naleznete na str\u00e1nce\u00a0<\/span><a href=\"https:\/\/robots.news\/\" target=\"_blank\" rel=\"noopener\"><span>Robots.news<\/span><\/a><span> .<\/span><\/p>\n<p><span>Autor: Arsenio Toledo, Zdroj:\u00a0<\/span><a href=\"https:\/\/www.naturalnews.com\/2023-09-12-eu-chief-creation-global-digital-id-system.html\" target=\"_blank\" rel=\"noopener\"><span>naturalnews.com<\/span><\/a><\/p>\n<p>&nbsp;<\/p>\n<p><a href=\"https:\/\/stranapro.cz\/\"><img decoding=\"async\" loading=\"lazy\" class=\"wp-image-30218 aligncenter\" src=\"http:\/\/www.infokuryr.cz\/n\/wp-content\/uploads\/2023\/06\/PRO-banner-300x36.png\" alt=\"\" width=\"1367\" height=\"164\" srcset=\"https:\/\/www.infokuryr.cz\/n\/wp-content\/uploads\/2023\/06\/PRO-banner-300x36.png 300w, https:\/\/www.infokuryr.cz\/n\/wp-content\/uploads\/2023\/06\/PRO-banner-768x93.png 768w, https:\/\/www.infokuryr.cz\/n\/wp-content\/uploads\/2023\/06\/PRO-banner.png 849w\" sizes=\"(max-width: 1367px) 100vw, 1367px\" \/><\/a><\/p>\n<p>&nbsp;<\/p>\n<p>&nbsp;<\/p>\n<p>&nbsp;<\/p>\n","protected":false},"excerpt":{"rendered":"<p>P\u0159edsedkyn\u011b Evropsk\u00e9 komise Ursula von der Leyenov\u00e1 ofici\u00e1ln\u011b vyzvala sv\u011bt, aby byl vytvo\u0159en mezin\u00e1rodn\u00ed r\u00e1mec,&#8230;<\/p>\n","protected":false},"author":2,"featured_media":36159,"comment_status":"closed","ping_status":"closed","sticky":false,"template":"","format":"standard","meta":[],"categories":[7],"tags":[2214,41,3251],"_links":{"self":[{"href":"https:\/\/www.infokuryr.cz\/n\/wp-json\/wp\/v2\/posts\/36158"}],"collection":[{"href":"https:\/\/www.infokuryr.cz\/n\/wp-json\/wp\/v2\/posts"}],"about":[{"href":"https:\/\/www.infokuryr.cz\/n\/wp-json\/wp\/v2\/types\/post"}],"author":[{"embeddable":true,"href":"https:\/\/www.infokuryr.cz\/n\/wp-json\/wp\/v2\/users\/2"}],"replies":[{"embeddable":true,"href":"https:\/\/www.infokuryr.cz\/n\/wp-json\/wp\/v2\/comments?post=36158"}],"version-history":[{"count":0,"href":"https:\/\/www.infokuryr.cz\/n\/wp-json\/wp\/v2\/posts\/36158\/revisions"}],"wp:featuredmedia":[{"embeddable":true,"href":"https:\/\/www.infokuryr.cz\/n\/wp-json\/wp\/v2\/media\/36159"}],"wp:attachment":[{"href":"https:\/\/www.infokuryr.cz\/n\/wp-json\/wp\/v2\/media?parent=36158"}],"wp:term":[{"taxonomy":"category","embeddable":true,"href":"https:\/\/www.infokuryr.cz\/n\/wp-json\/wp\/v2\/categories?post=36158"},{"taxonomy":"post_tag","embeddable":true,"href":"https:\/\/www.infokuryr.cz\/n\/wp-json\/wp\/v2\/tags?post=36158"}],"curies":[{"name":"wp","href":"https:\/\/api.w.org\/{rel}","templated":true}]}}