{"id":36151,"date":"2023-09-14T05:34:53","date_gmt":"2023-09-14T03:34:53","guid":{"rendered":"http:\/\/www.infokuryr.cz\/n\/?p=36151"},"modified":"2023-09-14T05:34:53","modified_gmt":"2023-09-14T03:34:53","slug":"nemci-se-vraci-k-jaderne-energii-v-africe-to-neni-zert","status":"publish","type":"post","link":"https:\/\/www.infokuryr.cz\/n\/2023\/09\/14\/nemci-se-vraci-k-jaderne-energii-v-africe-to-neni-zert\/","title":{"rendered":"N\u011bmci se vrac\u00ed k jadern\u00e9 energii \u2013 v Africe. To nen\u00ed \u017eert!"},"content":{"rendered":"<div id=\"fb-root\"><\/div>\n<p>N\u011bmeck\u00e1 vl\u00e1da sice nechala odstavit v\u0161echny jadern\u00e9 elektr\u00e1rny zru\u0161it katedry jadern\u00e9ho in\u017een\u00fdrstv\u00ed na n\u011bmeck\u00fdch universit\u00e1ch a kancl\u00e9\u0159 Scholz prohl\u00e1sil jadernou energii za \u201emrtv\u00e9ho kon\u011b\u201c (<em>totes Pferd<\/em>).<\/p>\n<p><strong>N\u011bmeck\u00e9 anga\u017em\u00e1 v oblasti v\u00fdroby jadern\u00e9 energie ale nekon\u010d\u00ed a N\u011bmci se chystaj\u00ed stav\u011bt nov\u00fd zku\u0161ebn\u00ed jadern\u00fd reaktor. Nikoliv v N\u011bmecku,\u00a0<a href=\"https:\/\/jungefreiheit.de\/wirtschaft\/2023\/energierevolution-in-afrika\/\">ale v africk\u00e9 Rwand\u011b<\/a>. Jedn\u00e1 se o novou technologii jadern\u00e9 v\u00fdroby elekt\u0159iny tzv. dual fluid, kde se spot\u0159ebuje podstatn\u011b m\u00e9n\u011b paliva, pracuje s teplotou do 1000 C a samotn\u00e1 reaktor m\u00e1 velikost automatick\u00e9 pra\u010dky. technologie je bezpe\u010dn\u00e1, ekologicky \u0161etrn\u00e1 a hlavn\u011b levn\u00e1.<\/strong> Firma Dual fluid vznikla p\u016fvodn\u011b v Berl\u00edn\u011b, ale p\u0159ed 2 roky se p\u0159est\u011bhovala do Kanady, kde hysterii v\u016f\u010di jadern\u00e9 energetice je na n\u00edzk\u00e9 \u00farovni.<\/p>\n<p><strong>Je to biz\u00e1r, vysp\u011bl\u00e9 technologie se p\u0159esouvaj\u00ed z N\u011bmecka do Afriky a z Afriky se do N\u011bmecka p\u0159esouvaj\u00ed negramotn\u00ed \u201ejadern\u00ed v\u011bdci\u201c, kte\u0159\u00ed maj\u00ed nahradit p\u016fvodn\u00ed b\u00edl\u00e9 obyvatelstvo.<\/strong><\/p>\n<p><img decoding=\"async\" loading=\"lazy\" class=\"alignnone size-full wp-image-1185\" src=\"http:\/\/www.infokuryr.cz\/n\/wp-content\/uploads\/2021\/04\/kuryr-podpis.png\" alt=\"\" width=\"84\" height=\"24\" \/><\/p>\n<p>&nbsp;<\/p>\n<p><img decoding=\"async\" loading=\"lazy\" class=\"wp-image-33819 aligncenter\" src=\"http:\/\/www.infokuryr.cz\/n\/wp-content\/uploads\/2023\/08\/ces1-300x157.jpg\" alt=\"\" width=\"1355\" height=\"709\" srcset=\"https:\/\/www.infokuryr.cz\/n\/wp-content\/uploads\/2023\/08\/ces1-300x157.jpg 300w, https:\/\/www.infokuryr.cz\/n\/wp-content\/uploads\/2023\/08\/ces1-1024x536.jpg 1024w, https:\/\/www.infokuryr.cz\/n\/wp-content\/uploads\/2023\/08\/ces1-768x402.jpg 768w, https:\/\/www.infokuryr.cz\/n\/wp-content\/uploads\/2023\/08\/ces1.jpg 1200w\" sizes=\"(max-width: 1355px) 100vw, 1355px\" \/><\/p>\n<p>&nbsp;<\/p>\n<p><a href=\"https:\/\/stranapro.cz\/\"><img decoding=\"async\" loading=\"lazy\" class=\"wp-image-30218 aligncenter\" src=\"http:\/\/www.infokuryr.cz\/n\/wp-content\/uploads\/2023\/06\/PRO-banner-300x36.png\" alt=\"\" width=\"1358\" height=\"163\" srcset=\"https:\/\/www.infokuryr.cz\/n\/wp-content\/uploads\/2023\/06\/PRO-banner-300x36.png 300w, https:\/\/www.infokuryr.cz\/n\/wp-content\/uploads\/2023\/06\/PRO-banner-768x93.png 768w, https:\/\/www.infokuryr.cz\/n\/wp-content\/uploads\/2023\/06\/PRO-banner.png 849w\" sizes=\"(max-width: 1358px) 100vw, 1358px\" \/><\/a><\/p>\n<p>&nbsp;<\/p>\n<p>&nbsp;<\/p>\n<p>&nbsp;<\/p>\n","protected":false},"excerpt":{"rendered":"<p>N\u011bmeck\u00e1 vl\u00e1da sice nechala odstavit v\u0161echny jadern\u00e9 elektr\u00e1rny zru\u0161it katedry jadern\u00e9ho in\u017een\u00fdrstv\u00ed na n\u011bmeck\u00fdch universit\u00e1ch&#8230;<\/p>\n","protected":false},"author":2,"featured_media":36152,"comment_status":"closed","ping_status":"closed","sticky":false,"template":"","format":"standard","meta":[],"categories":[7],"tags":[1271,183,429],"_links":{"self":[{"href":"https:\/\/www.infokuryr.cz\/n\/wp-json\/wp\/v2\/posts\/36151"}],"collection":[{"href":"https:\/\/www.infokuryr.cz\/n\/wp-json\/wp\/v2\/posts"}],"about":[{"href":"https:\/\/www.infokuryr.cz\/n\/wp-json\/wp\/v2\/types\/post"}],"author":[{"embeddable":true,"href":"https:\/\/www.infokuryr.cz\/n\/wp-json\/wp\/v2\/users\/2"}],"replies":[{"embeddable":true,"href":"https:\/\/www.infokuryr.cz\/n\/wp-json\/wp\/v2\/comments?post=36151"}],"version-history":[{"count":1,"href":"https:\/\/www.infokuryr.cz\/n\/wp-json\/wp\/v2\/posts\/36151\/revisions"}],"predecessor-version":[{"id":36153,"href":"https:\/\/www.infokuryr.cz\/n\/wp-json\/wp\/v2\/posts\/36151\/revisions\/36153"}],"wp:featuredmedia":[{"embeddable":true,"href":"https:\/\/www.infokuryr.cz\/n\/wp-json\/wp\/v2\/media\/36152"}],"wp:attachment":[{"href":"https:\/\/www.infokuryr.cz\/n\/wp-json\/wp\/v2\/media?parent=36151"}],"wp:term":[{"taxonomy":"category","embeddable":true,"href":"https:\/\/www.infokuryr.cz\/n\/wp-json\/wp\/v2\/categories?post=36151"},{"taxonomy":"post_tag","embeddable":true,"href":"https:\/\/www.infokuryr.cz\/n\/wp-json\/wp\/v2\/tags?post=36151"}],"curies":[{"name":"wp","href":"https:\/\/api.w.org\/{rel}","templated":true}]}}