{"id":36147,"date":"2023-09-14T01:17:19","date_gmt":"2023-09-13T23:17:19","guid":{"rendered":"http:\/\/www.infokuryr.cz\/n\/?p=36147"},"modified":"2023-09-13T20:24:56","modified_gmt":"2023-09-13T18:24:56","slug":"londyn-vyzyva-kim-cong-una-aby-zastavil-jednani-o-prodeji-zbrani-do-ruska","status":"publish","type":"post","link":"https:\/\/www.infokuryr.cz\/n\/2023\/09\/14\/londyn-vyzyva-kim-cong-una-aby-zastavil-jednani-o-prodeji-zbrani-do-ruska\/","title":{"rendered":"Lond\u00fdn vyz\u00fdv\u00e1 Kim \u010cong-una, aby zastavil jedn\u00e1n\u00ed o prodeji zbran\u00ed do Ruska"},"content":{"rendered":"<div id=\"fb-root\"><\/div>\n<div class=\"news-text-body\">\n<p class=\"lead\"><strong>Downing Street vyzval Severn\u00ed Koreu, aby ukon\u010dila jedn\u00e1n\u00ed o mo\u017en\u00e9m prodeji zbran\u00ed Rusku.\u00a0Informovala o tom Sky News.<\/strong><\/p>\n<p><em>\u201eVyz\u00fdv\u00e1me KLDR, aby ukon\u010dila jedn\u00e1n\u00ed o zbran\u00edch s Ruskem a dodr\u017eela ve\u0159ejn\u00e9 z\u00e1vazky Pchjongjangu neprod\u00e1vat zbran\u011b Rusku.\u00a0Tato n\u00e1v\u0161t\u011bva slou\u017e\u00ed ke zd\u016frazn\u011bn\u00ed izolace Ruska na sv\u011btov\u00e9 sc\u00e9n\u011b, a kdy\u017e se sv\u011bt sjednotil proti ileg\u00e1ln\u00ed Putinov\u011b invazi na Ukrajinu, byl nucen obr\u00e1tit se na re\u017eimy, jako je Severn\u00ed Korea.\u201c<span class=\"after-quote\"> &#8211; \u0159ekl mluv\u010d\u00ed britsk\u00e9 vl\u00e1dy.<\/span><\/em><span id=\"after_incut_1\"><\/span><span>Je t\u0159eba poznamenat, \u017ee Lond\u00fdn oslovil Pchjongjang s v\u00fd\u0161e uveden\u00fdm po\u017eadavkem v souvislosti s cestou severokorejsk\u00e9ho v\u016fdce\u00a0<\/span><strong><span>Kim \u010cong-una<\/span><\/strong><span>\u00a0na D\u00e1ln\u00fd v\u00fdchod.\u00a0Naposledy byl v Rusku na ofici\u00e1ln\u00ed n\u00e1v\u0161t\u011bv\u011b v roce 2019.<\/span><\/p>\n<p><span>Jak informovala m\u00e9dia<\/span><span>\u00a0, Moskva a Pchjongjang rozvinou spolupr\u00e1ci, kter\u00e1 nebude podl\u00e9hat tlaku ze strany z\u00e1padn\u00edch zem\u00ed.\u00a0Po jedn\u00e1n\u00ed mezi v\u016fdci Ruska a KLDR\u00a0<strong>Vladimirem Putinem<\/strong>\u00a0a Kim \u010cong-unem\u00a0to dnes, 13. z\u00e1\u0159\u00ed, \u0159ekl rusk\u00fd ministr zahrani\u010d\u00ed\u00a0<\/span><strong><span>Sergej Lavrov .<\/span><\/strong><\/p>\n<p><span>P\u0159ipome\u0148me, \u017ee v\u010dera se na kosmodromu Vosto\u010dnyj v Amursk\u00e9 oblasti uskute\u010dnilo setk\u00e1n\u00ed rusk\u00e9ho prezidenta Vladimira Putina s \u0161\u00e9fem KLDR Kim \u010cong-unem.<\/span><\/p>\n<p>&nbsp;<\/p>\n<div class=\"adaptive-video\"><iframe src=\"https:\/\/vk.com\/video_ext.php?oid=-92700616&amp;id=456239456&amp;hash=54a31140fa20d3b8\" allowfullscreen=\"allowfullscreen\" data-mce-fragment=\"1\"><\/iframe><\/div>\n<p>&nbsp;<\/p>\n<\/div>\n<div><\/div>\n<div class=\"socials-wrapper socials-floating\">\n<div class=\"social-likes socials-visible socials-ready\" data-url=\"https:\/\/eadaily.com\/ru\/news\/2023\/09\/13\/london-prizval-kim-chen-yna-prekratit-peregovory-o-prodazhe-oruzhiya-rossii\" data-title=\"\u041b\u043e\u043d\u0434\u043e\u043d \u043f\u0440\u0438\u0437\u0432\u0430\u043b \u041a\u0438\u043c \u0427\u0435\u043d \u042b\u043d\u0430 \u043f\u0440\u0435\u043a\u0440\u0430\u0442\u0438\u0442\u044c \u043f\u0435\u0440\u0435\u0433\u043e\u0432\u043e\u0440\u044b \u043e\u00a0\u043f\u0440\u043e\u0434\u0430\u0436\u0435 \u043e\u0440\u0443\u0436\u0438\u044f \u0420\u043e\u0441\u0441\u0438\u0438\">\n<div class=\"socials-widget socials-widget-vk\" title=\"Sd\u00edlejte na VKontakte\"><img decoding=\"async\" loading=\"lazy\" class=\"alignnone size-full wp-image-1185\" src=\"http:\/\/www.infokuryr.cz\/n\/wp-content\/uploads\/2021\/04\/kuryr-podpis.png\" alt=\"\" width=\"84\" height=\"24\" \/><\/div>\n<\/div>\n<div title=\"Sd\u00edlejte na VKontakte\">\n<p><img decoding=\"async\" loading=\"lazy\" class=\"wp-image-33819 aligncenter\" src=\"http:\/\/www.infokuryr.cz\/n\/wp-content\/uploads\/2023\/08\/ces1-300x157.jpg\" alt=\"\" width=\"1362\" height=\"713\" srcset=\"https:\/\/www.infokuryr.cz\/n\/wp-content\/uploads\/2023\/08\/ces1-300x157.jpg 300w, https:\/\/www.infokuryr.cz\/n\/wp-content\/uploads\/2023\/08\/ces1-1024x536.jpg 1024w, https:\/\/www.infokuryr.cz\/n\/wp-content\/uploads\/2023\/08\/ces1-768x402.jpg 768w, https:\/\/www.infokuryr.cz\/n\/wp-content\/uploads\/2023\/08\/ces1.jpg 1200w\" sizes=\"(max-width: 1362px) 100vw, 1362px\" \/><\/div>\n<\/div>\n<div title=\"Sd\u00edlejte na VKontakte\">\n<p><a href=\"https:\/\/stranapro.cz\/\"><img decoding=\"async\" loading=\"lazy\" class=\"wp-image-30218 aligncenter\" src=\"http:\/\/www.infokuryr.cz\/n\/wp-content\/uploads\/2023\/06\/PRO-banner-300x36.png\" alt=\"\" width=\"1358\" height=\"163\" srcset=\"https:\/\/www.infokuryr.cz\/n\/wp-content\/uploads\/2023\/06\/PRO-banner-300x36.png 300w, https:\/\/www.infokuryr.cz\/n\/wp-content\/uploads\/2023\/06\/PRO-banner-768x93.png 768w, https:\/\/www.infokuryr.cz\/n\/wp-content\/uploads\/2023\/06\/PRO-banner.png 849w\" sizes=\"(max-width: 1358px) 100vw, 1358px\" \/><\/a><\/div>\n<div title=\"Sd\u00edlejte na VKontakte\"><\/div>\n<div title=\"Sd\u00edlejte na VKontakte\"><\/div>\n<p>&nbsp;<\/p>\n","protected":false},"excerpt":{"rendered":"<p>Downing Street vyzval Severn\u00ed Koreu, aby ukon\u010dila jedn\u00e1n\u00ed o mo\u017en\u00e9m prodeji zbran\u00ed Rusku.\u00a0Informovala o tom&#8230;<\/p>\n","protected":false},"author":2,"featured_media":15654,"comment_status":"closed","ping_status":"closed","sticky":false,"template":"","format":"standard","meta":[],"categories":[7],"tags":[1644,502,306,22,2064,73],"_links":{"self":[{"href":"https:\/\/www.infokuryr.cz\/n\/wp-json\/wp\/v2\/posts\/36147"}],"collection":[{"href":"https:\/\/www.infokuryr.cz\/n\/wp-json\/wp\/v2\/posts"}],"about":[{"href":"https:\/\/www.infokuryr.cz\/n\/wp-json\/wp\/v2\/types\/post"}],"author":[{"embeddable":true,"href":"https:\/\/www.infokuryr.cz\/n\/wp-json\/wp\/v2\/users\/2"}],"replies":[{"embeddable":true,"href":"https:\/\/www.infokuryr.cz\/n\/wp-json\/wp\/v2\/comments?post=36147"}],"version-history":[{"count":0,"href":"https:\/\/www.infokuryr.cz\/n\/wp-json\/wp\/v2\/posts\/36147\/revisions"}],"wp:featuredmedia":[{"embeddable":true,"href":"https:\/\/www.infokuryr.cz\/n\/wp-json\/wp\/v2\/media\/15654"}],"wp:attachment":[{"href":"https:\/\/www.infokuryr.cz\/n\/wp-json\/wp\/v2\/media?parent=36147"}],"wp:term":[{"taxonomy":"category","embeddable":true,"href":"https:\/\/www.infokuryr.cz\/n\/wp-json\/wp\/v2\/categories?post=36147"},{"taxonomy":"post_tag","embeddable":true,"href":"https:\/\/www.infokuryr.cz\/n\/wp-json\/wp\/v2\/tags?post=36147"}],"curies":[{"name":"wp","href":"https:\/\/api.w.org\/{rel}","templated":true}]}}