{"id":36146,"date":"2023-09-14T01:16:06","date_gmt":"2023-09-13T23:16:06","guid":{"rendered":"http:\/\/www.infokuryr.cz\/n\/?p=36146"},"modified":"2023-09-13T20:18:50","modified_gmt":"2023-09-13T18:18:50","slug":"kyjev-zautocil-na-lodenici-v-sevastopolu-britskymi-strelami-storm-shadow","status":"publish","type":"post","link":"https:\/\/www.infokuryr.cz\/n\/2023\/09\/14\/kyjev-zautocil-na-lodenici-v-sevastopolu-britskymi-strelami-storm-shadow\/","title":{"rendered":"Kyjev za\u00fato\u010dil na lod\u011bnici v Sevastopolu britsk\u00fdmi st\u0159elami Storm Shadow"},"content":{"rendered":"<div id=\"fb-root\"><\/div>\n<p class=\"lead\"><strong>Kyjev pou\u017eil \u0159\u00edzen\u00e9 st\u0159ely Storm Shadow dod\u00e1van\u00e9 Velkou Brit\u00e1ni\u00ed Ukrajin\u011b p\u0159i \u00fatoku na tov\u00e1rnu na opravu lod\u00ed (SRZ) pojmenovanou po S. Ord\u017eonikidze v Sevastopolu.\u00a0Informovala o tom televize Sky News s odvol\u00e1n\u00edm na z\u00e1padn\u00ed a ukrajinsk\u00e9 p\u0159edstavitele.<\/strong><\/p>\n<p><em>\u201eByl to Storm Shadow\u201c<span class=\"after-quote\">\u00a0\u201c \u0159ekl jeden ze zdroj\u016f televizn\u00edho kan\u00e1lu.<\/span><\/em><\/p>\n<p><span>Sky News poznamen\u00e1v\u00e1, \u017ee Prvn\u00ed n\u00e1mo\u0159n\u00ed lord Velk\u00e9 Brit\u00e1nie &#8211; \u0161\u00e9f kr\u00e1lovsk\u00e9ho n\u00e1mo\u0159nictva &#8211; admir\u00e1l\u00a0<\/span><strong><span>Ben Key<\/span><\/strong><span>\u00a0, kter\u00fd odpov\u00eddal na ot\u00e1zky novin\u00e1\u0159\u016f na mezin\u00e1rodn\u00ed v\u00fdstav\u011b zbran\u00ed v Lond\u00fdn\u011b, nepotvrdil pou\u017eit\u00ed Storm Shadow p\u0159i \u00fatoku ukrajinsk\u00fdch ozbrojen\u00fdch sil. v tov\u00e1rn\u011b v Sevastopolu, ale nazna\u010dil, \u017ee tyto akce \u201eukazuj\u00ed, \u010deho lze dos\u00e1hnout inovativn\u00edmi p\u0159\u00edstupy a ochotou riskovat,\u201c uv\u00e1d\u00ed TASS.<\/span><\/p>\n<p><span>Jak informovalo rusk\u00e9 ministerstvo obrany, ukrajinsk\u00e9 ozbrojen\u00e9 s\u00edly za\u00fato\u010dily v\u010dera v noci na z\u00e1vod na opravu lod\u00ed v Sevastopolu 10 \u0159\u00edzen\u00fdmi st\u0159elami, z nich\u017e 7 zachytily syst\u00e9my protivzdu\u0161n\u00e9 obrany. Ukrajinsk\u00e9 ozbrojen\u00e9 s\u00edly tak\u00e9 zas\u00e1hly t\u0159emi bezpilotn\u00edmi \u010dluny odd\u00edl lod\u00ed \u010cernomo\u0159sk\u00e9 flotily b\u011bhem n\u00e1mo\u0159n\u00ed plavby.\u00a0Vojensk\u00e9 odd\u011blen\u00ed uvedlo, \u017ee hl\u00eddkov\u00e1 lo\u010f Vasilij Bykov zni\u010dila v\u0161echny bezpilotn\u00ed \u010dluny.\u00a0V d\u016fsledku zasa\u017een\u00ed nep\u0159\u00e1telsk\u00fdmi \u0159\u00edzen\u00fdmi st\u0159elami byly po\u0161kozeny dv\u011b opravovan\u00e9 lod\u011b.\u00a0Rusk\u00e9 ministerstvo obrany pozd\u011bji uvedlo, \u017ee lod\u011b budou kompletn\u011b obnoveny.<\/span><\/p>\n<p><span>Guvern\u00e9r Sevastopolu\u00a0<\/span><strong><span>Michail Razvozhaev<\/span><\/strong><span> informoval, \u017ee podle p\u0159edb\u011b\u017en\u00fdch \u00fadaj\u016f byl na m\u011bsto proveden raketov\u00fd \u00fatok, v jeho\u017e d\u016fsledku do\u0161lo k po\u017e\u00e1ru v oblasti South Bay a opera\u010dn\u00ed slu\u017eby pracuj\u00ed na ji\u017en\u00edm m\u00edst\u011b lod\u011bnice.\u00a0V d\u016fsledku \u00fatoku bylo zran\u011bno 24 lid\u00ed, \u010dty\u0159i z nich jsou ve st\u0159edn\u011b t\u011b\u017ek\u00e9m stavu.<\/span><\/p>\n<p><span>V kv\u011btnu tehdej\u0161\u00ed britsk\u00fd ministr obrany\u00a0<\/span><strong><span>Ben Wallace<\/span><\/strong><span>\u00a0potvrdil skute\u010dnost, \u017ee Lond\u00fdn p\u0159evezl na Ukrajinu rakety Storm Shadow, jejich\u017e dost\u0159el je asi 250 km.<\/span><\/p>\n<p><img decoding=\"async\" loading=\"lazy\" class=\"alignnone size-full wp-image-1185\" src=\"http:\/\/www.infokuryr.cz\/n\/wp-content\/uploads\/2021\/04\/kuryr-podpis.png\" alt=\"\" width=\"84\" height=\"24\" \/><\/p>\n<p>&nbsp;<\/p>\n<p><img decoding=\"async\" loading=\"lazy\" class=\"wp-image-33819 aligncenter\" src=\"http:\/\/www.infokuryr.cz\/n\/wp-content\/uploads\/2023\/08\/ces1-300x157.jpg\" alt=\"\" width=\"1370\" height=\"717\" srcset=\"https:\/\/www.infokuryr.cz\/n\/wp-content\/uploads\/2023\/08\/ces1-300x157.jpg 300w, https:\/\/www.infokuryr.cz\/n\/wp-content\/uploads\/2023\/08\/ces1-1024x536.jpg 1024w, https:\/\/www.infokuryr.cz\/n\/wp-content\/uploads\/2023\/08\/ces1-768x402.jpg 768w, https:\/\/www.infokuryr.cz\/n\/wp-content\/uploads\/2023\/08\/ces1.jpg 1200w\" sizes=\"(max-width: 1370px) 100vw, 1370px\" \/><\/p>\n<p>&nbsp;<\/p>\n<p><a href=\"https:\/\/stranapro.cz\/\"><img decoding=\"async\" loading=\"lazy\" class=\"wp-image-30218 aligncenter\" src=\"http:\/\/www.infokuryr.cz\/n\/wp-content\/uploads\/2023\/06\/PRO-banner-300x36.png\" alt=\"\" width=\"1358\" height=\"163\" srcset=\"https:\/\/www.infokuryr.cz\/n\/wp-content\/uploads\/2023\/06\/PRO-banner-300x36.png 300w, https:\/\/www.infokuryr.cz\/n\/wp-content\/uploads\/2023\/06\/PRO-banner-768x93.png 768w, https:\/\/www.infokuryr.cz\/n\/wp-content\/uploads\/2023\/06\/PRO-banner.png 849w\" sizes=\"(max-width: 1358px) 100vw, 1358px\" \/><\/a><\/p>\n<p>&nbsp;<\/p>\n<p>&nbsp;<\/p>\n<p>&nbsp;<\/p>\n","protected":false},"excerpt":{"rendered":"<p>Kyjev pou\u017eil \u0159\u00edzen\u00e9 st\u0159ely Storm Shadow dod\u00e1van\u00e9 Velkou Brit\u00e1ni\u00ed Ukrajin\u011b p\u0159i \u00fatoku na tov\u00e1rnu na&#8230;<\/p>\n","protected":false},"author":2,"featured_media":27870,"comment_status":"closed","ping_status":"closed","sticky":false,"template":"","format":"standard","meta":[],"categories":[7],"tags":[5898,3695,4966,1635],"_links":{"self":[{"href":"https:\/\/www.infokuryr.cz\/n\/wp-json\/wp\/v2\/posts\/36146"}],"collection":[{"href":"https:\/\/www.infokuryr.cz\/n\/wp-json\/wp\/v2\/posts"}],"about":[{"href":"https:\/\/www.infokuryr.cz\/n\/wp-json\/wp\/v2\/types\/post"}],"author":[{"embeddable":true,"href":"https:\/\/www.infokuryr.cz\/n\/wp-json\/wp\/v2\/users\/2"}],"replies":[{"embeddable":true,"href":"https:\/\/www.infokuryr.cz\/n\/wp-json\/wp\/v2\/comments?post=36146"}],"version-history":[{"count":0,"href":"https:\/\/www.infokuryr.cz\/n\/wp-json\/wp\/v2\/posts\/36146\/revisions"}],"wp:featuredmedia":[{"embeddable":true,"href":"https:\/\/www.infokuryr.cz\/n\/wp-json\/wp\/v2\/media\/27870"}],"wp:attachment":[{"href":"https:\/\/www.infokuryr.cz\/n\/wp-json\/wp\/v2\/media?parent=36146"}],"wp:term":[{"taxonomy":"category","embeddable":true,"href":"https:\/\/www.infokuryr.cz\/n\/wp-json\/wp\/v2\/categories?post=36146"},{"taxonomy":"post_tag","embeddable":true,"href":"https:\/\/www.infokuryr.cz\/n\/wp-json\/wp\/v2\/tags?post=36146"}],"curies":[{"name":"wp","href":"https:\/\/api.w.org\/{rel}","templated":true}]}}