{"id":36134,"date":"2023-09-14T01:15:56","date_gmt":"2023-09-13T23:15:56","guid":{"rendered":"http:\/\/www.infokuryr.cz\/n\/?p=36134"},"modified":"2023-09-13T15:45:57","modified_gmt":"2023-09-13T13:45:57","slug":"z-pis-se-mi-chce-zvracet-vudce-liberalni-opozice-tusk-zintenzivnil-retoriku-tesne-pred-celostatnimi-volbami-v-polsku","status":"publish","type":"post","link":"https:\/\/www.infokuryr.cz\/n\/2023\/09\/14\/z-pis-se-mi-chce-zvracet-vudce-liberalni-opozice-tusk-zintenzivnil-retoriku-tesne-pred-celostatnimi-volbami-v-polsku\/","title":{"rendered":"\u201eZ PiS se mi chce zvracet\u201c \u2013 v\u016fdce liber\u00e1ln\u00ed opozice Tusk zintenzivnil r\u00e9toriku t\u011bsn\u011b p\u0159ed celost\u00e1tn\u00edmi volbami v Polsku"},"content":{"rendered":"<div id=\"fb-root\"><\/div>\n<p><span style=\"font-size: 18pt;\"><strong>&#8222;Pane Tusku, pokud m\u00e1te \u017ealude\u010dn\u00ed probl\u00e9my, nav\u0161tivte odborn\u00edka,\u201c uvedl v reakci jeden poslanec PiS<\/strong><\/span><\/p>\n<p>P\u0159edseda polsk\u00e9 opozice a b\u00fdval\u00fd premi\u00e9r\u00a0<a class=\"ek-link\" href=\"https:\/\/rmx.news\/poland\/polands-pm-slams-german-politician-weber-we-dont-want-you-teaching-us-about-democracy-its-enough-that-you-sent-us-donald-tusk\/\">Donald Tusk<\/a>\u00a0v \u00fater\u00fd vystoupil na platformu X, aby zah\u00e1jil sv\u016fj nejnov\u011bj\u0161\u00ed \u00fatok na vl\u00e1dn\u00ed konzervativn\u00ed stranu Pr\u00e1vo a spravedlnost (PiS).<\/p>\n<p>\u201eVyd\u011blali pen\u00edze z pandemie, nemocn\u00fdch d\u011bt\u00ed, p\u016fdy pat\u0159\u00edc\u00ed c\u00edrkvi, inflace a migrant\u016f.\u00a0Leg\u00e1ln\u00ed a spravedliv\u00e9, opravdu.\u00a0Chce se mi z toho zvracet,\u201c napsal.\u00a0Linka \u201eleg\u00e1ln\u00ed a spravedliv\u00e1\u201c odkazuje na n\u00e1zev PiS jako strany Pr\u00e1vo a spravedlnost.<\/p>\n<figure class=\"wp-block-embed is-type-rich is-provider-twitter wp-block-embed-twitter\">\n<div class=\"wp-block-embed__wrapper\">\n<div class=\"twitter-tweet twitter-tweet-rendered\"><iframe id=\"twitter-widget-0\" class=\"\" title=\"Twitter Tweet\" src=\"https:\/\/platform.twitter.com\/embed\/Tweet.html?dnt=true&amp;embedId=twitter-widget-0&amp;features=eyJ0ZndfdGltZWxpbmVfbGlzdCI6eyJidWNrZXQiOltdLCJ2ZXJzaW9uIjpudWxsfSwidGZ3X2ZvbGxvd2VyX2NvdW50X3N1bnNldCI6eyJidWNrZXQiOnRydWUsInZlcnNpb24iOm51bGx9LCJ0ZndfdHdlZXRfZWRpdF9iYWNrZW5kIjp7ImJ1Y2tldCI6Im9uIiwidmVyc2lvbiI6bnVsbH0sInRmd19yZWZzcmNfc2Vzc2lvbiI6eyJidWNrZXQiOiJvbiIsInZlcnNpb24iOm51bGx9LCJ0ZndfZm9zbnJfc29mdF9pbnRlcnZlbnRpb25zX2VuYWJsZWQiOnsiYnVja2V0Ijoib24iLCJ2ZXJzaW9uIjpudWxsfSwidGZ3X21peGVkX21lZGlhXzE1ODk3Ijp7ImJ1Y2tldCI6InRyZWF0bWVudCIsInZlcnNpb24iOm51bGx9LCJ0ZndfZXhwZXJpbWVudHNfY29va2llX2V4cGlyYXRpb24iOnsiYnVja2V0IjoxMjA5NjAwLCJ2ZXJzaW9uIjpudWxsfSwidGZ3X3Nob3dfYmlyZHdhdGNoX3Bpdm90c19lbmFibGVkIjp7ImJ1Y2tldCI6Im9uIiwidmVyc2lvbiI6bnVsbH0sInRmd19kdXBsaWNhdGVfc2NyaWJlc190b19zZXR0aW5ncyI6eyJidWNrZXQiOiJvbiIsInZlcnNpb24iOm51bGx9LCJ0ZndfdXNlX3Byb2ZpbGVfaW1hZ2Vfc2hhcGVfZW5hYmxlZCI6eyJidWNrZXQiOiJvbiIsInZlcnNpb24iOm51bGx9LCJ0ZndfdmlkZW9faGxzX2R5bmFtaWNfbWFuaWZlc3RzXzE1MDgyIjp7ImJ1Y2tldCI6InRydWVfYml0cmF0ZSIsInZlcnNpb24iOm51bGx9LCJ0ZndfbGVnYWN5X3RpbWVsaW5lX3N1bnNldCI6eyJidWNrZXQiOnRydWUsInZlcnNpb24iOm51bGx9LCJ0ZndfdHdlZXRfZWRpdF9mcm9udGVuZCI6eyJidWNrZXQiOiJvbiIsInZlcnNpb24iOm51bGx9fQ%3D%3D&amp;frame=false&amp;hideCard=false&amp;hideThread=false&amp;id=1701483503538311265&amp;lang=cs&amp;origin=https%3A%2F%2Frmx.news%2Fpoland%2Fpis-makes-me-want-to-puke-liberal-opposition-leader-tusk-ramps-up-rhetoric-right-before-national-elections-in-poland%2F&amp;sessionId=7c8d3510ec61a9e1fd550095285e7525d1222565&amp;theme=light&amp;widgetsVersion=aaf4084522e3a%3A1674595607486&amp;width=550px\" frameborder=\"0\" scrolling=\"no\" allowfullscreen=\"allowfullscreen\" data-tweet-id=\"1701483503538311265\" data-mce-fragment=\"1\"><\/iframe><\/div>\n<\/div>\n<\/figure>\n<p>P\u0159\u00edznivci vl\u00e1dnouc\u00ed strany rychle reagovali na losov\u00e1n\u00ed.<\/p>\n<p>\u201eTusk opustil Polsko do Bruselu a nechal svou zemi \u010delit migra\u010dn\u00ed krizi, chudob\u011b a polsk\u00fdm firm\u00e1m rozprodan\u00fdm cizinc\u016fm.\u00a0Nyn\u00ed se vrac\u00ed do Polska bojovat za n\u011bmeck\u00e9 z\u00e1jmy t\u00edm, \u017ee chrl\u00ed jed.\u00a0Revoltuj\u00edc\u00ed,\u201c reagoval n\u00e1m\u011bstek polsk\u00e9ho ministra spravedlnosti\u00a0<a class=\"ek-link\" href=\"https:\/\/rmx.news\/article\/eurostat-poland-with-highest-rise-in-employment-in-the-eu-in-2020\/\">Marcin Romanowski<\/a>\u00a0.<\/p>\n<p>Europoslanec PiS\u00a0<a class=\"ek-link\" href=\"https:\/\/rmx.news\/poland\/nine-eu-countries-have-still-not-received-any-money-from-the-covid-19-recovery-fund\/\">Bogdan Rzo\u0144ca<\/a>\u00a0zaujal k Tuskov\u00fdm pozn\u00e1mk\u00e1m pobaven\u011bji.<\/p>\n<p>&#8222;Pan.\u00a0Tusku, pokud m\u00e1te \u017ealude\u010dn\u00ed pot\u00ed\u017ee, nav\u0161tivte odborn\u00edka.\u00a0N\u011bmeck\u00e1 kuchyn\u011b d\u00e1v\u00e1 za\u017e\u00edvac\u00ed pot\u00ed\u017ee, \u010das p\u0159ej\u00edt na polskou kuchyni,\u201c napsal.<\/p>\n<p>Vedouc\u00ed ml\u00e1de\u017ee Oskar Szafarowicz odpov\u011bd\u011bl, \u017ee si pamatuje, v jak\u00e9m stavu bylo Polsko p\u0159ed 10 lety.<\/p>\n<p>\u201eP\u00ed\u0161e se rok 2013, 800 000 hladov\u00fdch d\u011bt\u00ed, v\u00edce ne\u017e 3 miliony Pol\u00e1k\u016f \u017eij\u00edc\u00edch v extr\u00e9mn\u00ed chudob\u011b, hodinov\u00e1 sazba za pr\u00e1ci ni\u017e\u0161\u00ed ne\u017e 1 euro, zv\u00fd\u0161en\u00ed v\u011bku odchodu do d\u016fchodu, zv\u00fd\u0161en\u00ed DPH, uzav\u0159en\u00ed lod\u011bnic, likvidace arm\u00e1dn\u00edch jednotek, omezen\u00ed \u017eelezni\u010dn\u00ed a autobusov\u00e9 dopravy a st\u00e1tn\u00ed aktiva rozprod\u00e1na za sn\u00ed\u017een\u00e9 ceny.\u00a0\u00dadol\u00ed slz a zlomen\u00fdch srdc\u00ed pro polsk\u00fd lid,\u201c napsal Szafarowicz p\u0159i v\u00fd\u010dtu rekord\u016f p\u0159edchoz\u00ed Tuskovy vl\u00e1dy.<\/p>\n<p><a class=\"ek-link\" href=\"https:\/\/rmx.news\/poland\/zelensky-and-duda-pay-homage-to-wwii-era-volhynia-massacre-victims-killed-by-ukrainian-nationalists\/\">Pawe\u0142 Szrot<\/a>\u00a0, hlavn\u00ed poradce prezidenta Andrzeje Dudy, kter\u00fd kandiduje ve volb\u00e1ch 15. \u0159\u00edjna, se k Tuskov\u00fdm \u00fatok\u016fm vyj\u00e1d\u0159il odm\u00edtav\u011b.<\/p>\n<p>\u201eZoufalstv\u00ed a frustrace.\u00a0Ztr\u00e1c\u00ed nervy.\u00a0Bude h\u016f\u0159.\u00a0Kdybychom byli tak posedl\u00ed hodnocen\u00edm pr\u016fzkum\u016f, nebyli bychom na m\u00edst\u011b, kde jsme dnes,\u201c napsal.<\/p>\n<p>Podle v\u011bt\u0161iny pr\u016fzkum\u016f vl\u00e1dn\u00ed strana v posledn\u00ed dob\u011b zv\u00fd\u0161ila sv\u016fj n\u00e1skok p\u0159ed opozic\u00ed vedenou Donaldem Tuskem.<\/p>\n<p><img decoding=\"async\" loading=\"lazy\" class=\"alignnone size-full wp-image-1185\" src=\"http:\/\/www.infokuryr.cz\/n\/wp-content\/uploads\/2021\/04\/kuryr-podpis.png\" alt=\"\" width=\"84\" height=\"24\" \/><\/p>\n<p>&nbsp;<\/p>\n<p><img decoding=\"async\" loading=\"lazy\" class=\"wp-image-33819 aligncenter\" src=\"http:\/\/www.infokuryr.cz\/n\/wp-content\/uploads\/2023\/08\/ces1-300x157.jpg\" alt=\"\" width=\"1353\" height=\"708\" srcset=\"https:\/\/www.infokuryr.cz\/n\/wp-content\/uploads\/2023\/08\/ces1-300x157.jpg 300w, https:\/\/www.infokuryr.cz\/n\/wp-content\/uploads\/2023\/08\/ces1-1024x536.jpg 1024w, https:\/\/www.infokuryr.cz\/n\/wp-content\/uploads\/2023\/08\/ces1-768x402.jpg 768w, https:\/\/www.infokuryr.cz\/n\/wp-content\/uploads\/2023\/08\/ces1.jpg 1200w\" sizes=\"(max-width: 1353px) 100vw, 1353px\" \/><\/p>\n<p>&nbsp;<\/p>\n<p><a href=\"https:\/\/stranapro.cz\/\"><img decoding=\"async\" loading=\"lazy\" class=\"wp-image-30218 aligncenter\" src=\"http:\/\/www.infokuryr.cz\/n\/wp-content\/uploads\/2023\/06\/PRO-banner-300x36.png\" alt=\"\" width=\"1358\" height=\"163\" srcset=\"https:\/\/www.infokuryr.cz\/n\/wp-content\/uploads\/2023\/06\/PRO-banner-300x36.png 300w, https:\/\/www.infokuryr.cz\/n\/wp-content\/uploads\/2023\/06\/PRO-banner-768x93.png 768w, https:\/\/www.infokuryr.cz\/n\/wp-content\/uploads\/2023\/06\/PRO-banner.png 849w\" sizes=\"(max-width: 1358px) 100vw, 1358px\" \/><\/a><\/p>\n<p>&nbsp;<\/p>\n<p>&nbsp;<\/p>\n<p>&nbsp;<\/p>\n","protected":false},"excerpt":{"rendered":"<p>&#8222;Pane Tusku, pokud m\u00e1te \u017ealude\u010dn\u00ed probl\u00e9my, nav\u0161tivte odborn\u00edka,\u201c uvedl v reakci jeden poslanec PiS P\u0159edseda&#8230;<\/p>\n","protected":false},"author":2,"featured_media":36137,"comment_status":"closed","ping_status":"closed","sticky":false,"template":"","format":"standard","meta":[],"categories":[7],"tags":[31,5896,27],"_links":{"self":[{"href":"https:\/\/www.infokuryr.cz\/n\/wp-json\/wp\/v2\/posts\/36134"}],"collection":[{"href":"https:\/\/www.infokuryr.cz\/n\/wp-json\/wp\/v2\/posts"}],"about":[{"href":"https:\/\/www.infokuryr.cz\/n\/wp-json\/wp\/v2\/types\/post"}],"author":[{"embeddable":true,"href":"https:\/\/www.infokuryr.cz\/n\/wp-json\/wp\/v2\/users\/2"}],"replies":[{"embeddable":true,"href":"https:\/\/www.infokuryr.cz\/n\/wp-json\/wp\/v2\/comments?post=36134"}],"version-history":[{"count":1,"href":"https:\/\/www.infokuryr.cz\/n\/wp-json\/wp\/v2\/posts\/36134\/revisions"}],"predecessor-version":[{"id":36136,"href":"https:\/\/www.infokuryr.cz\/n\/wp-json\/wp\/v2\/posts\/36134\/revisions\/36136"}],"wp:featuredmedia":[{"embeddable":true,"href":"https:\/\/www.infokuryr.cz\/n\/wp-json\/wp\/v2\/media\/36137"}],"wp:attachment":[{"href":"https:\/\/www.infokuryr.cz\/n\/wp-json\/wp\/v2\/media?parent=36134"}],"wp:term":[{"taxonomy":"category","embeddable":true,"href":"https:\/\/www.infokuryr.cz\/n\/wp-json\/wp\/v2\/categories?post=36134"},{"taxonomy":"post_tag","embeddable":true,"href":"https:\/\/www.infokuryr.cz\/n\/wp-json\/wp\/v2\/tags?post=36134"}],"curies":[{"name":"wp","href":"https:\/\/api.w.org\/{rel}","templated":true}]}}