{"id":36107,"date":"2023-09-14T01:06:31","date_gmt":"2023-09-13T23:06:31","guid":{"rendered":"http:\/\/www.infokuryr.cz\/n\/?p=36107"},"modified":"2023-09-13T14:49:32","modified_gmt":"2023-09-13T12:49:32","slug":"putin-se-vyjadril-o-teroristickych-utocich-na-ruske-jaderne-elektrarny-planovanych-londynem","status":"publish","type":"post","link":"https:\/\/www.infokuryr.cz\/n\/2023\/09\/14\/putin-se-vyjadril-o-teroristickych-utocich-na-ruske-jaderne-elektrarny-planovanych-londynem\/","title":{"rendered":"Putin se vyj\u00e1d\u0159il o teroristick\u00fdch \u00fatoc\u00edch na rusk\u00e9 jadern\u00e9 elektr\u00e1rny pl\u00e1novan\u00fdch Lond\u00fdnem"},"content":{"rendered":"<div id=\"fb-root\"><\/div>\n<p><span style=\"font-size: 14pt;\"><strong>Rusk\u00fd prezident Putin na panelov\u00e9 diskusi hovo\u0159il o pl\u00e1novan\u00fdch teroristick\u00fdch \u00fatoc\u00edch na rusk\u00e9 jadern\u00e9 elektr\u00e1rny, kter\u00e9 mohly b\u00fdt napl\u00e1nov\u00e1ny britskou rozv\u011bdkou bez v\u011bdom\u00ed britsk\u00e9 vl\u00e1dy.<\/strong><\/span><\/p>\n<p>Na V\u00fdchodn\u00edm ekonomick\u00e9m f\u00f3ru, kter\u00e9 v n\u011bmeck\u00fdch m\u00e9di\u00edch nehraje \u017e\u00e1dnou roli, se Putin op\u011bt tradi\u010dn\u011b \u00fa\u010dastnil panelov\u00e9 diskuse.\u00a0Nen\u00ed divu, \u017ee n\u011bmeck\u00e1 m\u00e9dia o konferenci neinformovala, proto\u017ee dramaticky uk\u00e1zala, jak Asie ekonomicky p\u0159edb\u00edh\u00e1 Evropu.<\/p>\n<p>V\u00a0<a href=\"http:\/\/kremlin.ru\/events\/president\/news\/72259\" target=\"_blank\" rel=\"noreferrer noopener\">panelov\u00e9 diskusi<\/a>\u00a0rusk\u00fd prezident Putin hovo\u0159il o pl\u00e1novan\u00fdch teroristick\u00fdch \u00fatoc\u00edch na rusk\u00e9 jadern\u00e9 elektr\u00e1rny, kter\u00e9 mohly b\u00fdt napl\u00e1nov\u00e1ny britskou rozv\u011bdkou bez v\u011bdom\u00ed britsk\u00e9 vl\u00e1dy.\u00a0Ot\u00e1zky a Putinovy \u200b\u200bodpov\u011bdi jsem kompletn\u011b p\u0159elo\u017eil.<\/p>\n<p>Skute\u010dnost, \u017ee moder\u00e1tor zmi\u0148uje \u201eviceprezidenta\u201c, je zp\u016fsobena t\u00edm, \u017ee na p\u00f3diu byl tak\u00e9 viceprezident Laosu.\u00a0Moder\u00e1tor se j\u00ed pozd\u011bji zeptal na n\u00e1sledky kazetov\u00e9 munice svr\u017een\u00e9 USA na Laos b\u011bhem v\u00e1lky ve Vietnamu, jej\u00ed\u017e nevybuchl\u00e1 munice zab\u00edj\u00ed lidi dodnes.<\/p>\n<p><em><strong>Za\u010d\u00e1tek p\u0159ekladu:<\/strong><\/em><\/p>\n<p><strong>Doronov:<\/strong>\u00a0Zept\u00e1m se na dod\u00e1vky zbran\u00ed a pak polo\u017e\u00edm ot\u00e1zku panu viceprezidentovi, proto\u017ee i pro v\u00e1s je to bolestiv\u00e9 t\u00e9ma, trochu jste o tom mluvil.\u00a0Bylo rozhodnuto dodat n\u00e1boje z ochuzen\u00e9ho uranu.\u00a0Nyn\u00ed pr\u00fd existuje mo\u017enost, \u017ee Ukrajina bude m\u00edt i rakety dlouh\u00e9ho doletu s dosahem a\u017e 300 kilometr\u016f.<\/p>\n<p>Za prv\u00e9, mysl\u00edte si, \u017ee to m\u016f\u017ee zm\u011bnit situaci na front\u011b?\u00a0A za druh\u00e9, jak budeme reagovat?<\/p>\n<p><strong>Putin:<\/strong>\u00a0V\u00edte, \u017ee jsme o tom ji\u017e mluvili, ale jsem nucen to zopakovat.\u00a0Nen\u00ed to tak d\u00e1vno, co vl\u00e1da USA v\u011b\u0159ila, \u017ee pou\u017eit\u00ed kazetov\u00e9 munice je v\u00e1le\u010dn\u00fdm zlo\u010dinem, a prohl\u00e1sila to ve\u0159ejn\u011b.\u00a0Nyn\u00ed dod\u00e1v\u00e1 kazetovou munici do v\u00e1le\u010dn\u00e9 z\u00f3ny na Ukrajin\u011b.<\/p>\n<p><strong>Doronow:<\/strong>\u00a0Ale \u0159\u00edkaj\u00ed, \u017ee ani USA, ani my jsme nepodepsali z\u00e1kaz jejich pou\u017e\u00edv\u00e1n\u00ed.<\/p>\n<p><strong>Putin:<\/strong>\u00a0Ve\u0159ejn\u011b prohl\u00e1sili, \u017ee jde o trestn\u00fd \u010din a tyto \u010diny p\u00e1chaj\u00ed.\u00a0Obecn\u011b je jim jedno, co si o nich lid\u00e9 mysl\u00ed, v\u0161e d\u011blaj\u00ed v\u017edy jen ve sv\u00e9m vlastn\u00edm z\u00e1jmu.\u00a0Mysleli si, \u017ee vzhledem k tomu, \u017ee jim doch\u00e1z\u00ed n\u00e1boje r\u00e1\u017ee 155 a je t\u011b\u017ek\u00e9 je vyr\u00e1b\u011bt &#8211; jak v evropsk\u00fdch zem\u00edch, tak v USA &#8211; daj\u00ed, co maj\u00ed ve v\u00fdzbroji.\u00a0Tak\u017ee oni maj\u00ed kazetovou munici a ono to prasklo a dali kazetovou munici.\u00a0Stejn\u00e9 je to s ochuzen\u00fdm uranem.\u00a0V\u0161echno jsou to zlo\u010diny, o kter\u00fdch mluvili oni sami, ne j\u00e1, oni \u0159\u00edkali, \u017ee to jsou zlo\u010diny.\u00a0Ale d\u011blaj\u00ed.<\/p>\n<p>Nic nepom\u00e1h\u00e1.\u00a0Ano, samoz\u0159ejm\u011b, \u017ee si to od n\u00e1s vyb\u00edr\u00e1 da\u0148.\u00a0Stejn\u00e9 je to s ochuzen\u00fdm uranem.\u00a0Kontaminuje oblast.\u00a0Je to \u0161patn\u00e9?\u00a0Je to velmi zl\u00e9.<\/p>\n<p><strong>Doronow:<\/strong>\u00a0Mimochodem, Grossi, \u0161\u00e9f MAAE, \u0159ekl: &#8222;Ne, nic takov\u00e9ho se nestane.&#8220;<\/p>\n<p><strong>Putin:<\/strong>\u00a0Ano, v\u00edme, co to je.\u00a0Oblasti jsou st\u00e1le kontaminovan\u00e9.<\/p>\n<p>A co se v t\u00e9 souvislosti stalo?\u00a0Ovlivnilo to dosavadn\u00ed situaci?\u00a0Britov\u00e9 dod\u00e1vaj\u00ed tyto gran\u00e1ty ji\u017e dlouhou dobu.\u00a0Zm\u011bnilo to n\u011bco na boji\u0161ti?\u00a0Ne.\u00a0Nyn\u00ed cht\u011bj\u00ed dodat F-16.\u00a0M\u011bn\u00ed to n\u011bco?\u00a0Ne.\u00a0To jen prodlu\u017euje konflikt.<\/p>\n<p>Volebn\u00ed proces za\u010d\u00edn\u00e1 v listopadu a mus\u00ed za ka\u017edou cenu p\u0159in\u00e9st v\u00fdsledky.\u00a0A nab\u00e1daj\u00ed Ukrajince, aby bojovali d\u00e1l, a\u0165 \u0159\u00edkaj\u00ed ve\u0159ejn\u011b cokoli, proto\u017ee jim na Ukrajinc\u00edch nez\u00e1le\u017e\u00ed.\u00a0Kupodivu dne\u0161n\u00ed ukrajinsk\u00e9 veden\u00ed nem\u00e1 slitov\u00e1n\u00ed se sv\u00fdmi vlastn\u00edmi lidmi, jen je hod\u00ed do pece, jen tak, to je v\u0161e.<\/p>\n<p>M\u011bn\u00ed to n\u011bco?\u00a0Mysl\u00edm, \u017ee ne, rozhodn\u011b ne.\u00a0Prodlou\u017e\u00ed to konflikt?\u00a0Ano, bude.<\/p>\n<p>Ale to n\u00e1s netr\u00e1p\u00ed, nemaj\u00ed \u017e\u00e1dn\u00e9 hranice.\u00a0Chci v\u00e1m vypr\u00e1v\u011bt p\u0159\u00edb\u011bh.<\/p>\n<p>Ned\u00e1vno p\u0159i vojensk\u00e9m st\u0159etu na na\u0161em \u00fazem\u00ed FSB zabila n\u011bkolik lid\u00ed a zbytek zajala.\u00a0Uk\u00e1zalo se, \u017ee \u0161lo o sabot\u00e1\u017en\u00ed skupinu ukrajinsk\u00fdch tajn\u00fdch slu\u017eeb.\u00a0V\u00fdslechy prob\u00edhaj\u00ed.\u00a0co ukazuj\u00ed?\u00a0Jejich \u00fakolem bylo po\u0161kodit jednu z na\u0161ich jadern\u00fdch elektr\u00e1ren, vyhodit do pov\u011bt\u0159\u00ed elektrick\u00e9 veden\u00ed, veden\u00ed vysok\u00e9ho nap\u011bt\u00ed, aby v kone\u010dn\u00e9m d\u016fsledku naru\u0161ili provoz elektr\u00e1rny.\u00a0A nen\u00ed to prvn\u00ed podobn\u00fd pokus.\u00a0P\u0159i v\u00fdslechu vypov\u011bd\u011bli, \u017ee byli p\u0159ipraveni pod veden\u00edm britsk\u00fdch instruktor\u016f.\u00a0Ch\u00e1pou v\u016fbec, do \u010deho jdou, nebo ne?\u00a0Provokuj\u00ed n\u00e1s k n\u011bjak\u00e9mu odvetn\u00e9mu \u00faderu proti ukrajinsk\u00fdm jadern\u00fdm za\u0159\u00edzen\u00edm nebo jadern\u00fdm elektr\u00e1rn\u00e1m?<\/p>\n<p>V\u011bd\u00ed v\u016fbec britsk\u00e9 veden\u00ed a premi\u00e9r, co d\u011blaj\u00ed jejich zpravodajsk\u00e9 slu\u017eby na Ukrajin\u011b, nebo mo\u017en\u00e1 nev\u011bd\u00ed v\u016fbec?\u00a0Mysl\u00edm, \u017ee je mo\u017en\u00e9, \u017ee britsk\u00e9 tajn\u00e9 slu\u017eby jednaj\u00ed podle pokyn\u016f Ameri\u010dan\u016f.\u00a0U\u017e v\u00edme, kdo bude nakonec p\u0159\u00edjemcem.\u00a0Uv\u011bdomuj\u00ed si, s \u010d\u00edm si hraj\u00ed, nebo ne?\u00a0M\u00e1m dojem, \u017ee prost\u011b situaci podce\u0148uj\u00ed.<\/p>\n<p><strong>Doronov:<\/strong>\u00a0Nem\u011bli \u010cernobyl.<\/p>\n<p><strong>Putin:<\/strong>\u00a0V\u00edte, v\u00edm, \u017ee po m\u00fdch slovech zazn\u00ed dal\u0161\u00ed v\u00fdk\u0159ik: \u201eTo je dal\u0161\u00ed hrozba, jadern\u00e9 vyd\u00edr\u00e1n\u00ed\u201c a tak d\u00e1le.\u00a0Uji\u0161\u0165uji v\u00e1s, \u017ee to, co jsem pr\u00e1v\u011b \u0159ekl, je \u00fapln\u00e1, absolutn\u00ed, \u010dist\u00e1 pravda.<\/p>\n<p>Tihle bastardi sed\u00ed s n\u00e1mi a d\u011blaj\u00ed prohl\u00e1\u0161en\u00ed.\u00a0Zn\u00e1m mo\u017enou reakci: &#8222;V\u0161echno, co \u0159\u00edkaj\u00ed, \u0159\u00edkaj\u00ed se zbran\u00ed v ruce.&#8220;\u00a0Ne, to nen\u00ed pravda a britsk\u00e9 zpravodajsk\u00e9 slu\u017eby v\u011bd\u00ed, \u017ee mluv\u00edm pravdu.\u00a0Ale nejsem si jist\u00fd, \u017ee britsk\u00e9 veden\u00ed v\u016fbec rozum\u00ed tomu, co se d\u011bje.<\/p>\n<p>Tyto v\u011bci jsou opravdu znepokojuj\u00edc\u00ed, proto\u017ee, jak se \u0159\u00edk\u00e1, neznaj\u00ed sv\u00e9 hranice a to m\u016f\u017ee v\u00e9st k v\u00e1\u017en\u00fdm n\u00e1sledk\u016fm.<\/p>\n<p><strong>Doronow:<\/strong>\u00a0Ale je n\u00e1m jasn\u00e9, \u017ee nebudeme \u00fato\u010dit na dod\u00e1vky jadern\u00e9 energie.<\/p>\n<p><strong>Putin:<\/strong>\u00a0\u0158ekl jsem v\u00e1m, \u017ee by n\u00e1s mohli vyprovokovat k t\u011bmto akc\u00edm.<\/p>\n<p><em><strong>Konec p\u0159ekladu<\/strong><\/em><\/p>\n<p><a href=\"https:\/\/www.anti-spiegel.ru\/2023\/putin-im-o-ton-ueber-von-london-geplante-terroranschlaege-auf-russische-akws\/\">Thomas R\u00f6per<\/a><\/p>\n<p><img decoding=\"async\" loading=\"lazy\" class=\"alignnone wp-image-22016\" src=\"http:\/\/www.infokuryr.cz\/n\/wp-content\/uploads\/2023\/01\/Thomas-Roper-298x300.jpg\" alt=\"\" width=\"175\" height=\"176\" srcset=\"https:\/\/www.infokuryr.cz\/n\/wp-content\/uploads\/2023\/01\/Thomas-Roper-298x300.jpg 298w, https:\/\/www.infokuryr.cz\/n\/wp-content\/uploads\/2023\/01\/Thomas-Roper-150x150.jpg 150w, https:\/\/www.infokuryr.cz\/n\/wp-content\/uploads\/2023\/01\/Thomas-Roper.jpg 596w\" sizes=\"(max-width: 175px) 100vw, 175px\" \/><\/p>\n<p>&nbsp;<\/p>\n<p><img decoding=\"async\" loading=\"lazy\" class=\"wp-image-33819 aligncenter\" src=\"http:\/\/www.infokuryr.cz\/n\/wp-content\/uploads\/2023\/08\/ces1-300x157.jpg\" alt=\"\" width=\"1362\" height=\"713\" srcset=\"https:\/\/www.infokuryr.cz\/n\/wp-content\/uploads\/2023\/08\/ces1-300x157.jpg 300w, https:\/\/www.infokuryr.cz\/n\/wp-content\/uploads\/2023\/08\/ces1-1024x536.jpg 1024w, https:\/\/www.infokuryr.cz\/n\/wp-content\/uploads\/2023\/08\/ces1-768x402.jpg 768w, https:\/\/www.infokuryr.cz\/n\/wp-content\/uploads\/2023\/08\/ces1.jpg 1200w\" sizes=\"(max-width: 1362px) 100vw, 1362px\" \/><\/p>\n<p>&nbsp;<\/p>\n<p><a href=\"https:\/\/stranapro.cz\/\"><img decoding=\"async\" loading=\"lazy\" class=\"wp-image-30218 aligncenter\" src=\"http:\/\/www.infokuryr.cz\/n\/wp-content\/uploads\/2023\/06\/PRO-banner-300x36.png\" alt=\"\" width=\"1375\" height=\"165\" srcset=\"https:\/\/www.infokuryr.cz\/n\/wp-content\/uploads\/2023\/06\/PRO-banner-300x36.png 300w, https:\/\/www.infokuryr.cz\/n\/wp-content\/uploads\/2023\/06\/PRO-banner-768x93.png 768w, https:\/\/www.infokuryr.cz\/n\/wp-content\/uploads\/2023\/06\/PRO-banner.png 849w\" sizes=\"(max-width: 1375px) 100vw, 1375px\" \/><\/a><\/p>\n<p>&nbsp;<\/p>\n<p>&nbsp;<\/p>\n<p>&nbsp;<\/p>\n","protected":false},"excerpt":{"rendered":"<p>Rusk\u00fd prezident Putin na panelov\u00e9 diskusi hovo\u0159il o pl\u00e1novan\u00fdch teroristick\u00fdch \u00fatoc\u00edch na rusk\u00e9 jadern\u00e9 elektr\u00e1rny,&#8230;<\/p>\n","protected":false},"author":2,"featured_media":36108,"comment_status":"closed","ping_status":"closed","sticky":false,"template":"","format":"standard","meta":[],"categories":[7],"tags":[2184,5891,102,663,723],"_links":{"self":[{"href":"https:\/\/www.infokuryr.cz\/n\/wp-json\/wp\/v2\/posts\/36107"}],"collection":[{"href":"https:\/\/www.infokuryr.cz\/n\/wp-json\/wp\/v2\/posts"}],"about":[{"href":"https:\/\/www.infokuryr.cz\/n\/wp-json\/wp\/v2\/types\/post"}],"author":[{"embeddable":true,"href":"https:\/\/www.infokuryr.cz\/n\/wp-json\/wp\/v2\/users\/2"}],"replies":[{"embeddable":true,"href":"https:\/\/www.infokuryr.cz\/n\/wp-json\/wp\/v2\/comments?post=36107"}],"version-history":[{"count":1,"href":"https:\/\/www.infokuryr.cz\/n\/wp-json\/wp\/v2\/posts\/36107\/revisions"}],"predecessor-version":[{"id":36109,"href":"https:\/\/www.infokuryr.cz\/n\/wp-json\/wp\/v2\/posts\/36107\/revisions\/36109"}],"wp:featuredmedia":[{"embeddable":true,"href":"https:\/\/www.infokuryr.cz\/n\/wp-json\/wp\/v2\/media\/36108"}],"wp:attachment":[{"href":"https:\/\/www.infokuryr.cz\/n\/wp-json\/wp\/v2\/media?parent=36107"}],"wp:term":[{"taxonomy":"category","embeddable":true,"href":"https:\/\/www.infokuryr.cz\/n\/wp-json\/wp\/v2\/categories?post=36107"},{"taxonomy":"post_tag","embeddable":true,"href":"https:\/\/www.infokuryr.cz\/n\/wp-json\/wp\/v2\/tags?post=36107"}],"curies":[{"name":"wp","href":"https:\/\/api.w.org\/{rel}","templated":true}]}}