{"id":36075,"date":"2023-09-13T06:32:43","date_gmt":"2023-09-13T04:32:43","guid":{"rendered":"http:\/\/www.infokuryr.cz\/n\/?p=36075"},"modified":"2023-09-13T06:32:43","modified_gmt":"2023-09-13T04:32:43","slug":"severni-korea-vypalila-neidentifikovanou-balistickou-strelu","status":"publish","type":"post","link":"https:\/\/www.infokuryr.cz\/n\/2023\/09\/13\/severni-korea-vypalila-neidentifikovanou-balistickou-strelu\/","title":{"rendered":"Severn\u00ed Korea vyp\u00e1lila \u201eneidentifikovanou balistickou st\u0159elu\u201c"},"content":{"rendered":"<div id=\"fb-root\"><\/div>\n<p><span style=\"font-size: 18pt;\"><strong>Ji\u017en\u00ed Korea obvinila Pchjongjang z \u0159in\u010den\u00ed \u0161avl\u00ed p\u0159ed sch\u016fzkou jej\u00edho v\u016fdce Kim \u010cong-una s rusk\u00fdm prezidentem Vladimirem Putinem<\/strong><\/span><\/p>\n<p><span>Jihokorejsk\u00fd sbor n\u00e1\u010deln\u00edk\u016f \u0161t\u00e1b\u016f zaznamenal ve st\u0159edu r\u00e1no nejm\u00e9n\u011b jeden odpal rakety ze Severn\u00ed Koreje sm\u011brem k Japonsk\u00e9mu mo\u0159i, uvedla agentura Yonhap.<\/span><\/p>\n<p><span>Severn\u00ed Korea \u00fadajn\u011b provedla je\u0161t\u011b dal\u0161\u00ed raketov\u00fd test, podle \u00fa\u0159edn\u00edk\u016f v Soulu, kte\u0159\u00ed neuvedli \u017e\u00e1dn\u00e9 dal\u0161\u00ed podrobnosti a\u017e do anal\u00fdzy dr\u00e1hy letu projektilu.\u00a0Japonsk\u00e9 ministerstvo obrany uvedlo, \u017ee raketa ji\u017e\u00a0\u00a0<\/span><em><span>\u201epravd\u011bpodobn\u011b p\u0159ist\u00e1la\u201c,<\/span><\/em><span>\u00a0ale pob\u0159e\u017en\u00ed str\u00e1\u017e podle agentury AP st\u00e1le nal\u00e9hala na plavidla v oblasti, aby si d\u00e1vala pozor na mo\u017en\u00e9 padaj\u00edc\u00ed p\u0159edm\u011bty.<\/span><\/p>\n<p><span>Kim \u010cong-un v sou\u010dasn\u00e9 dob\u011b nav\u0161t\u011bvuje Rusko, uprost\u0159ed zv\u00fd\u0161en\u00e9ho nap\u011bt\u00ed na Korejsk\u00e9m poloostrov\u011b, kde Pchjongjang opakovan\u011b odpaluje rakety, stejn\u011b jako vojensk\u00e9 cvi\u010den\u00ed zahrnuj\u00edc\u00ed jihokorejsk\u00e9 a americk\u00e9 jednotky.<\/span><\/p>\n<p><span>Tiskov\u00fd tajemn\u00edk Kremlu Dmitrij Peskov v koment\u00e1\u0159i k programu rusko-severokorejsk\u00e9ho summitu neup\u0159esnil, kde p\u0159esn\u011b na D\u00e1ln\u00e9m v\u00fdchod\u011b se budou jedn\u00e1n\u00ed konat.<\/span><\/p>\n<div class=\"read-more read-more__right\" data-has-alias=\"\"><img decoding=\"async\" loading=\"lazy\" class=\"wp-image-33819 aligncenter\" src=\"http:\/\/www.infokuryr.cz\/n\/wp-content\/uploads\/2023\/08\/ces1-300x157.jpg\" alt=\"\" width=\"1357\" height=\"710\" srcset=\"https:\/\/www.infokuryr.cz\/n\/wp-content\/uploads\/2023\/08\/ces1-300x157.jpg 300w, https:\/\/www.infokuryr.cz\/n\/wp-content\/uploads\/2023\/08\/ces1-1024x536.jpg 1024w, https:\/\/www.infokuryr.cz\/n\/wp-content\/uploads\/2023\/08\/ces1-768x402.jpg 768w, https:\/\/www.infokuryr.cz\/n\/wp-content\/uploads\/2023\/08\/ces1.jpg 1200w\" sizes=\"(max-width: 1357px) 100vw, 1357px\" \/><\/div>\n<p><span>Obrn\u011bn\u00fd vlak p\u0159ev\u00e1\u017eej\u00edc\u00ed severokorejsk\u00e9ho v\u016fdce p\u0159e\u0161el na rusk\u00e9 \u00fazem\u00ed v \u00fater\u00fd r\u00e1no.\u00a0Vladimir Putin byl mezit\u00edm na V\u00fdchodn\u00edm ekonomick\u00e9m f\u00f3ru ve Vladivostoku, ale ve st\u0159edu nav\u0161t\u00edvil rusk\u00fd kosmodrom Vosto\u010dnyj v Amursk\u00e9 oblasti na d\u00e1ln\u00e9m v\u00fdchod\u011b.\u00a0<\/span><\/p>\n<p><span>Nadch\u00e1zej\u00edc\u00ed rozhovory se maj\u00ed zam\u011b\u0159it na \u0159adu\u00a0<\/span><em><span>\u201ecitliv\u00fdch ot\u00e1zek\u201c,<\/span><\/em><span>\u00a0jako\u017e i na bilater\u00e1ln\u00ed hospod\u00e1\u0159skou a kulturn\u00ed spolupr\u00e1ci a celkovou situaci v regionu, uvedl mluv\u010d\u00ed Kremlu.\u00a0Dodal, \u017ee jedn\u00e1n\u00ed se budou konat jak za p\u0159\u00edtomnosti rusk\u00e9 a severokorejsk\u00e9 delegace, tak ve form\u00e1tu jeden na jednoho.<\/span><\/p>\n<p><img decoding=\"async\" loading=\"lazy\" class=\"alignnone size-full wp-image-1185\" src=\"http:\/\/www.infokuryr.cz\/n\/wp-content\/uploads\/2021\/04\/kuryr-podpis.png\" alt=\"\" width=\"84\" height=\"24\" \/><\/p>\n<p>&nbsp;<\/p>\n<p><a href=\"https:\/\/stranapro.cz\/\"><img decoding=\"async\" loading=\"lazy\" class=\"wp-image-30218 aligncenter\" src=\"http:\/\/www.infokuryr.cz\/n\/wp-content\/uploads\/2023\/06\/PRO-banner-300x36.png\" alt=\"\" width=\"1358\" height=\"163\" srcset=\"https:\/\/www.infokuryr.cz\/n\/wp-content\/uploads\/2023\/06\/PRO-banner-300x36.png 300w, https:\/\/www.infokuryr.cz\/n\/wp-content\/uploads\/2023\/06\/PRO-banner-768x93.png 768w, https:\/\/www.infokuryr.cz\/n\/wp-content\/uploads\/2023\/06\/PRO-banner.png 849w\" sizes=\"(max-width: 1358px) 100vw, 1358px\" \/><\/a><\/p>\n<p>&nbsp;<\/p>\n<p>&nbsp;<\/p>\n<p>&nbsp;<\/p>\n","protected":false},"excerpt":{"rendered":"<p>Ji\u017en\u00ed Korea obvinila Pchjongjang z \u0159in\u010den\u00ed \u0161avl\u00ed p\u0159ed sch\u016fzkou jej\u00edho v\u016fdce Kim \u010cong-una s rusk\u00fdm&#8230;<\/p>\n","protected":false},"author":2,"featured_media":24405,"comment_status":"closed","ping_status":"closed","sticky":false,"template":"","format":"standard","meta":[],"categories":[7],"tags":[5457,502,5888,1075],"_links":{"self":[{"href":"https:\/\/www.infokuryr.cz\/n\/wp-json\/wp\/v2\/posts\/36075"}],"collection":[{"href":"https:\/\/www.infokuryr.cz\/n\/wp-json\/wp\/v2\/posts"}],"about":[{"href":"https:\/\/www.infokuryr.cz\/n\/wp-json\/wp\/v2\/types\/post"}],"author":[{"embeddable":true,"href":"https:\/\/www.infokuryr.cz\/n\/wp-json\/wp\/v2\/users\/2"}],"replies":[{"embeddable":true,"href":"https:\/\/www.infokuryr.cz\/n\/wp-json\/wp\/v2\/comments?post=36075"}],"version-history":[{"count":0,"href":"https:\/\/www.infokuryr.cz\/n\/wp-json\/wp\/v2\/posts\/36075\/revisions"}],"wp:featuredmedia":[{"embeddable":true,"href":"https:\/\/www.infokuryr.cz\/n\/wp-json\/wp\/v2\/media\/24405"}],"wp:attachment":[{"href":"https:\/\/www.infokuryr.cz\/n\/wp-json\/wp\/v2\/media?parent=36075"}],"wp:term":[{"taxonomy":"category","embeddable":true,"href":"https:\/\/www.infokuryr.cz\/n\/wp-json\/wp\/v2\/categories?post=36075"},{"taxonomy":"post_tag","embeddable":true,"href":"https:\/\/www.infokuryr.cz\/n\/wp-json\/wp\/v2\/tags?post=36075"}],"curies":[{"name":"wp","href":"https:\/\/api.w.org\/{rel}","templated":true}]}}