{"id":36060,"date":"2023-09-13T05:41:50","date_gmt":"2023-09-13T03:41:50","guid":{"rendered":"http:\/\/www.infokuryr.cz\/n\/?p=36060"},"modified":"2023-09-13T05:41:50","modified_gmt":"2023-09-13T03:41:50","slug":"erik-best-neskromne-lapsusy-nerudove-zachranuji-stan","status":"publish","type":"post","link":"https:\/\/www.infokuryr.cz\/n\/2023\/09\/13\/erik-best-neskromne-lapsusy-nerudove-zachranuji-stan\/","title":{"rendered":"Erik Best: Neskromn\u00e9 lapsusy Nerudov\u00e9 zachra\u0148uj\u00ed STAN"},"content":{"rendered":"<div id=\"fb-root\"><\/div>\n<p>Sotva p\u00e1r dn\u00ed pot\u00e9, co Danu\u0161e Nerudov\u00e1 ozn\u00e1mila, \u017ee bude p\u0159\u00ed\u0161t\u00ed rok kandidovat v\u00a0eurovolb\u00e1ch jako \u201eosobnost\u201c na kandid\u00e1tce hnut\u00ed STAN, pro\u00a0MF Dnes uvedla, \u017ee n\u011bkdy v\u00a0p\u0159\u00ed\u0161t\u00edm roce\u00a0<a href=\"https:\/\/www.idnes.cz\/zpravy\/domaci\/danuse-nerudova-migrace-green-deal-eurovolby-eurokomisar-stan.A230823_171849_domaci_dyn\" target=\"_blank\" rel=\"noopener\">by mohl vzniknout prostor pro zalo\u017een\u00ed nov\u00e9 politick\u00e9 strany<\/a>\u00a0(tedy mo\u017en\u00e1 je\u0161t\u011b v\u00a0dob\u011b, kdy bude v\u00e9st kampa\u0148 za STAN). Absurdita tohoto tvrzen\u00ed z\u0159ejm\u011b rychle do\u0161la j\u00ed nebo jej\u00edm \u0159\u00edd\u00edc\u00edm d\u016fstojn\u00edk\u016fm, proto\u017ee je\u0161t\u011b t\u00fd\u017e den v\u00a0\u010cesk\u00e9m rozhlase zm\u011bnila \u010dasov\u00fd r\u00e1mec na\u00a0<a href=\"https:\/\/plus.rozhlas.cz\/je-treba-vice-propojovat-evropskou-a-narodni-politiku-vysvetluje-nerudova-9058628\" target=\"_blank\" rel=\"noopener\">1,5 a\u017e 2 roky<\/a>.<\/p>\n<p>Nicm\u00e9n\u011b i\u00a0nad\u00e1le pokra\u010duje ve sv\u00fdch v\u00fdroc\u00edch, kter\u00e9 STAN degraduj\u00ed na pouh\u00fd v\u00fdtah k\u00a0jej\u00ed moci. Respektu nap\u0159\u00edklad \u0159ekla, \u017ee by\u00a0<a href=\"https:\/\/www.respekt.cz\/tydenik\/2023\/37\/kdyz-to-bude-potreba-vratim-se-z-bruselu-sestavit-vladu\" target=\"_blank\" rel=\"noopener\">mohla b\u00fdt po\u017e\u00e1d\u00e1na o\u00a0sestaven\u00ed vl\u00e1dy<\/a>, pokud by ta, j\u00ed\u017e je STAN sou\u010d\u00e1st\u00ed, padla. Pro\u010d si to STAN nech\u00e1v\u00e1 l\u00edbit?<\/p>\n<p>Mo\u017en\u00e1 proto, \u017ee kdyby se do pop\u0159ed\u00ed z\u00e1jmu nedostala ona sama, dostaly by se tam takov\u00e9\u00a0<a href=\"https:\/\/www.fsfinalword.cz\/?page=archive&amp;show=1&amp;day=2023-6-15\" target=\"_blank\" rel=\"noopener\">kauzy STANu<\/a>, jak\u00fdmi jsou Dozimetr, p\u0159edra\u017een\u00fd n\u00e1kup\u00a0<a href=\"https:\/\/www.fsfinalword.cz\/?page=archive&amp;show=1&amp;day=2023-8-24\" target=\"_blank\" rel=\"noopener\">RWE Gas Storage CZ<\/a>, \u010dachry kolem plze\u0148sk\u00e9 gigatov\u00e1rny \u010di pl\u00e1ny ministra vnitra V\u00edta Raku\u0161ana na\u00a0<a href=\"https:\/\/www.fsfinalword.cz\/?page=archive&amp;show=1&amp;day=2023-7-4\" target=\"_blank\" rel=\"noopener\">militarizaci policie<\/a>. Najmut\u00ed Nerudov\u00e9 bylo chytr\u00fdm odveden\u00edm pozornosti.<\/p>\n<p><a href=\"https:\/\/www.fsfinalword.cz\/?page=archive&amp;day=2023-09-12&amp;utm_source=utm_source%3Dnewsletter&amp;utm_medium=utm_medium%3De-mail&amp;utm_campaign=utm_campaigne%3Dfinal_word_12.9.2023\">Erik Best<\/a><\/p>\n<p><img decoding=\"async\" loading=\"lazy\" class=\"alignnone  wp-image-1179\" src=\"http:\/\/www.infokuryr.cz\/n\/wp-content\/uploads\/2021\/04\/erik-best.jpg\" alt=\"\" width=\"133\" height=\"150\" \/><\/p>\n<p>&nbsp;<\/p>\n<p><img decoding=\"async\" loading=\"lazy\" class=\"wp-image-33819 aligncenter\" src=\"http:\/\/www.infokuryr.cz\/n\/wp-content\/uploads\/2023\/08\/ces1-300x157.jpg\" alt=\"\" width=\"1374\" height=\"719\" srcset=\"https:\/\/www.infokuryr.cz\/n\/wp-content\/uploads\/2023\/08\/ces1-300x157.jpg 300w, https:\/\/www.infokuryr.cz\/n\/wp-content\/uploads\/2023\/08\/ces1-1024x536.jpg 1024w, https:\/\/www.infokuryr.cz\/n\/wp-content\/uploads\/2023\/08\/ces1-768x402.jpg 768w, https:\/\/www.infokuryr.cz\/n\/wp-content\/uploads\/2023\/08\/ces1.jpg 1200w\" sizes=\"(max-width: 1374px) 100vw, 1374px\" \/><\/p>\n<p>&nbsp;<\/p>\n<p><a href=\"https:\/\/stranapro.cz\/\"><img decoding=\"async\" loading=\"lazy\" class=\"wp-image-30218 aligncenter\" src=\"http:\/\/www.infokuryr.cz\/n\/wp-content\/uploads\/2023\/06\/PRO-banner-300x36.png\" alt=\"\" width=\"1375\" height=\"165\" srcset=\"https:\/\/www.infokuryr.cz\/n\/wp-content\/uploads\/2023\/06\/PRO-banner-300x36.png 300w, https:\/\/www.infokuryr.cz\/n\/wp-content\/uploads\/2023\/06\/PRO-banner-768x93.png 768w, https:\/\/www.infokuryr.cz\/n\/wp-content\/uploads\/2023\/06\/PRO-banner.png 849w\" sizes=\"(max-width: 1375px) 100vw, 1375px\" \/><\/a><\/p>\n<p>&nbsp;<\/p>\n<p>&nbsp;<\/p>\n<p>&nbsp;<\/p>\n","protected":false},"excerpt":{"rendered":"<p>Sotva p\u00e1r dn\u00ed pot\u00e9, co Danu\u0161e Nerudov\u00e1 ozn\u00e1mila, \u017ee bude p\u0159\u00ed\u0161t\u00ed rok kandidovat v\u00a0eurovolb\u00e1ch jako&#8230;<\/p>\n","protected":false},"author":2,"featured_media":20140,"comment_status":"closed","ping_status":"closed","sticky":false,"template":"","format":"standard","meta":[],"categories":[6],"tags":[29,4014,1009,424],"_links":{"self":[{"href":"https:\/\/www.infokuryr.cz\/n\/wp-json\/wp\/v2\/posts\/36060"}],"collection":[{"href":"https:\/\/www.infokuryr.cz\/n\/wp-json\/wp\/v2\/posts"}],"about":[{"href":"https:\/\/www.infokuryr.cz\/n\/wp-json\/wp\/v2\/types\/post"}],"author":[{"embeddable":true,"href":"https:\/\/www.infokuryr.cz\/n\/wp-json\/wp\/v2\/users\/2"}],"replies":[{"embeddable":true,"href":"https:\/\/www.infokuryr.cz\/n\/wp-json\/wp\/v2\/comments?post=36060"}],"version-history":[{"count":0,"href":"https:\/\/www.infokuryr.cz\/n\/wp-json\/wp\/v2\/posts\/36060\/revisions"}],"wp:featuredmedia":[{"embeddable":true,"href":"https:\/\/www.infokuryr.cz\/n\/wp-json\/wp\/v2\/media\/20140"}],"wp:attachment":[{"href":"https:\/\/www.infokuryr.cz\/n\/wp-json\/wp\/v2\/media?parent=36060"}],"wp:term":[{"taxonomy":"category","embeddable":true,"href":"https:\/\/www.infokuryr.cz\/n\/wp-json\/wp\/v2\/categories?post=36060"},{"taxonomy":"post_tag","embeddable":true,"href":"https:\/\/www.infokuryr.cz\/n\/wp-json\/wp\/v2\/tags?post=36060"}],"curies":[{"name":"wp","href":"https:\/\/api.w.org\/{rel}","templated":true}]}}