{"id":36044,"date":"2023-09-13T01:09:37","date_gmt":"2023-09-12T23:09:37","guid":{"rendered":"http:\/\/www.infokuryr.cz\/n\/?p=36044"},"modified":"2023-09-12T18:08:31","modified_gmt":"2023-09-12T16:08:31","slug":"spojene-arabske-emiraty-zrusily-zakaz-viz-pro-africke-zeme","status":"publish","type":"post","link":"https:\/\/www.infokuryr.cz\/n\/2023\/09\/13\/spojene-arabske-emiraty-zrusily-zakaz-viz-pro-africke-zeme\/","title":{"rendered":"Spojen\u00e9 arabsk\u00e9 emir\u00e1ty zru\u0161ily z\u00e1kaz v\u00edz pro africk\u00e9 zem\u011b"},"content":{"rendered":"<div id=\"fb-root\"><\/div>\n<p><span style=\"font-size: 18pt;\"><strong>Nig\u00e9rie a Spojen\u00e9 arabsk\u00e9 emir\u00e1ty se dohodly, \u017ee umo\u017en\u00ed Etihad a Emirates Airlines obnovit lety mezi Abu Dhabi a Abuja<\/strong><\/span><\/p>\n<p><span>Spojen\u00e9 arabsk\u00e9 emir\u00e1ty zru\u0161ily z\u00e1kaz ud\u011blov\u00e1n\u00ed v\u00edz pro nigerijsk\u00e9 cestovatele t\u00e9m\u011b\u0159 p\u0159ed rokem v d\u016fsledku diplomatick\u00fdch neshod mezi ob\u011bma zem\u011bmi.<\/span><\/p>\n<p><span>Dohody o obnoven\u00ed norm\u00e1ln\u00edch vztah\u016f bylo dosa\u017eeno v pond\u011bl\u00ed po\u00a0<\/span><a href=\"https:\/\/twitter.com\/officialABAT\/status\/1701263172441632908\" target=\"_blank\" rel=\"noopener noreferrer\"><span>sch\u016fzce<\/span><\/a><span>\u00a0v Ab\u00fa Zab\u00ed mezi nigerijsk\u00fdm prezidentem Bola Tinubuem a jeho prot\u011bj\u0161kem ze Spojen\u00fdch arabsk\u00fdch emir\u00e1t\u016f Mohamedem bin Zayedem Al Nahyanem.<\/span><\/p>\n<p><span>&#8220;\u00a0<\/span><em><span>Touto historickou dohodou maj\u00ed Etihad Airlines i Emirates Airlines okam\u017eit\u011b obnovit letov\u00e9 \u0159\u00e1dy do az Nig\u00e9rie, bez dal\u0161\u00edho zpo\u017ed\u011bn\u00ed ,&#8220; uvedl v\u00a0<\/span><\/em><a href=\"https:\/\/twitter.com\/NGRPresident\/status\/1701250834485415969\" target=\"_blank\" rel=\"noopener noreferrer\"><span>prohl\u00e1\u0161en\u00ed<\/span><\/a><span>\u00a0\u0161\u00e9f Ajuri Ngelale, zvl\u00e1\u0161tn\u00ed poradce spole\u010dnosti Tinubu\u00a0.<\/span><\/p>\n<p><span>Spojen\u00e9 arabsk\u00e9 emir\u00e1ty p\u0159estaly vyd\u00e1vat v\u00edza Nigerijc\u016fm v \u0159\u00edjnu pot\u00e9, co Emirates Airlines ukon\u010dily provoz v nejlidnat\u011bj\u0161\u00ed africk\u00e9 zemi s odkazem na neschopnost repatriovat uv\u011bzn\u011bn\u00e9 p\u0159\u00edjmy kv\u016fli probl\u00e9m\u016fm s forexem.<\/span><\/p>\n<p><span>Z\u00e1padoafrick\u00e1 zem\u011b zadr\u017eela p\u0159\u00edjmy ve v\u00fd\u0161i nejm\u00e9n\u011b 743 milion\u016f dolar\u016f od mezin\u00e1rodn\u00edch dopravc\u016f operuj\u00edc\u00edch v Abuji, uvedla v b\u0159eznu Mezin\u00e1rodn\u00ed asociace leteck\u00fdch dopravc\u016f (IATA).<\/span><\/p>\n<div class=\"read-more large\" data-has-alias=\"\"><img decoding=\"async\" loading=\"lazy\" class=\"wp-image-33819 aligncenter\" src=\"http:\/\/www.infokuryr.cz\/n\/wp-content\/uploads\/2023\/08\/ces1-300x157.jpg\" alt=\"\" width=\"1343\" height=\"703\" srcset=\"https:\/\/www.infokuryr.cz\/n\/wp-content\/uploads\/2023\/08\/ces1-300x157.jpg 300w, https:\/\/www.infokuryr.cz\/n\/wp-content\/uploads\/2023\/08\/ces1-1024x536.jpg 1024w, https:\/\/www.infokuryr.cz\/n\/wp-content\/uploads\/2023\/08\/ces1-768x402.jpg 768w, https:\/\/www.infokuryr.cz\/n\/wp-content\/uploads\/2023\/08\/ces1.jpg 1200w\" sizes=\"(max-width: 1343px) 100vw, 1343px\" \/><\/div>\n<p><span>Minul\u00fd m\u011bs\u00edc prezident Tinubu\u00a0<\/span><a href=\"https:\/\/www.rt.com\/africa\/581832-nigeria-uae-visa-issues\/\"><span>vyzval<\/span><\/a><span>\u00a0k \u201e\u00a0<\/span><em><span>okam\u017eit\u00e9mu<\/span><\/em><span>\u00a0\u201c a \u201e\u00a0<\/span><em><span>sm\u00edrn\u00e9mu<\/span><\/em><span>\u00a0\u201c \u0159e\u0161en\u00ed diplomatick\u00e9ho nap\u011bt\u00ed se Spojen\u00fdmi arabsk\u00fdmi emir\u00e1ty b\u011bhem setk\u00e1n\u00ed s velvyslancem t\u00e9to zem\u011b v Nig\u00e9rii Salem Saeed Al-Shamsi.<\/span><\/p>\n<p><span>Tinubu \u0159ekl, \u017ee je p\u0159ipraven osobn\u011b zas\u00e1hnout do urovn\u00e1n\u00ed sporu.<\/span><\/p>\n<p><span>Nigerijsk\u00e9 p\u0159edsednictv\u00ed v pond\u011bl\u00ed ozn\u00e1milo, \u017ee emir\u00e1tsk\u00fd prezident souhlasil s \u201e\u00a0<\/span><em><span>okam\u017eit\u00fdm obnoven\u00edm letov\u00e9 \u010dinnosti<\/span><\/em><span>\u00a0\u201c mezi Abuji a Abu Dhabi prost\u0159ednictv\u00edm Etihad Airlines a Emirates Airlines bez \u201e\u00a0<\/span><em><span>\u017e\u00e1dn\u00e9 okam\u017eit\u00e9 platby ze strany nigerijsk\u00e9 vl\u00e1dy.\u00a0<\/span><\/em><span>\u201c<\/span><\/p>\n<p><span>Festus Keyamo, nigerijsk\u00fd ministr letectv\u00ed a leteck\u00e9ho rozvoje, kter\u00fd byl sou\u010d\u00e1st\u00ed delegace, kter\u00e1 nav\u0161t\u00edvila Abu Dhabi, pochv\u00e1lil Tinubu za vy\u0159e\u0161en\u00ed diplomatick\u00e9 patov\u00e9 situace se Spojen\u00fdmi arabsk\u00fdmi emir\u00e1ty.<\/span><\/p>\n<p><span>\u201c\u00a0<\/span><em><span>Zvl\u00e1\u0161tn\u00ed pod\u011bkov\u00e1n\u00ed prezidentu Bola Ahmedu Tinubuovi za osobn\u00ed veden\u00ed na\u0161\u00ed delegace k ukon\u010den\u00ed t\u00e9to slep\u00e9 uli\u010dky se SAE.\u00a0V\u0161echna \u010dest pat\u0159\u00ed jemu.\u00a0Jeho Midas\u016fv dotek b\u011bhem diskuse byl z\u00e1sadn\u00ed.\u00a0Jen mi usnadnil pr\u00e1ci<\/span><\/em><span>\u00a0,\u201c napsal ministr na X (d\u0159\u00edve Twitter).<\/span><\/p>\n<p><img decoding=\"async\" loading=\"lazy\" class=\"alignnone size-full wp-image-1185\" src=\"http:\/\/www.infokuryr.cz\/n\/wp-content\/uploads\/2021\/04\/kuryr-podpis.png\" alt=\"\" width=\"84\" height=\"24\" \/><\/p>\n<p>&nbsp;<\/p>\n<p><a href=\"https:\/\/stranapro.cz\/\"><img decoding=\"async\" loading=\"lazy\" class=\"wp-image-30218 aligncenter\" src=\"http:\/\/www.infokuryr.cz\/n\/wp-content\/uploads\/2023\/06\/PRO-banner-300x36.png\" alt=\"\" width=\"1383\" height=\"166\" srcset=\"https:\/\/www.infokuryr.cz\/n\/wp-content\/uploads\/2023\/06\/PRO-banner-300x36.png 300w, https:\/\/www.infokuryr.cz\/n\/wp-content\/uploads\/2023\/06\/PRO-banner-768x93.png 768w, https:\/\/www.infokuryr.cz\/n\/wp-content\/uploads\/2023\/06\/PRO-banner.png 849w\" sizes=\"(max-width: 1383px) 100vw, 1383px\" \/><\/a><\/p>\n<p>&nbsp;<\/p>\n<p>&nbsp;<\/p>\n<p>&nbsp;<\/p>\n","protected":false},"excerpt":{"rendered":"<p>Nig\u00e9rie a Spojen\u00e9 arabsk\u00e9 emir\u00e1ty se dohodly, \u017ee umo\u017en\u00ed Etihad a Emirates Airlines obnovit lety&#8230;<\/p>\n","protected":false},"author":2,"featured_media":36045,"comment_status":"closed","ping_status":"closed","sticky":false,"template":"","format":"standard","meta":[],"categories":[7],"tags":[1271,5884,490],"_links":{"self":[{"href":"https:\/\/www.infokuryr.cz\/n\/wp-json\/wp\/v2\/posts\/36044"}],"collection":[{"href":"https:\/\/www.infokuryr.cz\/n\/wp-json\/wp\/v2\/posts"}],"about":[{"href":"https:\/\/www.infokuryr.cz\/n\/wp-json\/wp\/v2\/types\/post"}],"author":[{"embeddable":true,"href":"https:\/\/www.infokuryr.cz\/n\/wp-json\/wp\/v2\/users\/2"}],"replies":[{"embeddable":true,"href":"https:\/\/www.infokuryr.cz\/n\/wp-json\/wp\/v2\/comments?post=36044"}],"version-history":[{"count":0,"href":"https:\/\/www.infokuryr.cz\/n\/wp-json\/wp\/v2\/posts\/36044\/revisions"}],"wp:featuredmedia":[{"embeddable":true,"href":"https:\/\/www.infokuryr.cz\/n\/wp-json\/wp\/v2\/media\/36045"}],"wp:attachment":[{"href":"https:\/\/www.infokuryr.cz\/n\/wp-json\/wp\/v2\/media?parent=36044"}],"wp:term":[{"taxonomy":"category","embeddable":true,"href":"https:\/\/www.infokuryr.cz\/n\/wp-json\/wp\/v2\/categories?post=36044"},{"taxonomy":"post_tag","embeddable":true,"href":"https:\/\/www.infokuryr.cz\/n\/wp-json\/wp\/v2\/tags?post=36044"}],"curies":[{"name":"wp","href":"https:\/\/api.w.org\/{rel}","templated":true}]}}