{"id":36043,"date":"2023-09-13T01:02:38","date_gmt":"2023-09-12T23:02:38","guid":{"rendered":"http:\/\/www.infokuryr.cz\/n\/?p=36043"},"modified":"2023-09-12T18:02:38","modified_gmt":"2023-09-12T16:02:38","slug":"jiri-paroubek-jak-nekteri-novinari-lizaji-slehacku-z-pupiku","status":"publish","type":"post","link":"https:\/\/www.infokuryr.cz\/n\/2023\/09\/13\/jiri-paroubek-jak-nekteri-novinari-lizaji-slehacku-z-pupiku\/","title":{"rendered":"Ji\u0159\u00ed Paroubek: Jak n\u011bkte\u0159\u00ed novin\u00e1\u0159i l\u00edzaj\u00ed \u0161leha\u010dku z pup\u00edku"},"content":{"rendered":"<div id=\"fb-root\"><\/div>\n<p><strong>Nechci sv\u00e9 \u010dl\u00e1nky bulvarizovat, ale v tomto p\u0159\u00edpad\u011b vych\u00e1z\u00edm z \u010dl\u00e1nku zcela bulv\u00e1rn\u00edho charakteru, zve\u0159ejn\u011bn\u00e9ho na jinak seri\u00f3zn\u011b se tv\u00e1\u0159\u00edc\u00edm Seznam Zpr\u00e1vy, novin\u00e1\u0159\u016f Dolej\u0161\u00edho a Stuchl\u00edkov\u00e9.<\/strong><\/p>\n<p>Ti sesmolili na konci minul\u00e9ho t\u00fddne d\u00edlko pod n\u00e1zvem \u201e\u0160leha\u010dka nebo pup\u00edk? Nejv\u011bt\u0161\u00ed milostn\u00fd skand\u00e1l \u010desk\u00e9 politiky\u201c.<\/p>\n<p>Sy\u017eet \u010dl\u00e1nku spo\u010d\u00edv\u00e1 v\u00a0tom, \u017ee uveden\u00ed auto\u0159i, z\u00a0nich\u017e jeden je zku\u0161en\u00fdm novin\u00e1\u0159sk\u00fdm korte\u0161em, se pokou\u0161ej\u00ed o porovn\u00e1n\u00ed pr\u00fd nejv\u011bt\u0161\u00edch milostn\u00fdch skand\u00e1l\u016f \u010desk\u00e9 politiky.<\/p>\n<p>Novin\u00e1\u0159ka Stuchl\u00edkov\u00e1 celkem p\u0159\u00edpadn\u011b p\u0159i\u0161la s\u00a0n\u00e1padem za\u0159adit mezi tyto skand\u00e1ly p\u0159\u00edb\u011bh Ne\u010dase a Nagyov\u00e9, dnes Ne\u010dasov\u00e9. Nechci se v\u00a0cel\u00e9 v\u011bci p\u0159\u00edli\u0161 patlat (dosud jsem se tomuto t\u00e9matu zcela vyh\u00fdbal), a proto jen zopakuji n\u011bkolik v\u011bt novin\u00e1\u0159\u010dina zd\u016fvodn\u011bn\u00ed, pro\u010d pr\u00e1v\u011b tato kauza je podle n\u00ed ta nejskand\u00e1ln\u011bj\u0161\u00ed: \u201eNe\u010das, katol\u00edk a konzervativec, s\u00a0p\u0159ezd\u00edvkou pan \u010cist\u00fd, kter\u00fd ve skute\u010dnosti skr\u00fdval pom\u011br se svou spolupracovnic\u00ed, kter\u00e1 si zprivatizovala \u00da\u0159ad vl\u00e1dy. \u017d\u00e1rliv\u00e9 sc\u00e9ny, vulg\u00e1rn\u00ed nad\u00e1vky, \u0161leha\u010dkov\u00e9 hr\u00e1tky v\u00a0kancel\u00e1\u0159i premi\u00e9ra, sledov\u00e1n\u00ed man\u017eelky premi\u00e9ra rozv\u011bdkou\u201c. No, p\u0159izn\u00e1m se, \u017ee u\u017e nebudu pokra\u010dovat v\u00a0dal\u0161\u00edm l\u00ed\u010den\u00ed cel\u00e9 t\u00e9 z\u00e1le\u017eitosti. Co v\u0161ak pova\u017euje za naprosto skand\u00e1ln\u00ed, je p\u0159\u00edstup V. Dolej\u0161\u00edho, kter\u00fd do \u201epodcastov\u00e9ho ringu (jde) s\u00a0bou\u0159liv\u00fdm vztahem premi\u00e9ra Ji\u0159\u00edho Paroubka k\u00a0p\u0159ekladatelce Pet\u0159e Kov\u00e1\u010dov\u00e9, kv\u016fli n\u00ed\u017e ukon\u010dil dlouholet\u00e9 man\u017eelstv\u00ed\u201c.<\/p>\n<p>Ano, je pravda, \u017ee jsem se po 28 letech rozvedl se svou prvn\u00ed \u017eenou Zuzanou, s\u00a0n\u00ed\u017e jsem ale ve velmi p\u0159\u00e1telsk\u00fdch vztaz\u00edch dosud. Dnes m\u011b u\u010d\u00ed francouz\u0161tinu. \u017de se lid\u00e9 rozv\u00e1d\u011bj\u00ed, nen\u00ed nic neobvykl\u00e9ho, nebo\u0165 v\u00a0\u010cesku se zhruba polovina man\u017eelstv\u00ed rozv\u00e1d\u00ed. Tak to prost\u011b je. Bulv\u00e1rn\u00ed tisk i ten tzv. nebulv\u00e1rn\u00ed, v\u011bnoval m\u00e9mu rozvodu velmi intenzivn\u011b pozornost zhruba dva m\u011bs\u00edce pot\u00e9, co se dostalo na ve\u0159ejnost, \u017ee se rozv\u00e1d\u00edm. A pak je\u0161t\u011b n\u011bjak\u00fd t\u00fdden trvalo, ne\u017e se \u010desk\u00e1 m\u00e9dia vyrovnala s\u00a0t\u00edm, \u017ee jsem se vz\u00e1p\u011bt\u00ed o\u017eenil s\u00a0Petrou, dnes Paroubkovou.<\/p>\n<p><img decoding=\"async\" loading=\"lazy\" class=\"wp-image-33819 aligncenter\" src=\"http:\/\/www.infokuryr.cz\/n\/wp-content\/uploads\/2023\/08\/ces1-300x157.jpg\" alt=\"\" width=\"1374\" height=\"719\" srcset=\"https:\/\/www.infokuryr.cz\/n\/wp-content\/uploads\/2023\/08\/ces1-300x157.jpg 300w, https:\/\/www.infokuryr.cz\/n\/wp-content\/uploads\/2023\/08\/ces1-1024x536.jpg 1024w, https:\/\/www.infokuryr.cz\/n\/wp-content\/uploads\/2023\/08\/ces1-768x402.jpg 768w, https:\/\/www.infokuryr.cz\/n\/wp-content\/uploads\/2023\/08\/ces1.jpg 1200w\" sizes=\"(max-width: 1374px) 100vw, 1374px\" \/><\/p>\n<p>Ale p\u0159e\u010dt\u011bme si je\u0161t\u011b, co o tom p\u00ed\u0161e V. Dolej\u0161\u00ed: \u201eL\u00e1ska jako marketing. Kdy\u017e m\u00e1 soupe\u0159 blond\u00fdnu, j\u00e1 chci taky blond\u00fdnu. Boti\u010dky od Diora, netransparentn\u00ed n\u00e1kupy nemovitost\u00ed, pen\u00edze v\u00a0igelitk\u00e1ch. Nic takov\u00e9ho jako vztah Petry a Ji\u0159\u00edho Paroubkov\u00fdch \u010desk\u00e1 politika nepamatuje\u201c.<\/p>\n<p>Tak p\u0159edev\u0161\u00edm Dolej\u0161\u00ed velmi diskr\u00e9tn\u011b pominul onoho &#8222;soupe\u0159e\u201c, kter\u00fd m\u00e1 jinou blond\u00fdnu. Myslel t\u00edm tehdej\u0161\u00edho premi\u00e9ra Topol\u00e1nka, kter\u00fd jako p\u0159edseda konzervativn\u00ed strany \u017eil tak \u0159\u00edkaj\u00edc na ps\u00ed kn\u00ed\u017eku se svou stranickou pod\u0159\u00edzenou. A aby toho nebylo m\u00e1lo, po\u0159\u00eddili si mimo man\u017eelstv\u00ed je\u0161t\u011b potomka. Nic proti tomu, ale nepsat o skand\u00e1ln\u00edm p\u0159\u00edb\u011bhu p\u0159edsedy konzervativn\u00ed strany a hledat skand\u00e1l v &#8222;boti\u010dk\u00e1ch od Diora\u201c za 50 eur od \u0159eck\u00e9 kmotry na\u0161\u00ed dcery Margarity, to u\u017e nen\u00ed jen hloupost, to je tupost a spros\u0165\u00e1ctv\u00ed.<\/p>\n<p>Ano, tak funguj\u00ed \u010desk\u00e1 m\u00e9dia. Kauza ProMoPro byla zatu\u0161ov\u00e1na a politicky odpov\u011bdn\u00fd politik je st\u00e1le m\u00edstop\u0159edsedou ODS a europoslancem, nebo\u0165 nad n\u00edm dr\u017e\u00ed ochrannou ruku Ameri\u010dan\u00e9. Anebo P\u00e1nb\u016fh? P\u00e1nb\u016fh v\u00ed\u2026 To, \u017ee se v\u00a0jednom bulv\u00e1rn\u00edm \u010dl\u00e1nku objevily jak\u00e9si z prstu vycucan\u00e9 informace o igelitce, v\u00a0n\u00ed\u017e jsem pr\u00fd m\u011bl j\u00e1 nebo Petra p\u0159ev\u00e1\u017eet pen\u00edze kamsi, nen\u00ed d\u016fkazem. \u017d\u00e1dn\u00e9 netransparentn\u00ed n\u00e1kupy nemovitost\u00ed se nekonaly. Pr\u00e1v\u011b p\u0159i rozvodu s\u00a0Petrou Paroubkovou si soud nechal vyhotovit dlouho dozadu p\u0159ehled m\u00fdch p\u0159\u00edjm\u016f a v\u00fddaj\u016f. Vymy\u0161len\u00e9 p\u0159\u00edb\u011bhy o jak\u00fdchsi milionech, kter\u00e9 jsem si m\u011bl p\u0159ehazovat doma vidlemi na koberci zve\u0159ejn\u011bn\u00e9 na Seznam Zpr\u00e1vy tehdy zase prov\u011b\u0159ovala policie a nezjistila ni\u010deho. Stejn\u011b jako soud. Jin\u00e9 pomluvy ekonomick\u00e9ho charakteru \u0159e\u0161il soud na ochranu osobnosti, kter\u00fd jsem vedl proti Jarom\u00edru Soukupovi. A dodnes m\u016f\u017eete naj\u00edt na str\u00e1nk\u00e1ch serveru Va\u0161e v\u011bc sloupek pod n\u00e1zvem \u201eSoud konstatoval: Soukup z\u00a0TV Barrandov l\u017ee\u201c.<\/p>\n<p>Pokud by se snad cht\u011bl V. Dolej\u0161\u00ed a Seznam Zpr\u00e1vy vydat cestou pomluv a l\u017e\u00ed, na kterou se p\u0159ed p\u011bti lety vydal J. Soukup, skon\u010d\u00ed to stejn\u011b jako se Soukupem. Nasad\u00edm \u00fapln\u011b stejn\u00e9ho advok\u00e1ta a v\u00fdsledek bude stejn\u00fd. Omluvy a finan\u010dn\u00ed kompenzace stanoven\u00e9 soudem.<\/p>\n<p>Tak\u017ee, pane Dolej\u0161\u00ed, zklidn\u011bte sv\u00e9 hormony. P\u0159esta\u0148te blouznit! Ostatn\u011b, \u017ee to, co jste zplodil je pitomost, v\u00e1m uk\u00e1zali i \u010dten\u00e1\u0159i va\u0161eho jinak pravicov\u011b zam\u011b\u0159en\u00e9ho serveru. Podle v\u00edce ne\u017e 96% akt\u00e9r\u016f ankety pova\u017euje za nejv\u011bt\u0161\u00ed milostn\u00fd skand\u00e1l \u010desk\u00e9 politiky \u010din\u011bn\u00ed dua Ne\u010das \u2013 Nagyov\u00e1. A naopak \u201e\u0159\u00e1d\u011bn\u00ed\u201c man\u017eel\u016f Paroubkov\u00fdch vid\u00ed jako skand\u00e1ln\u00ed necel\u00e1 4% respondent\u016f.<\/p>\n<p>Pane Dolej\u0161\u00ed, chce to p\u0159\u00ed\u0161t\u011b lep\u0161\u00ed v\u00fdb\u011br a nenechat se un\u00e1\u0161et nen\u00e1vist\u00ed anebo \u00fakoly sv\u00fdch \u0161\u00e9f\u016f.<\/p>\n<p>A to je Seznam Zpr\u00e1vy je\u0161t\u011b tak neschopn\u00fd, \u017ee kdy\u017e u\u017e jejich neschopn\u00fd redaktor zjevn\u011b tref\u00ed kozla, nedok\u00e1\u017ee mu ani pomoci p\u0159i hlasov\u00e1n\u00ed\u2026 Jen tak mimochodem, hlasov\u00e1n\u00ed se z\u00fa\u010dastnilo v\u00a0okam\u017eiku, kdy mn\u011b byl \u010dl\u00e1nek p\u0159eposl\u00e1n, t\u00e9m\u011b\u0159 deset tis\u00edc \u010dten\u00e1\u0159\u016f&#8230;<\/p>\n<p><a href=\"https:\/\/vasevec.info\/komentare\/jak-nekteri-novinari-lizaji-slehacku-z-pupiku\">Ji\u0159\u00ed Paroubek<\/a><\/p>\n<p><img decoding=\"async\" loading=\"lazy\" class=\"alignnone size-medium wp-image-2342\" src=\"http:\/\/www.infokuryr.cz\/n\/wp-content\/uploads\/2021\/06\/paroubek-300x208.jpg\" alt=\"\" width=\"300\" height=\"208\" srcset=\"https:\/\/www.infokuryr.cz\/n\/wp-content\/uploads\/2021\/06\/paroubek-300x208.jpg 300w, https:\/\/www.infokuryr.cz\/n\/wp-content\/uploads\/2021\/06\/paroubek.jpg 318w\" sizes=\"(max-width: 300px) 100vw, 300px\" \/><\/p>\n<p>&nbsp;<\/p>\n<p><a href=\"https:\/\/stranapro.cz\/\"><img decoding=\"async\" loading=\"lazy\" class=\"wp-image-30218 aligncenter\" src=\"http:\/\/www.infokuryr.cz\/n\/wp-content\/uploads\/2023\/06\/PRO-banner-300x36.png\" alt=\"\" width=\"1375\" height=\"165\" srcset=\"https:\/\/www.infokuryr.cz\/n\/wp-content\/uploads\/2023\/06\/PRO-banner-300x36.png 300w, https:\/\/www.infokuryr.cz\/n\/wp-content\/uploads\/2023\/06\/PRO-banner-768x93.png 768w, https:\/\/www.infokuryr.cz\/n\/wp-content\/uploads\/2023\/06\/PRO-banner.png 849w\" sizes=\"(max-width: 1375px) 100vw, 1375px\" \/><\/a><\/p>\n<p>&nbsp;<\/p>\n<p>&nbsp;<\/p>\n<p>&nbsp;<\/p>\n","protected":false},"excerpt":{"rendered":"<p>Nechci sv\u00e9 \u010dl\u00e1nky bulvarizovat, ale v tomto p\u0159\u00edpad\u011b vych\u00e1z\u00edm z \u010dl\u00e1nku zcela bulv\u00e1rn\u00edho charakteru, zve\u0159ejn\u011bn\u00e9ho&#8230;<\/p>\n","protected":false},"author":2,"featured_media":30273,"comment_status":"closed","ping_status":"closed","sticky":false,"template":"","format":"standard","meta":[],"categories":[6],"tags":[29,273,5234],"_links":{"self":[{"href":"https:\/\/www.infokuryr.cz\/n\/wp-json\/wp\/v2\/posts\/36043"}],"collection":[{"href":"https:\/\/www.infokuryr.cz\/n\/wp-json\/wp\/v2\/posts"}],"about":[{"href":"https:\/\/www.infokuryr.cz\/n\/wp-json\/wp\/v2\/types\/post"}],"author":[{"embeddable":true,"href":"https:\/\/www.infokuryr.cz\/n\/wp-json\/wp\/v2\/users\/2"}],"replies":[{"embeddable":true,"href":"https:\/\/www.infokuryr.cz\/n\/wp-json\/wp\/v2\/comments?post=36043"}],"version-history":[{"count":0,"href":"https:\/\/www.infokuryr.cz\/n\/wp-json\/wp\/v2\/posts\/36043\/revisions"}],"wp:featuredmedia":[{"embeddable":true,"href":"https:\/\/www.infokuryr.cz\/n\/wp-json\/wp\/v2\/media\/30273"}],"wp:attachment":[{"href":"https:\/\/www.infokuryr.cz\/n\/wp-json\/wp\/v2\/media?parent=36043"}],"wp:term":[{"taxonomy":"category","embeddable":true,"href":"https:\/\/www.infokuryr.cz\/n\/wp-json\/wp\/v2\/categories?post=36043"},{"taxonomy":"post_tag","embeddable":true,"href":"https:\/\/www.infokuryr.cz\/n\/wp-json\/wp\/v2\/tags?post=36043"}],"curies":[{"name":"wp","href":"https:\/\/api.w.org\/{rel}","templated":true}]}}