{"id":36041,"date":"2023-09-13T01:08:46","date_gmt":"2023-09-12T23:08:46","guid":{"rendered":"http:\/\/www.infokuryr.cz\/n\/?p=36041"},"modified":"2023-09-12T13:32:20","modified_gmt":"2023-09-12T11:32:20","slug":"eva-hrindova-nova-totalita","status":"publish","type":"post","link":"https:\/\/www.infokuryr.cz\/n\/2023\/09\/13\/eva-hrindova-nova-totalita\/","title":{"rendered":"Eva Hrindov\u00e1: Nov\u00e1 totalita"},"content":{"rendered":"<div id=\"fb-root\"><\/div>\n<p>Omezov\u00e1n\u00ed svobody a n\u00e1stup totality se ned\u011bje skokov\u011b &#8211; tak, aby si toho ka\u017ed\u00fd v\u0161iml. D\u011bje se pl\u00ed\u017eiv\u011b. Docela masivn\u011b se to za\u010dalo d\u00edt po roce 2015 &#8211; byly n\u00e1m ru\u0161eny blogy na Idnesu, za\u010dali jsme se pot\u00fdkat s masivn\u00ed cenzurou na soci\u00e1ln\u00edch s\u00edt\u00edch. Nikoho to nijak zvl\u00e1\u0161\u0165 nezaj\u00edmalo. Pamatuju si, kdy\u017e jsem dostala prvn\u00ed blokaci &#8211; bylo to za vtip o inteligenci muslim\u016f. Blokace m\u011b dost \u0161okovala, nemohla jsem adminovat komer\u010dn\u00ed str\u00e1nky pro sv\u00e9 klienty, nem\u011bla jsem p\u0159\u00edstup na messenger. Bylo to ne\u010dekan\u00e9 a brut\u00e1ln\u00ed, ale vykli jsme si, p\u0159izp\u016fsobili jsme se. Na\u0161li jsme jin\u00e9 cesti\u010dky&#8230; Nicm\u00e9n\u011b zru\u0161en\u00e9 str\u00e1nky s milionov\u00fdmi dosahy mi u\u017e nikdo nevr\u00e1t\u00ed &#8211; ani pen\u00edze, kter\u00e9 jsem investovala do jejich reklamy.<\/p>\n<p>No a kdy\u017e soci\u00e1ln\u00ed s\u00edt\u011b cenzuru omezily, proto\u017ee za\u010daly m\u00edt probl\u00e9my s odlivem u\u017eivatel\u016f, p\u0159itvrdila vl\u00e1da. Ta sou\u010dasn\u00e1 vl\u00e1da. Minul\u00e1 vl\u00e1da v dob\u011b covidu \u017e\u00e1dn\u00e9 cenzory nezam\u011bstn\u00e1vala ani nijak jinak ob\u010dan\u016fm ohledn\u011b \u0161\u00ed\u0159en\u00ed informac\u00ed o covidu nevyhro\u017eovala. I kdy\u017e \u00fatoky na nerou\u0161kovan\u00e9 \u010di kontroly na hranic\u00edch okres\u016f moc o svobod\u011b tak\u00e9 nebyly&#8230;<\/p>\n<p>Sou\u010dasn\u00e1 vl\u00e1da dost v\u00fdrazn\u011b p\u0159itvrdila. Za\u010dala ru\u0161en\u00edm web\u016f a st\u00edh\u00e1n\u00edm k\u0159ikloun\u016f. Odsouzen\u00edm jednoho z nich na 5,5 roku za sil\u00e1ck\u00e9 \u0159e\u010di ve videu, jsme se dostali a\u017e na dno jeskyn\u011b vyprojektovan\u00e9 dvoj\u00edm metrem.<\/p>\n<p>Vyhazovy z pr\u00e1ce za n\u00e1zory jsou realitou. Realitou je i dvoj\u00ed &#8222;\u0159e\u010d&#8220;. Jedna na doma nebo do hospody, jedna do pr\u00e1ce nebo do \u0161koly. Mnoz\u00ed to znaj\u00ed, mnoz\u00ed rad\u011bji ml\u010d\u00ed a sna\u017e\u00ed se nevy\u010dn\u00edvat. Ostatn\u011b j\u00e1 tak\u00e9 nikde nezve\u0159ej\u0148uji pro koho pracuji a \u010d\u00edm se \u017eiv\u00edm. U\u017e jsem se setkala s nechutn\u00fdm stalkingem, kdy r\u016fzn\u00ed hejt\u0159i obt\u011b\u017eovali m\u00e9 obchodn\u00ed partnery. V tir\u00e1\u017ei knih, kter\u00e9 vyd\u00e1v\u00e1m, neuv\u00e1d\u00edm jm\u00e9na spolupracovn\u00edk\u016f, proto\u017ee je nechci vystavovat p\u0159\u00edpadn\u00fdm nep\u0159\u00edjemnostem. M\u00e1te pocit, \u017ee je to znakem svobodn\u00e9 spole\u010dnosti?<\/p>\n<p>Za pravdu se vl\u00e1dn\u00ed politici zlob\u00ed a ani by m\u011b nep\u0159ekvapilo, \u017ee by zcela v duchu sv\u00e9ho kon\u00e1n\u00ed hodlali \u0159e\u010di o nov\u00e9 totalit\u011b zak\u00e1zat:-)<\/p>\n<p><a href=\"https:\/\/www.evahrindova.cz\/nova-totalita\">Eva Hrindov\u00e1<\/a><\/p>\n<p>&nbsp;<\/p>\n<p>&nbsp;<\/p>\n<p><img decoding=\"async\" loading=\"lazy\" class=\"wp-image-33819 aligncenter\" src=\"http:\/\/www.infokuryr.cz\/n\/wp-content\/uploads\/2023\/08\/ces1-300x157.jpg\" alt=\"\" width=\"1368\" height=\"716\" srcset=\"https:\/\/www.infokuryr.cz\/n\/wp-content\/uploads\/2023\/08\/ces1-300x157.jpg 300w, https:\/\/www.infokuryr.cz\/n\/wp-content\/uploads\/2023\/08\/ces1-1024x536.jpg 1024w, https:\/\/www.infokuryr.cz\/n\/wp-content\/uploads\/2023\/08\/ces1-768x402.jpg 768w, https:\/\/www.infokuryr.cz\/n\/wp-content\/uploads\/2023\/08\/ces1.jpg 1200w\" sizes=\"(max-width: 1368px) 100vw, 1368px\" \/><\/p>\n<p>&nbsp;<\/p>\n<p><a href=\"https:\/\/stranapro.cz\/\"><img decoding=\"async\" loading=\"lazy\" class=\"wp-image-30218 aligncenter\" src=\"http:\/\/www.infokuryr.cz\/n\/wp-content\/uploads\/2023\/06\/PRO-banner-300x36.png\" alt=\"\" width=\"1367\" height=\"164\" srcset=\"https:\/\/www.infokuryr.cz\/n\/wp-content\/uploads\/2023\/06\/PRO-banner-300x36.png 300w, https:\/\/www.infokuryr.cz\/n\/wp-content\/uploads\/2023\/06\/PRO-banner-768x93.png 768w, https:\/\/www.infokuryr.cz\/n\/wp-content\/uploads\/2023\/06\/PRO-banner.png 849w\" sizes=\"(max-width: 1367px) 100vw, 1367px\" \/><\/a><\/p>\n<p>&nbsp;<\/p>\n<p>&nbsp;<\/p>\n<p>&nbsp;<\/p>\n","protected":false},"excerpt":{"rendered":"<p>Omezov\u00e1n\u00ed svobody a n\u00e1stup totality se ned\u011bje skokov\u011b &#8211; tak, aby si toho ka\u017ed\u00fd v\u0161iml&#8230;.<\/p>\n","protected":false},"author":2,"featured_media":36042,"comment_status":"closed","ping_status":"closed","sticky":false,"template":"","format":"standard","meta":[],"categories":[6],"tags":[29,122,48],"_links":{"self":[{"href":"https:\/\/www.infokuryr.cz\/n\/wp-json\/wp\/v2\/posts\/36041"}],"collection":[{"href":"https:\/\/www.infokuryr.cz\/n\/wp-json\/wp\/v2\/posts"}],"about":[{"href":"https:\/\/www.infokuryr.cz\/n\/wp-json\/wp\/v2\/types\/post"}],"author":[{"embeddable":true,"href":"https:\/\/www.infokuryr.cz\/n\/wp-json\/wp\/v2\/users\/2"}],"replies":[{"embeddable":true,"href":"https:\/\/www.infokuryr.cz\/n\/wp-json\/wp\/v2\/comments?post=36041"}],"version-history":[{"count":0,"href":"https:\/\/www.infokuryr.cz\/n\/wp-json\/wp\/v2\/posts\/36041\/revisions"}],"wp:featuredmedia":[{"embeddable":true,"href":"https:\/\/www.infokuryr.cz\/n\/wp-json\/wp\/v2\/media\/36042"}],"wp:attachment":[{"href":"https:\/\/www.infokuryr.cz\/n\/wp-json\/wp\/v2\/media?parent=36041"}],"wp:term":[{"taxonomy":"category","embeddable":true,"href":"https:\/\/www.infokuryr.cz\/n\/wp-json\/wp\/v2\/categories?post=36041"},{"taxonomy":"post_tag","embeddable":true,"href":"https:\/\/www.infokuryr.cz\/n\/wp-json\/wp\/v2\/tags?post=36041"}],"curies":[{"name":"wp","href":"https:\/\/api.w.org\/{rel}","templated":true}]}}