{"id":36011,"date":"2023-09-12T06:01:43","date_gmt":"2023-09-12T04:01:43","guid":{"rendered":"http:\/\/www.infokuryr.cz\/n\/?p=36011"},"modified":"2023-09-12T06:01:15","modified_gmt":"2023-09-12T04:01:15","slug":"vladimira-vitova-na-mezinarodni-konferenci-brics-a-nove-usporadani-sveta","status":"publish","type":"post","link":"https:\/\/www.infokuryr.cz\/n\/2023\/09\/12\/vladimira-vitova-na-mezinarodni-konferenci-brics-a-nove-usporadani-sveta\/","title":{"rendered":"Vladim\u00edra V\u00edtov\u00e1 na mezin\u00e1rodn\u00ed konferenci \u201eBRICS a nov\u00e9 uspo\u0159\u00e1d\u00e1n\u00ed sv\u011bta"},"content":{"rendered":"<div id=\"fb-root\"><\/div>\n<p><strong>Mezin\u00e1rodn\u00ed odborn\u00e1 on-line konference: \u201eBRICS a nov\u00e9 uspo\u0159\u00e1d\u00e1n\u00ed sv\u011bta\u201c se uskute\u010dnila 10.9.2023. Kulat\u00e9ho stolu se z\u00fa\u010dastnili z\u00e1stupci rusk\u00fdch, \u010d\u00ednsk\u00fdch, arabsk\u00fdch a zahrani\u010dn\u00edch oborn\u00fdch kruh\u016f s prezentacemi na aktu\u00e1ln\u00ed t\u00e9mata o formov\u00e1n\u00ed nov\u00e9ho sv\u011btov\u00e9ho \u0159\u00e1du a multipol\u00e1rn\u00edho ekonomick\u00e9ho syst\u00e9mu.<\/strong><\/p>\n<p><span style=\"font-size: 18pt;\"><strong>TEZE vystoupen\u00ed V. V\u00edtov\u00e9:<\/strong><\/span><\/p>\n<ul>\n<li><strong><u>Porovn\u00e1n\u00ed n\u011bkolika z\u00e1sadn\u00edch rozd\u00edl\u016f mezi EU a BRICS \u2013 ekonomick\u00fdch a politicko &#8211; koncep\u010dn\u00edch.<\/u><\/strong><\/li>\n<\/ul>\n<p>EU je sou\u010d\u00e1st\u00ed tzv. Z\u00e1padu a nejv\u00fdznamn\u011bj\u0161\u00ed zem\u011b EU jsou sou\u010d\u00e1st\u00ed G7. Proto nejprve porovn\u00e1m zem\u011b G7 a zem\u011b BRICS. Jedn\u00e1 se o dva nejv\u00fdznamn\u011bj\u0161\u00ed glob\u00e1ln\u00ed bloky.<\/p>\n<p>V sou\u010dasn\u00e9 dob\u011b zab\u00edraj\u00ed st\u00e1ty BRICS p\u0159ibli\u017en\u011b 26,6 % \u00fazemn\u00ed plochy v\u0161ech zem\u00ed a \u017eije v nich 42,2 % obyvatelstva planety.<\/p>\n<p>Zem\u011b G7 maj\u00ed za z\u00e1dy zhruba 800 milion\u016f obyvatel, zem\u011b BRICS sdru\u017euj\u00ed p\u0159es 3,2 miliardy lid\u00ed.<\/p>\n<p>Za rok 2022 zem\u011b BRICS vyprodukovaly 31,5 procenta PPP (parita kupn\u00ed s\u00edly) upraven\u00e9ho HDP sv\u011bta, zat\u00edmco G7 vyprodukovala jen 30,7 procenta.<\/p>\n<p><span style=\"font-size: 18pt;\"><strong>A nyn\u00ed konkr\u00e9tn\u011b k\u00a0EU:<\/strong><\/span><\/p>\n<p>Sou\u010dasn\u00e1 EU je centr\u00e1ln\u011b organizovan\u00e1 a smluvn\u011b zaru\u010den\u00e1 dominance nadn\u00e1rodn\u00edch finan\u010dn\u00edch a hospod\u00e1\u0159sk\u00fdch kartel\u016f nad n\u00e1rodn\u00edmi st\u00e1ty a jejich demokratick\u00fdmi institucemi.\u00a0Nejedn\u00e1 se o rovnopr\u00e1vn\u00e9 postaven\u00ed st\u00e1t\u016f v\u00a0r\u00e1mci EU, ale o jejich pod\u0159\u00edzen\u00ed nadn\u00e1rodn\u00edm korporac\u00ed. Z\u00e1jmy st\u00e1t\u016f nejsou v\u00a0EU zohledn\u011bny. Z\u00e1jmy nadn\u00e1rodn\u00edch korporac\u00ed ano.<\/p>\n<p>EU vol\u00e1 po zru\u0161en\u00ed n\u00e1rodn\u00edch st\u00e1t\u016f. BRICS ne.<\/p>\n<p>EU je sou\u010d\u00e1st\u00ed finan\u010dn\u00edho syst\u00e9mu zalo\u017een\u00e9ho na dolaru. BRICS ne.<\/p>\n<p>Posledn\u00ed rok zem\u011b EU neup\u0159ednost\u0148ovaly vlastn\u00ed r\u016fst, ale d\u00e1valy p\u0159ednost obran\u011b a financov\u00e1n\u00ed v\u00e1lky na Ukrajin\u011b.<\/p>\n<p>Zem\u00edm EU nevy\u0161ly snahy zavl\u00e9ci zem\u011b BRICS do konfliktn\u00edho p\u0159\u00edstupu k\u00a0Rusku.<\/p>\n<p>Na zem\u011b EU dopadly negativn\u011b sankce, kter\u00e9 samy vyhl\u00e1sily Rusku.<\/p>\n<p>EU se za\u010d\u00edn\u00e1 jevit\u00a0 jako \u201espole\u010denstv\u00ed stagnace\u201c a BRICS jako \u00fasp\u011b\u0161n\u00e9 spolehliv\u00e9\u00a0 atraktivn\u00ed spole\u010denstv\u00ed.<\/p>\n<p>Na rozd\u00edl od EU m\u00e1 BRICS z\u00e1vazek neovliv\u0148ovat vnit\u0159n\u00ed z\u00e1le\u017eitosti \u010dlensk\u00fdch st\u00e1t\u016f.<\/p>\n<ul>\n<li><strong><u>Fale\u0161n\u00e9 vid\u011bn\u00ed sv\u011bta ze strany evropsk\u00fdch politik\u016f. Oni ch\u00e1pou EU jako elitn\u00ed klub, kam pr\u00fd chce pat\u0159it ka\u017ed\u00fd. <\/u><\/strong><\/li>\n<\/ul>\n<p>Elity EU maj\u00ed iluzi o vlastn\u00ed v\u00fdlu\u010dnosti a d\u011bl\u00ed n\u00e1rody na prvn\u00ed, druhou a dal\u0161\u00ed kategorie, co\u017e samoz\u0159ejm\u011b odporuje p\u0159irozen\u00fdm princip\u016fm \u017eivota.<\/p>\n<p>EU nen\u00ed zdrojem prosperity, ale \u00fapadku. To je realita.<\/p>\n<p>M\u00e9dia v\u00a0EU informuj\u00ed o zem\u00edch BRICS nepravdiv\u011b, zkreslen\u011b a velmi m\u00e1lo.<\/p>\n<p>Politici jasn\u011b praktikuj\u00ed politiku dvoj\u00edho metru.<\/p>\n<p>Je to ot\u00e1zka, zdali v\u011bdom\u011b l\u017eou anebo zdali v\u011bci neznaj\u00ed. \u00darove\u0148 tzv. elit v\u00a0Bruselu a v\u00a0jednotliv\u00fdch st\u00e1tech EU je tristn\u00ed. \u010cesk\u00e1 republika m\u016f\u017ee slou\u017eit jako p\u0159\u00edklad.<\/p>\n<ul>\n<li><strong><u>Kolik st\u00e1t\u016f se hl\u00e1s\u00ed do EU a kolik st\u00e1t\u016f se hl\u00e1s\u00ed do klubu BRICS?<\/u><\/strong><\/li>\n<\/ul>\n<p>\u00dasp\u011b\u0161n\u00e1 integrace se pozn\u00e1 tak, \u017ee jej\u00ed sou\u010d\u00e1st\u00ed chce b\u00fdt ka\u017ed\u00fd. Na z\u00e1klad\u011b t\u00e9to teze evropsk\u00e9 elity ch\u00e1pou EU jako elitn\u00ed klub, kam chce pr\u00fd \u00fadajn\u011b ka\u017ed\u00fd. Nedok\u00e1\u017eou vid\u011bt realitu.<\/p>\n<p>Realita je takov\u00e1to: z\u00e1jemci o \u010dlenstv\u00ed v EU jsou dnes Ukrajina, Alb\u00e1nie, Moldavsko a Makedonie \u2013 tedy zem\u011b z druh\u00e9 poloviny sv\u011btov\u00e9ho \u017eeb\u0159\u00ed\u010dku HDP.<\/p>\n<p>O \u010dlenstv\u00ed v\u00a0BRICS projevilo z\u00e1jem p\u0159es \u010dty\u0159icet zem\u00ed sv\u011bta. Bu\u010f cht\u011bj\u00ed vstoupit anebo cht\u011bj\u00ed alespo\u0148 status podporovatele. Jedn\u00e1 se o zem\u011b z Asie, Bl\u00edzk\u00e9ho v\u00fdchodu i Afriky a Latinsk\u00e9 Ameriky.<\/p>\n<p>Zaj\u00edmav\u00fdm p\u0159\u00edkladem je Turecko, kter\u00e9 t\u0159icet let bez \u00fasp\u011bchu jednalo o p\u0159istoupen\u00ed k\u00a0EU. A te\u010f rad\u011bji vyjedn\u00e1v\u00e1 o p\u0159istoupen\u00ed k BRICS.<\/p>\n<ul>\n<li><strong><u>EU vy\u017eaduje pouze jedin\u00fd typ ekonomiky a pouze jedin\u00fd typ politick\u00e9ho uspo\u0159\u00e1d\u00e1n\u00ed. Integrace BRICS nen\u00ed spojena s\u00a0politickou ideologi\u00ed.<\/u><\/strong><\/li>\n<\/ul>\n<p>Integrace BRICS &#8211; na rozd\u00edl od integrace\u00a0 EU &#8211; nen\u00ed spojena s \u017e\u00e1dnou politickou ideologi\u00ed. Jedin\u00fdm heslem je ekonomick\u00fd rozvoj a spolupr\u00e1ce.<\/p>\n<p>Podle Lisabonsk\u00e9 smlouvy mus\u00ed m\u00edt zem\u011b EU je jeden model spole\u010densko-ekonomick\u00e9ho uspo\u0159\u00e1d\u00e1n\u00ed. Tzv. neoliber\u00e1ln\u00ed kapitalismus &#8211; otev\u0159en\u00e9 tr\u017en\u00ed hospod\u00e1\u0159stv\u00ed s\u00a0volnou sout\u011b\u017e\u00ed. Jednotliv\u00fdm st\u00e1t\u016fm je zakazov\u00e1na\u00a0 jak\u00e1koliv regulace a intervence.\u00a0 Jde o hospod\u00e1\u0159skou totalitu \u201eneomezen\u00e9ho trhu\u201c. V\u00a0p\u0159\u00edpad\u011b nedodr\u017een\u00ed hroz\u00ed sankce.<\/p>\n<p>To znamen\u00e1, \u017ee o \u201en\u00e1rodn\u00ed\u201c politice ka\u017ed\u00e9ho st\u00e1tu je rozhodnuto ji\u017e p\u0159ed volbami a to zcela bez ohledu na jejich v\u00fdsledek. Institucion\u00e1ln\u00ed r\u00e1mec euro-smluv toti\u017e plat\u00ed pro st\u00e1ty. Euro-smlouvy jsou z\u00e1vazn\u00e9 a nad\u0159azen\u00e9 n\u00e1rodn\u00ed legislativ\u011b.<\/p>\n<p>BRICS nevy\u017eaduje, aby v\u0161echny zem\u011b m\u011bly stejn\u00fd spole\u010densk\u00fd a ekonomick\u00fd model.<\/p>\n<ul>\n<li><strong><u>EU chce p\u0159istupovat k\u00a0zem\u00edm BRICS jako celek. Samostatn\u00e1 jedn\u00e1n\u00ed jednotliv\u00fdch zem\u00ed EU nepova\u017euje za \u017e\u00e1douc\u00ed.<\/u><\/strong><\/li>\n<\/ul>\n<p>EU chce, aby v ot\u00e1zk\u00e1ch celosv\u011btov\u00e9ho v\u00fdznamu nebo ot\u00e1zk\u00e1ch souvisej\u00edc\u00edch s glob\u00e1ln\u00edm \u0159\u00edzen\u00edm byla hlavn\u011b EU sama \u00fa\u010dastn\u00edkem rozhovor\u016f se skupinou BRICS.<\/p>\n<p>Celkovou koordinaci zahrani\u010dn\u00ed politiky EU v\u016f\u010di skupin\u011b BRICS zaji\u0161\u0165uje vysok\u00fd p\u0159edstavitel EU pro zahrani\u010dn\u00ed v\u011bci a bezpe\u010dnostn\u00ed politiku. M\u00e1 tento \u00fakol \u2013 cituji: \u201eZaji\u0161\u0165uje jedn\u00e1n\u00ed se zem\u011bmi BRICS jednotn\u00fd a syst\u00e9mov\u00fd p\u0159\u00edstup k zahrani\u010dn\u00ed politice zam\u011b\u0159en\u00fd na obecn\u00e9 dodr\u017eov\u00e1n\u00ed z\u00e1sad pr\u00e1vn\u00edho st\u00e1tu a demokratick\u00e9ho \u0159\u00edzen\u00ed. Sna\u017e\u00ed se zlep\u0161it politick\u00fd dialog se zem\u011bmi BRICS o dodr\u017eov\u00e1n\u00ed lidsk\u00fdch pr\u00e1v a soci\u00e1ln\u00edch a environment\u00e1ln\u00edch norem\u201c \ud83d\ude0a \ud83d\ude0a \ud83d\ude0a<\/p>\n<p>Nyn\u00ed se rozhoduje o budouc\u00edm modelu uspo\u0159\u00e1d\u00e1n\u00ed sv\u011bta. Zda p\u016fjde o sv\u011btov\u00fd \u0159\u00e1d podle rusk\u00e9ho sv\u011bta a sv\u011bta zem\u00ed BRICS, kde v\u0161echny n\u00e1rodnosti, n\u00e1rody naleznou na t\u00e9to planet\u011b sv\u00e9 m\u00edsto a zachovaj\u00ed si svou n\u00e1rodn\u00ed kulturu a budou se moci rozv\u00edjet v p\u0159\u00e1telsk\u00e9 a kooperativn\u00ed atmosf\u00e9\u0159e. Anebo zda to bude politika zlat\u00e9 miliardy, kter\u00e1 je realizov\u00e1na nekone\u010dn\u00fdmi v\u00e1lkami Z\u00e1padu, kdy raboval v\u0161echny bez rozd\u00edlu a formoval kolonialismus a neokolonialismus. N\u011bkter\u00fdm n\u00e1rod\u016fm se up\u00edr\u00e1 mo\u017enost na existenci a rozvoj a globalisti z nich d\u011blaj\u00ed jen jak\u00e9si pomocn\u00e9 obyvatelstvo.<\/p>\n<p>Bohu\u017eel \u010ceskoslovensko se dostalo po roce 1989 do podru\u010d\u00ed Z\u00e1padu\u00a0 a Evropsk\u00e9 unie. Stalo se to zradou\u00a0 \u010deskoslovensk\u00fdch elit i zradou elit tehdej\u0161\u00edch zem\u00ed socialistick\u00e9ho t\u00e1bora. \u010cesk\u00e1 republika je nyn\u00ed koloni\u00ed N\u011bmecka a krmelcem Evropy. Ve\u0161ker\u00fd pr\u016fmysl je zni\u010den anebo prod\u00e1n zahrani\u010dn\u00edm korporac\u00edm. Jsme jen otroky ve vlastn\u00ed zemi.<\/p>\n<p>Politick\u00e1 strana Aliance n\u00e1rodn\u00edch sil, kter\u00e9 jsem p\u0159edsedou, m\u00e1 v\u00a0programu vystoupen\u00ed z\u00a0EU a NATO a pod\u00e1n\u00ed \u017e\u00e1dosti o \u010dlenstv\u00ed v\u00a0klubu BRICS.<\/p>\n<p><img decoding=\"async\" loading=\"lazy\" class=\"alignnone size-medium wp-image-9908\" src=\"http:\/\/www.infokuryr.cz\/n\/wp-content\/uploads\/2022\/04\/ANS-300x169.png\" alt=\"\" width=\"300\" height=\"169\" srcset=\"https:\/\/www.infokuryr.cz\/n\/wp-content\/uploads\/2022\/04\/ANS-300x169.png 300w, https:\/\/www.infokuryr.cz\/n\/wp-content\/uploads\/2022\/04\/ANS-1024x576.png 1024w, https:\/\/www.infokuryr.cz\/n\/wp-content\/uploads\/2022\/04\/ANS-768x432.png 768w, https:\/\/www.infokuryr.cz\/n\/wp-content\/uploads\/2022\/04\/ANS.png 1180w\" sizes=\"(max-width: 300px) 100vw, 300px\" \/><\/p>\n<p>&nbsp;<\/p>\n<p><img decoding=\"async\" loading=\"lazy\" class=\"wp-image-33819 aligncenter\" src=\"http:\/\/www.infokuryr.cz\/n\/wp-content\/uploads\/2023\/08\/ces1-300x157.jpg\" alt=\"\" width=\"1361\" height=\"712\" srcset=\"https:\/\/www.infokuryr.cz\/n\/wp-content\/uploads\/2023\/08\/ces1-300x157.jpg 300w, https:\/\/www.infokuryr.cz\/n\/wp-content\/uploads\/2023\/08\/ces1-1024x536.jpg 1024w, https:\/\/www.infokuryr.cz\/n\/wp-content\/uploads\/2023\/08\/ces1-768x402.jpg 768w, https:\/\/www.infokuryr.cz\/n\/wp-content\/uploads\/2023\/08\/ces1.jpg 1200w\" sizes=\"(max-width: 1361px) 100vw, 1361px\" \/><\/p>\n<p>&nbsp;<\/p>\n<p><a href=\"https:\/\/stranapro.cz\/\"><img decoding=\"async\" loading=\"lazy\" class=\"wp-image-30218 aligncenter\" src=\"http:\/\/www.infokuryr.cz\/n\/wp-content\/uploads\/2023\/06\/PRO-banner-300x36.png\" alt=\"\" width=\"1358\" height=\"163\" srcset=\"https:\/\/www.infokuryr.cz\/n\/wp-content\/uploads\/2023\/06\/PRO-banner-300x36.png 300w, https:\/\/www.infokuryr.cz\/n\/wp-content\/uploads\/2023\/06\/PRO-banner-768x93.png 768w, https:\/\/www.infokuryr.cz\/n\/wp-content\/uploads\/2023\/06\/PRO-banner.png 849w\" sizes=\"(max-width: 1358px) 100vw, 1358px\" \/><\/a><\/p>\n<p>&nbsp;<\/p>\n<p>&nbsp;<\/p>\n<p>&nbsp;<\/p>\n","protected":false},"excerpt":{"rendered":"<p>Mezin\u00e1rodn\u00ed odborn\u00e1 on-line konference: \u201eBRICS a nov\u00e9 uspo\u0159\u00e1d\u00e1n\u00ed sv\u011bta\u201c se uskute\u010dnila 10.9.2023. Kulat\u00e9ho stolu se&#8230;<\/p>\n","protected":false},"author":2,"featured_media":21118,"comment_status":"closed","ping_status":"closed","sticky":false,"template":"","format":"standard","meta":[],"categories":[6],"tags":[1016,710,3212],"_links":{"self":[{"href":"https:\/\/www.infokuryr.cz\/n\/wp-json\/wp\/v2\/posts\/36011"}],"collection":[{"href":"https:\/\/www.infokuryr.cz\/n\/wp-json\/wp\/v2\/posts"}],"about":[{"href":"https:\/\/www.infokuryr.cz\/n\/wp-json\/wp\/v2\/types\/post"}],"author":[{"embeddable":true,"href":"https:\/\/www.infokuryr.cz\/n\/wp-json\/wp\/v2\/users\/2"}],"replies":[{"embeddable":true,"href":"https:\/\/www.infokuryr.cz\/n\/wp-json\/wp\/v2\/comments?post=36011"}],"version-history":[{"count":0,"href":"https:\/\/www.infokuryr.cz\/n\/wp-json\/wp\/v2\/posts\/36011\/revisions"}],"wp:featuredmedia":[{"embeddable":true,"href":"https:\/\/www.infokuryr.cz\/n\/wp-json\/wp\/v2\/media\/21118"}],"wp:attachment":[{"href":"https:\/\/www.infokuryr.cz\/n\/wp-json\/wp\/v2\/media?parent=36011"}],"wp:term":[{"taxonomy":"category","embeddable":true,"href":"https:\/\/www.infokuryr.cz\/n\/wp-json\/wp\/v2\/categories?post=36011"},{"taxonomy":"post_tag","embeddable":true,"href":"https:\/\/www.infokuryr.cz\/n\/wp-json\/wp\/v2\/tags?post=36011"}],"curies":[{"name":"wp","href":"https:\/\/api.w.org\/{rel}","templated":true}]}}