{"id":35973,"date":"2023-09-12T01:00:44","date_gmt":"2023-09-11T23:00:44","guid":{"rendered":"http:\/\/www.infokuryr.cz\/n\/?p=35973"},"modified":"2023-09-11T16:22:43","modified_gmt":"2023-09-11T14:22:43","slug":"jizni-korea-plati-za-poskozeni-kazde-umrti-po-ockovani-proti-covid-19-do-90-dnu-bude-kompenzovano","status":"publish","type":"post","link":"https:\/\/www.infokuryr.cz\/n\/2023\/09\/12\/jizni-korea-plati-za-poskozeni-kazde-umrti-po-ockovani-proti-covid-19-do-90-dnu-bude-kompenzovano\/","title":{"rendered":"Ji\u017en\u00ed Korea plat\u00ed za po\u0161kozen\u00ed: ka\u017ed\u00e9 \u00famrt\u00ed po o\u010dkov\u00e1n\u00ed proti Covid-19 do 90 dn\u016f bude kompenzov\u00e1no!"},"content":{"rendered":"<div id=\"fb-root\"><\/div>\n<div class=\"elementor-element elementor-element-1fb4c2c elementor-widget elementor-widget-theme-post-content\" data-id=\"1fb4c2c\" data-element_type=\"widget\" data-widget_type=\"theme-post-content.default\">\n<div class=\"elementor-widget-container\">\n<p><span style=\"font-size: 18pt;\"><strong><em>K 92 % v\u0161ech \u00famrt\u00ed na covid do\u0161lo pot\u00e9, co bylo 90 % dosp\u011bl\u00e9 populace pln\u011b o\u010dkov\u00e1no.<\/em><\/strong><\/span><\/p>\n<p><span>6. z\u00e1\u0159\u00ed 2023 jihokorejsk\u00e1 vl\u00e1da ozn\u00e1mila, \u017ee kondolen\u010dn\u00ed platby budou vypl\u00e1ceny jako kompenzace za v\u0161echna \u00famrt\u00ed, ke kter\u00fdm dojde do 90 dn\u016f po o\u010dkov\u00e1n\u00ed proti Covid-19, a to i v p\u0159\u00edpad\u011b, \u017ee nelze prok\u00e1zat p\u0159\u00ed\u010dinnou souvislost.\u00a0V\u00fd\u0148atek z\u00a0<\/span><a href=\"https:\/\/m.pulsenews.co.kr\/view.php?year=2023&amp;no=680590\" target=\"_blank\" rel=\"noreferrer noopener\" data-type=\"link\" data-id=\"https:\/\/m.pulsenews.co.kr\/view.php?year=2023&amp;no=680590\"><span>\u010dl\u00e1nku<\/span><\/a><span>\u00a0:<\/span><\/p>\n<p><em><span>Jihokorejsk\u00e1 vl\u00e1da roz\u0161\u00ed\u0159\u00ed jak obdob\u00ed zp\u016fsobilosti, tak v\u00fd\u0161i od\u0161kodn\u011bn\u00ed za \u00famrt\u00ed zp\u016fsoben\u00e1 o\u010dkov\u00e1n\u00edm proti Covid-19.\u00a0Obdob\u00ed od\u0161kodn\u011bn\u00ed se prodlou\u017e\u00ed ze 42 na 90 dn\u00ed po o\u010dkov\u00e1n\u00ed a \u010d\u00e1stka od\u0161kodn\u011bn\u00ed se zv\u00fd\u0161\u00ed z 10 na 30 milion\u016f won\u016f (22 471,91 USD).<\/span><\/em><\/p>\n<p><cite><span>I kdy\u017e bude t\u011b\u017ek\u00e9 prok\u00e1zat kauzalitu (mezi o\u010dkov\u00e1n\u00edm a \u00famrt\u00edm), \u010dlov\u011bk, kter\u00fd po o\u010dkov\u00e1n\u00ed zem\u0159e, bude m\u00edt n\u00e1rok na poh\u0159ebn\u00e9 a bude nav\u00fd\u0161ena v\u00fd\u0161e kondolen\u010dn\u00edho p\u0159\u00edsp\u011bvku,\u201c uvedl p\u0159edseda politick\u00e9ho v\u00fdboru Park Dae-chul. Strany lidov\u00e9 moci ve st\u0159edu po sch\u016fzce mezi vl\u00e1dou a vl\u00e1dnouc\u00ed stranou o n\u00e1hrad\u011b \u0161kody zp\u016fsoben\u00e9 vakcinac\u00ed v N\u00e1rodn\u00edm shrom\u00e1\u017ed\u011bn\u00ed.<\/span><\/cite><\/p>\n<p class=\"has-medium-font-size\"><span style=\"font-size: 18pt;\"><strong>O od\u0161kodn\u011bn\u00ed za zran\u011bn\u00ed zp\u016fsoben\u00e9 vakc\u00ednou po\u017e\u00e1dalo 95 798 lid\u00ed.<\/strong><\/span><\/p>\n<p><span>V \u010dervnu 2023 bylo ozn\u00e1meno, \u017ee v\u00edce ne\u017e 95 700 lid\u00ed po\u017e\u00e1dalo o od\u0161kodn\u011bn\u00ed za po\u0161kozen\u00ed zp\u016fsoben\u00e9 vakc\u00ednou, z nich\u017e t\u00e9m\u011b\u0159 24 000 bylo od\u0161kodn\u011bno.\u00a0Ji\u017en\u00ed Korea je zem\u011b s p\u0159ibli\u017en\u011b 52 miliony obyvatel.\u00a0V p\u0159epo\u010dtu na po\u010det obyvatel USA by to odpov\u00eddalo v\u00edce ne\u017e 570 000 \u017e\u00e1dost\u00ed o od\u0161kodn\u011bn\u00ed za po\u0161kozen\u00ed zp\u016fsoben\u00e1 vakc\u00ednou a 142 480 vypl\u00e1cen\u00fdch od\u0161kodn\u011bn\u00ed.\u00a0Pro srovn\u00e1n\u00ed: Od zaveden\u00ed National Vaccine Injury Compensation Program v USA v roce 1988 bylo od\u0161kodn\u011bno 10 135 ob\u011bt\u00ed vakc\u00edn, p\u0159esn\u011bji jejich rodin.\u00a0To je d\u016fle\u017eit\u00fd \u00fadaj o rozsahu ne\u017e\u00e1douc\u00edch \u00fa\u010dink\u016f.<\/span><\/p>\n<p class=\"has-medium-font-size\"><span style=\"font-size: 18pt;\"><strong>K 92 % v\u0161ech \u00famrt\u00ed na covid do\u0161lo pot\u00e9, co bylo 90 % dosp\u011bl\u00e9 populace pln\u011b o\u010dkov\u00e1no.<\/strong><\/span><\/p>\n<p><span>Od 1. listopadu 2021 bylo p\u0159ibli\u017en\u011b 90 % dosp\u011bl\u00e9 populace v Ji\u017en\u00ed Koreji pln\u011b o\u010dkov\u00e1no.\u00a0Do t\u00e9 doby bylo v Ji\u017en\u00ed Koreji 2 874 \u00famrt\u00ed na Covid-19.\u00a0Od t\u00e9 doby v\u0161ak bylo v Ji\u017en\u00ed Koreji k 22. srpnu 2023 zaznamen\u00e1no 35 557 \u00famrt\u00ed na Covid-19.\u00a0To znamen\u00e1, \u017ee 32 683 \u00famrt\u00ed nebo ~ 92 % v\u0161ech \u00famrt\u00ed na Covid-19 bylo zaznamen\u00e1no pot\u00e9, co bylo 90 % dosp\u011bl\u00e9 populace pln\u011b o\u010dkov\u00e1no.\u00a0Na z\u00e1klad\u011b ve\u0159ejn\u011b dostupn\u00fdch \u00fadaj\u016f a publikovan\u00e9ho v\u00fdzkumu bylo hl\u00e1\u0161eno n\u011bkolik p\u0159\u00edklad\u016f, kter\u00e9 ukazuj\u00ed, \u017ee o\u010dkov\u00e1n\u00ed proti Covid-19 spustilo masivn\u00ed vlny Covid-19.\u00a0Jedn\u00edm z t\u011bchto p\u0159\u00edklad\u016f je Ji\u017en\u00ed Korea.<\/span><\/p>\n<div class=\"wp-block-image\">\n<figure class=\"aligncenter size-large\"><img decoding=\"async\" class=\"jetpack-lazy-image jetpack-lazy-image--handled aligncenter\" src=\"https:\/\/i0.wp.com\/media.gab.com\/system\/media_attachments\/files\/147\/414\/810\/original\/4694fed242f476da.png?w=800&amp;ssl=1\" alt=\"\" data-recalc-dims=\"1\" data-lazy-loaded=\"1\" \/><\/figure>\n<\/div>\n<p class=\"has-medium-font-size\"><span style=\"font-size: 18pt;\"><strong>Omezen\u00ed pro neo\u010dkovan\u00e9 osoby<\/strong><\/span><\/p>\n<p><span>Kdy\u017e v roce 2021 vypukla vlna Covid-19, byla na neo\u010dkovan\u00e9 uvalena omezen\u00ed.\u00a0V restaurac\u00edch sm\u011bli neo\u010dkovan\u00ed lid\u00e9 j\u00edst pouze sami.\u00a0Byla vyhl\u00e1\u0161ena politika o\u010dkovac\u00edho pasu, kter\u00e1 vy\u017eaduje prok\u00e1z\u00e1n\u00ed o\u010dkov\u00e1n\u00ed na ve\u0159ejnosti a vy\u017eaduje, aby neo\u010dkovan\u00ed dosp\u011bl\u00ed p\u0159edlo\u017eili negativn\u00ed test PCR ne star\u0161\u00ed ne\u017e dva dny.\u00a0Byly vzneseny ot\u00e1zky t\u00fdkaj\u00edc\u00ed se etiky a v\u011bdeck\u00e9ho od\u016fvodn\u011bn\u00ed takov\u00fdch opat\u0159en\u00ed.<\/span><\/p>\n<p class=\"has-medium-font-size\"><span style=\"font-size: 18pt;\"><strong>Opakuje se historie?\u00a0Pou\u010den\u00ed z Japonska ohledn\u011b povinn\u00e9ho o\u010dkov\u00e1n\u00ed<\/strong><\/span><\/p>\n<p><span>V roce 1989 Japonsko zavedlo vakc\u00ednu MMR a u\u010dinilo o\u010dkov\u00e1n\u00ed povinn\u00fdm.\u00a0Rodi\u010de, kte\u0159\u00ed odm\u00edtli, museli zaplatit pokutu.\u00a0Av\u0161ak pot\u00e9, co se navzdory pou\u017eit\u00ed dvou r\u016fzn\u00fdch MMR vakc\u00edn vyskytla nep\u0159ijateln\u011b vysok\u00e1 m\u00edra ne\u017e\u00e1douc\u00edch \u00fa\u010dink\u016f, bylo trojit\u00e9 o\u010dkov\u00e1n\u00ed v roce 1993 zak\u00e1z\u00e1no a po soudn\u00edm rozhodnut\u00ed z roku 1992, kter\u00e9 p\u0159isoudilo vl\u00e1d\u011b odpov\u011bdnost za od\u0161kodn\u011bn\u00ed za zran\u011bn\u00ed zp\u016fsoben\u00e9 vakc\u00ednou, vl\u00e1da zru\u0161ila povinn\u00e9 o\u010dkov\u00e1n\u00ed dne .\u00a0V r\u00e1mci o\u010dkov\u00e1n\u00ed MMR je pod\u00e1no t\u00e9m\u011b\u0159 tis\u00edc \u017e\u00e1dost\u00ed o od\u0161kodn\u011bn\u00ed.<\/span><\/p>\n<p><span style=\"font-size: 18pt;\"><strong>Tento p\u0159\u00edklad vyvol\u00e1v\u00e1 ot\u00e1zku etiky povinn\u00e9ho o\u010dkov\u00e1n\u00ed.<\/strong><\/span><\/p>\n<p><strong>P\u00e1r ot\u00e1zek<\/strong><\/p>\n<ol start=\"2\">\n<li><span>M\u00e1 smysl zav\u00e1d\u011bt kompenza\u010dn\u00ed syst\u00e9m mezi da\u0148ov\u00fdmi poplatn\u00edky za \u0161kodu zp\u016fsobenou v\u00fdrobkem vyroben\u00fdm soukromou, ziskovou spole\u010dnost\u00ed?<\/span><\/li>\n<li><span>Je finan\u010dn\u00ed kompenzace spravedlivou reakc\u00ed na ne\u017e\u00e1douc\u00ed p\u0159\u00edhody po o\u010dkov\u00e1n\u00ed, kdy\u017e nebyl nikdy d\u00e1n \u0159\u00e1dn\u00fd informovan\u00fd souhlas a lid\u00e9 byli dezinformov\u00e1ni, uvedeni v omyl nebo dokonce donuceni k o\u010dkov\u00e1n\u00ed?<\/span><\/li>\n<li><span>A co spravedlnost pro neo\u010dkovan\u00e9 lidi, kte\u0159\u00ed se rozhodli nevystavovat se zn\u00e1m\u00fdm a mo\u017en\u00e1 nezn\u00e1m\u00fdm nep\u0159\u00edzniv\u00fdm \u00fa\u010dink\u016fm nov\u00e9ho l\u00e9\u010div\u00e9ho p\u0159\u00edpravku a kte\u0159\u00ed byli nespravedliv\u011b diskriminov\u00e1ni jako \u201ed\u016fsledek\u201c t\u00e9to \u201evolby\u201c?<\/span><\/li>\n<li><span>Vzhledem k masivn\u00edm vln\u00e1m Covid-19 po masov\u00e9m pod\u00e1v\u00e1n\u00ed vakc\u00edn a tis\u00edc\u016fm lid\u00ed, kte\u0159\u00ed byli od\u0161kodn\u011bni za zran\u011bn\u00ed souvisej\u00edc\u00ed s vakc\u00ednou, do\u0161lo k enormn\u00ed ob\u011bti na \u017eivotech a kon\u010detin\u00e1ch a na pen\u011bz\u00edch da\u0148ov\u00fdch poplatn\u00edk\u016f?\u00a0Co by se stalo, kdyby neprob\u011bhla \u017e\u00e1dn\u00e1 o\u010dkovac\u00ed kampa\u0148?<\/span><\/li>\n<\/ol>\n<p><span style=\"font-size: 18pt;\"><strong>Prameny:<\/strong><\/span><\/p>\n<p><span>[1]\u00a0<\/span><a href=\"https:\/\/m.pulsenews.co.kr\/view.php?year=2023&amp;no=680590\" target=\"_blank\" rel=\"noreferrer noopener\"><span>https:\/\/m.pulsenews.co.kr\/view.php?year=2023&amp;no=680590<\/span><\/a><\/p>\n<p><span>[2]\u00a0<\/span><a href=\"https:\/\/www.donga.com\/news\/Society\/article\/all\/20230621\/119869329\/1\" target=\"_blank\" rel=\"noreferrer noopener\"><span>https:\/\/www.donga.com\/news\/Society\/article\/all\/20230621\/119869329\/1<\/span><\/a><\/p>\n<p><span>[3]\u00a0<\/span><a href=\"https:\/\/www.wionews.com\/world\/south-korea-battling-rapid-surge-in-covid-19-cases-despite-nearly-90-vaccination-rate-430023\" target=\"_blank\" rel=\"noreferrer noopener\"><span>https:\/\/www.wionews.com\/world\/south-korea-battling-rapid-surge-in-covid-19-cases-despite-nearly-90-vaccination-rate-430023<\/span><\/a><\/p>\n<p><span>[4]\u00a0<\/span><a href=\"https:\/\/ourworldindata.org\/covid-deaths\" target=\"_blank\" rel=\"noreferrer noopener\"><span>https:\/\/ourworldindata.org\/covid-deaths<\/span><\/a><\/p>\n<p><span>[5]\u00a0<\/span><a href=\"https:\/\/www.newsweek.com\/south-korea-tightens-covid-restrictions-unvaccinated-told-eat-alone-restaurants-1660194\" target=\"_blank\" rel=\"noreferrer noopener\"><span>https:\/\/www.newsweek.com\/south-korea-tightens-covid-restrictions-unvaccinated-told-eat-alone-restaurants-1660194<\/span><\/a><\/p>\n<p><span>[6]\u00a0<\/span><a href=\"https:\/\/www.nst.com.my\/world\/region\/2021\/10\/740094\/concerns-s-korea-over-possible-discrimination-against-unvaccinated\" target=\"_blank\" rel=\"noreferrer noopener\"><span>https:\/\/www.nst.com.my\/world\/region\/2021\/10\/740094\/concerns-s-korea-over-possible-discrimination-against-unvaccinated<\/span><\/a><\/p>\n<p><span>[7]\u00a0<\/span><a href=\"https:\/\/www.hrsa.gov\/sites\/default\/files\/hrsa\/vicp\/vicp-stats-09-01-23.pdf\" target=\"_blank\" rel=\"noreferrer noopener\"><span>https:\/\/www.hrsa.gov\/sites\/default\/files\/hrsa\/vicp\/vicp-stats-09-01-23.pdf<\/span><\/a><\/p>\n<p><span>[8]\u00a0<\/span><a href=\"https:\/\/www.dailymail.co.uk\/health\/article-17509\/Why-Japan-banned-MMR-vaccine.html\" target=\"_blank\" rel=\"noreferrer noopener\"><span>https:\/\/www.dailymail.co.uk\/health\/article-17509\/Why-Japan-banned-MMR-vaccine.html<\/span><\/a><\/p>\n<p><span>[9]\u00a0<\/span><a href=\"https:\/\/web.archive.org\/web\/20210204220821\/https:\/\/www.japantimes.co.jp\/news\/2020\/12\/23\/national\/japan-vaccine-history-coronavirus\/\" target=\"_blank\" rel=\"noreferrer noopener\"><span>https:\/\/web.archive.org\/web\/20210204220821\/https:\/\/www.japantimes.co.jp\/news\/2020\/12\/23\/national\/japan-vaccine-history-coronavirus\/<\/span><\/a><\/p>\n<\/div>\n<\/div>\n<div class=\"elementor-element elementor-element-8c57238 quelle dc-has-condition dc-condition-empty elementor-widget elementor-widget-heading\" data-id=\"8c57238\" data-element_type=\"widget\" data-widget_type=\"heading.default\">\n<div class=\"elementor-widget-container\">\n<h3 class=\"elementor-heading-title elementor-size-default\"><span style=\"font-size: 8pt;\"><a href=\"https:\/\/www.trialsitenews.com\/a\/south-korea-government-to-compensate-for-all-post-covid-19-vaccination-deaths-within-90-days-of-the-jab-regardless-of-proof-of-causality-b3cb92ed\" target=\"_blank\" rel=\"nofollow noopener\">ZDROJ<\/a><\/span><\/h3>\n<\/div>\n<\/div>\n<p>&nbsp;<\/p>\n<p><img decoding=\"async\" loading=\"lazy\" class=\"wp-image-33819 aligncenter\" src=\"http:\/\/www.infokuryr.cz\/n\/wp-content\/uploads\/2023\/08\/ces1-300x157.jpg\" alt=\"\" width=\"1366\" height=\"715\" srcset=\"https:\/\/www.infokuryr.cz\/n\/wp-content\/uploads\/2023\/08\/ces1-300x157.jpg 300w, https:\/\/www.infokuryr.cz\/n\/wp-content\/uploads\/2023\/08\/ces1-1024x536.jpg 1024w, https:\/\/www.infokuryr.cz\/n\/wp-content\/uploads\/2023\/08\/ces1-768x402.jpg 768w, https:\/\/www.infokuryr.cz\/n\/wp-content\/uploads\/2023\/08\/ces1.jpg 1200w\" sizes=\"(max-width: 1366px) 100vw, 1366px\" \/><\/p>\n<p>&nbsp;<\/p>\n<p><a href=\"https:\/\/stranapro.cz\/\"><img decoding=\"async\" loading=\"lazy\" class=\"wp-image-30218 aligncenter\" src=\"http:\/\/www.infokuryr.cz\/n\/wp-content\/uploads\/2023\/06\/PRO-banner-300x36.png\" alt=\"\" width=\"1358\" height=\"163\" srcset=\"https:\/\/www.infokuryr.cz\/n\/wp-content\/uploads\/2023\/06\/PRO-banner-300x36.png 300w, https:\/\/www.infokuryr.cz\/n\/wp-content\/uploads\/2023\/06\/PRO-banner-768x93.png 768w, https:\/\/www.infokuryr.cz\/n\/wp-content\/uploads\/2023\/06\/PRO-banner.png 849w\" sizes=\"(max-width: 1358px) 100vw, 1358px\" \/><\/a><\/p>\n<p>&nbsp;<\/p>\n<p>&nbsp;<\/p>\n<p>&nbsp;<\/p>\n","protected":false},"excerpt":{"rendered":"<p>K 92 % v\u0161ech \u00famrt\u00ed na covid do\u0161lo pot\u00e9, co bylo 90 % dosp\u011bl\u00e9 populace&#8230;<\/p>\n","protected":false},"author":2,"featured_media":3713,"comment_status":"closed","ping_status":"closed","sticky":false,"template":"","format":"standard","meta":[],"categories":[7],"tags":[1189,213,1661,651],"_links":{"self":[{"href":"https:\/\/www.infokuryr.cz\/n\/wp-json\/wp\/v2\/posts\/35973"}],"collection":[{"href":"https:\/\/www.infokuryr.cz\/n\/wp-json\/wp\/v2\/posts"}],"about":[{"href":"https:\/\/www.infokuryr.cz\/n\/wp-json\/wp\/v2\/types\/post"}],"author":[{"embeddable":true,"href":"https:\/\/www.infokuryr.cz\/n\/wp-json\/wp\/v2\/users\/2"}],"replies":[{"embeddable":true,"href":"https:\/\/www.infokuryr.cz\/n\/wp-json\/wp\/v2\/comments?post=35973"}],"version-history":[{"count":0,"href":"https:\/\/www.infokuryr.cz\/n\/wp-json\/wp\/v2\/posts\/35973\/revisions"}],"wp:featuredmedia":[{"embeddable":true,"href":"https:\/\/www.infokuryr.cz\/n\/wp-json\/wp\/v2\/media\/3713"}],"wp:attachment":[{"href":"https:\/\/www.infokuryr.cz\/n\/wp-json\/wp\/v2\/media?parent=35973"}],"wp:term":[{"taxonomy":"category","embeddable":true,"href":"https:\/\/www.infokuryr.cz\/n\/wp-json\/wp\/v2\/categories?post=35973"},{"taxonomy":"post_tag","embeddable":true,"href":"https:\/\/www.infokuryr.cz\/n\/wp-json\/wp\/v2\/tags?post=35973"}],"curies":[{"name":"wp","href":"https:\/\/api.w.org\/{rel}","templated":true}]}}