{"id":35972,"date":"2023-09-12T00:59:07","date_gmt":"2023-09-11T22:59:07","guid":{"rendered":"http:\/\/www.infokuryr.cz\/n\/?p=35972"},"modified":"2023-09-11T16:18:57","modified_gmt":"2023-09-11T14:18:57","slug":"izraelska-vlada-stahuje-prikaz-k-provadeni-testu-na-covid-po-odporu-nemocnic","status":"publish","type":"post","link":"https:\/\/www.infokuryr.cz\/n\/2023\/09\/12\/izraelska-vlada-stahuje-prikaz-k-provadeni-testu-na-covid-po-odporu-nemocnic\/","title":{"rendered":"Izraelsk\u00e1 vl\u00e1da stahuje p\u0159\u00edkaz k prov\u00e1d\u011bn\u00ed test\u016f na COVID po odporu nemocnic"},"content":{"rendered":"<div id=\"fb-root\"><\/div>\n<p><span>Ve\u0159ejn\u00e9 nemocnice uvedly, \u017ee vy\u0161et\u0159en\u00ed ka\u017ed\u00e9ho pacienta vy\u017eaduje p\u0159\u00edli\u0161 mnoho zdroj\u016f a \u201eneposkytuje efektivn\u00ed informace\u201c.<\/span><\/p>\n<p><span>Izraelsk\u00e9 ministerstvo zdravotnictv\u00ed st\u00e1hlo sv\u016fj p\u0159\u00edkaz, aby nemocnice provedly testy PCR u v\u0161ech nov\u00fdch pacient\u016f pot\u00e9, co se veden\u00ed ve\u0159ejn\u00fdch nemocnic postavilo proti.<\/span><\/p>\n<p><span>Podle Kan News, izraelsk\u00e9 ve\u0159ejnopr\u00e1vn\u00ed televize, se ministerstvo zdravotnictv\u00ed rozhodlo st\u00e1hnout svou objedn\u00e1vku pot\u00e9, co ve\u0159ejn\u00e9 nemocnice uvedly, \u017ee proveden\u00ed testu na COVID u ka\u017ed\u00e9ho nov\u011b p\u0159ijat\u00e9ho pacienta by vy\u017eadovalo p\u0159\u00edli\u0161 mnoho prost\u0159edk\u016f.<\/span><\/p>\n<div class=\"twitter-tweet twitter-tweet-rendered\"><iframe id=\"twitter-widget-0\" class=\"\" title=\"Twitter Tweet\" src=\"https:\/\/platform.twitter.com\/embed\/Tweet.html?creatorScreenName=uncutnewsCH&amp;dnt=false&amp;embedId=twitter-widget-0&amp;features=eyJ0ZndfdGltZWxpbmVfbGlzdCI6eyJidWNrZXQiOltdLCJ2ZXJzaW9uIjpudWxsfSwidGZ3X2ZvbGxvd2VyX2NvdW50X3N1bnNldCI6eyJidWNrZXQiOnRydWUsInZlcnNpb24iOm51bGx9LCJ0ZndfdHdlZXRfZWRpdF9iYWNrZW5kIjp7ImJ1Y2tldCI6Im9uIiwidmVyc2lvbiI6bnVsbH0sInRmd19yZWZzcmNfc2Vzc2lvbiI6eyJidWNrZXQiOiJvbiIsInZlcnNpb24iOm51bGx9LCJ0ZndfZm9zbnJfc29mdF9pbnRlcnZlbnRpb25zX2VuYWJsZWQiOnsiYnVja2V0Ijoib24iLCJ2ZXJzaW9uIjpudWxsfSwidGZ3X21peGVkX21lZGlhXzE1ODk3Ijp7ImJ1Y2tldCI6InRyZWF0bWVudCIsInZlcnNpb24iOm51bGx9LCJ0ZndfZXhwZXJpbWVudHNfY29va2llX2V4cGlyYXRpb24iOnsiYnVja2V0IjoxMjA5NjAwLCJ2ZXJzaW9uIjpudWxsfSwidGZ3X3Nob3dfYmlyZHdhdGNoX3Bpdm90c19lbmFibGVkIjp7ImJ1Y2tldCI6Im9uIiwidmVyc2lvbiI6bnVsbH0sInRmd19kdXBsaWNhdGVfc2NyaWJlc190b19zZXR0aW5ncyI6eyJidWNrZXQiOiJvbiIsInZlcnNpb24iOm51bGx9LCJ0ZndfdXNlX3Byb2ZpbGVfaW1hZ2Vfc2hhcGVfZW5hYmxlZCI6eyJidWNrZXQiOiJvbiIsInZlcnNpb24iOm51bGx9LCJ0ZndfdmlkZW9faGxzX2R5bmFtaWNfbWFuaWZlc3RzXzE1MDgyIjp7ImJ1Y2tldCI6InRydWVfYml0cmF0ZSIsInZlcnNpb24iOm51bGx9LCJ0ZndfbGVnYWN5X3RpbWVsaW5lX3N1bnNldCI6eyJidWNrZXQiOnRydWUsInZlcnNpb24iOm51bGx9LCJ0ZndfdHdlZXRfZWRpdF9mcm9udGVuZCI6eyJidWNrZXQiOiJvbiIsInZlcnNpb24iOm51bGx9fQ%3D%3D&amp;frame=false&amp;hideCard=false&amp;hideThread=false&amp;id=1700072205160194327&amp;lang=cs&amp;origin=https%3A%2F%2Funcutnews.ch%2Fisraelische-regierung-zieht-anordnung-zur-durchfuehrung-von-covid-tests-nach-widerstand-der-krankenhaeuser-zurueck%2F&amp;sessionId=60a42bb17af4c469586ce619b4fc2e79d8426855&amp;theme=light&amp;widgetsVersion=aaf4084522e3a%3A1674595607486&amp;width=550px\" frameborder=\"0\" scrolling=\"no\" allowfullscreen=\"allowfullscreen\" data-tweet-id=\"1700072205160194327\" data-mce-fragment=\"1\"><\/iframe><\/div>\n<p><span>Za\u010d\u00e1tkem tohoto t\u00fddne izraelsk\u00e1 vl\u00e1dn\u00ed agentura po\u017eadovala, aby v\u0161echny nemocnice testovaly ka\u017ed\u00e9ho nov\u00e9ho pacienta na COVID pomoc\u00ed kontroverzn\u00edch test\u016f PCR k \u201eefektivn\u011bj\u0161\u00edmu sledov\u00e1n\u00ed m\u00edry infekce\u201c, i kdy\u017e se uk\u00e1zalo, \u017ee testy PCR jsou chybn\u00e9 a poskytuj\u00ed nep\u0159esn\u00e9 v\u00fdsledky.<\/span><\/p>\n<p><span>Izraelsk\u00e9 f\u00f3rum \u0159editel\u016f v\u0161eobecn\u00fdch ve\u0159ejn\u00fdch nemocnic zaslalo odpov\u011b\u010f na ministerstvo zdravotnictv\u00ed, ve kter\u00e9m zdvo\u0159ile odm\u00edtlo prov\u00e9st testy PCR u v\u0161ech p\u0159\u00edchoz\u00edch pacient\u016f.\u00a0P\u0159edstavitel\u00e9 nemocnice uvedli, \u017ee \u201ebudou pokra\u010dovat v prov\u00e1d\u011bn\u00ed PCR testov\u00e1n\u00ed na z\u00e1klad\u011b klinick\u00e9ho hodnocen\u00ed\u201c.<\/span><\/p>\n<p><span>&#8222;Podle na\u0161eho odborn\u00e9ho n\u00e1zoru nebude proveden\u00ed testu u v\u0161ech pacient\u016f v nemocnici poskytovat efektivn\u00ed informace,&#8220; uvedl dopis.<\/span><\/p>\n<p><span>\u201eNa druhou stranu pro n\u00e1s tento objem pr\u00e1ce p\u0159edstavuje nep\u0159im\u011b\u0159enou z\u00e1t\u011b\u017e, zejm\u00e9na v ji\u017e tak vyt\u00ed\u017een\u00fdch laborato\u0159\u00edch.\u00a0Nav\u00edc to v ekonomicky obt\u00ed\u017en\u00fdch dob\u00e1ch povede ke zna\u010dn\u00e9 z\u00e1t\u011b\u017ei pro rozpo\u010dty na n\u00e1kup a mzdy\u201c.<\/span><\/p>\n<p><span>\u201eP\u0159i v\u0161\u00ed \u00fact\u011b, [po\u010det] pacient\u016f hospitalizovan\u00fdch pro COVID je mal\u00fd, [a] proto m\u016f\u017ee b\u00fdt lep\u0161\u00ed prov\u00e9st tento testovac\u00ed pr\u016fzkum v komunit\u011b, kde p\u0159eb\u00fdv\u00e1 a p\u0159eb\u00fdv\u00e1 v\u011bt\u0161ina pacient\u016f s respira\u010dn\u00edmi p\u0159\u00edznaky.<\/span><\/p>\n<p><span>Na za\u010d\u00e1tku krize COVID byl Izrael jednou z prvn\u00edch zem\u00ed, kter\u00e9 zavedly restriktivn\u00ed opat\u0159en\u00ed, v\u010detn\u011b rozs\u00e1hl\u00fdch blok\u00e1d.\u00a0V\u00fdzva ministerstva zdravotnictv\u00ed na znovuzaveden\u00ed povinn\u00e9ho testov\u00e1n\u00ed PCR p\u0159i\u0161la uprost\u0159ed zv\u011bst\u00ed o n\u00e1vratu blokovac\u00edch opat\u0159en\u00ed a zahalov\u00e1n\u00ed obli\u010deje letos na podzim.<\/span><\/p>\n<p><span>Odm\u00edtnut\u00ed izraelsk\u00e9 nemocnice vyhov\u011bt po\u017eadavku vl\u00e1dy lze pova\u017eovat za zn\u00e1mku rostouc\u00edho celosv\u011btov\u00e9ho odporu proti znovuzaveden\u00ed drakonick\u00e9ho re\u017eimu COVID.<\/span><\/p>\n<p><img decoding=\"async\" loading=\"lazy\" class=\"alignnone size-full wp-image-1185\" src=\"http:\/\/www.infokuryr.cz\/n\/wp-content\/uploads\/2021\/04\/kuryr-podpis.png\" alt=\"\" width=\"84\" height=\"24\" \/><\/p>\n<p>&nbsp;<\/p>\n<p><img decoding=\"async\" loading=\"lazy\" class=\"wp-image-33819 aligncenter\" src=\"http:\/\/www.infokuryr.cz\/n\/wp-content\/uploads\/2023\/08\/ces1-300x157.jpg\" alt=\"\" width=\"1349\" height=\"706\" srcset=\"https:\/\/www.infokuryr.cz\/n\/wp-content\/uploads\/2023\/08\/ces1-300x157.jpg 300w, https:\/\/www.infokuryr.cz\/n\/wp-content\/uploads\/2023\/08\/ces1-1024x536.jpg 1024w, https:\/\/www.infokuryr.cz\/n\/wp-content\/uploads\/2023\/08\/ces1-768x402.jpg 768w, https:\/\/www.infokuryr.cz\/n\/wp-content\/uploads\/2023\/08\/ces1.jpg 1200w\" sizes=\"(max-width: 1349px) 100vw, 1349px\" \/><\/p>\n<p>&nbsp;<\/p>\n<p><a href=\"https:\/\/stranapro.cz\/\"><img decoding=\"async\" loading=\"lazy\" class=\"wp-image-30218 aligncenter\" src=\"http:\/\/www.infokuryr.cz\/n\/wp-content\/uploads\/2023\/06\/PRO-banner-300x36.png\" alt=\"\" width=\"1375\" height=\"165\" srcset=\"https:\/\/www.infokuryr.cz\/n\/wp-content\/uploads\/2023\/06\/PRO-banner-300x36.png 300w, https:\/\/www.infokuryr.cz\/n\/wp-content\/uploads\/2023\/06\/PRO-banner-768x93.png 768w, https:\/\/www.infokuryr.cz\/n\/wp-content\/uploads\/2023\/06\/PRO-banner.png 849w\" sizes=\"(max-width: 1375px) 100vw, 1375px\" \/><\/a><\/p>\n<p>&nbsp;<\/p>\n<p>&nbsp;<\/p>\n<p>&nbsp;<\/p>\n","protected":false},"excerpt":{"rendered":"<p>Ve\u0159ejn\u00e9 nemocnice uvedly, \u017ee vy\u0161et\u0159en\u00ed ka\u017ed\u00e9ho pacienta vy\u017eaduje p\u0159\u00edli\u0161 mnoho zdroj\u016f a \u201eneposkytuje efektivn\u00ed informace\u201c&#8230;.<\/p>\n","protected":false},"author":2,"featured_media":521,"comment_status":"closed","ping_status":"closed","sticky":false,"template":"","format":"standard","meta":[],"categories":[7],"tags":[563,107,1083,110],"_links":{"self":[{"href":"https:\/\/www.infokuryr.cz\/n\/wp-json\/wp\/v2\/posts\/35972"}],"collection":[{"href":"https:\/\/www.infokuryr.cz\/n\/wp-json\/wp\/v2\/posts"}],"about":[{"href":"https:\/\/www.infokuryr.cz\/n\/wp-json\/wp\/v2\/types\/post"}],"author":[{"embeddable":true,"href":"https:\/\/www.infokuryr.cz\/n\/wp-json\/wp\/v2\/users\/2"}],"replies":[{"embeddable":true,"href":"https:\/\/www.infokuryr.cz\/n\/wp-json\/wp\/v2\/comments?post=35972"}],"version-history":[{"count":0,"href":"https:\/\/www.infokuryr.cz\/n\/wp-json\/wp\/v2\/posts\/35972\/revisions"}],"wp:featuredmedia":[{"embeddable":true,"href":"https:\/\/www.infokuryr.cz\/n\/wp-json\/wp\/v2\/media\/521"}],"wp:attachment":[{"href":"https:\/\/www.infokuryr.cz\/n\/wp-json\/wp\/v2\/media?parent=35972"}],"wp:term":[{"taxonomy":"category","embeddable":true,"href":"https:\/\/www.infokuryr.cz\/n\/wp-json\/wp\/v2\/categories?post=35972"},{"taxonomy":"post_tag","embeddable":true,"href":"https:\/\/www.infokuryr.cz\/n\/wp-json\/wp\/v2\/tags?post=35972"}],"curies":[{"name":"wp","href":"https:\/\/api.w.org\/{rel}","templated":true}]}}