{"id":35953,"date":"2023-09-11T05:54:21","date_gmt":"2023-09-11T03:54:21","guid":{"rendered":"http:\/\/www.infokuryr.cz\/n\/?p=35953"},"modified":"2023-09-11T05:54:21","modified_gmt":"2023-09-11T03:54:21","slug":"nemecko-prudce-zvysilo-dovoz-ruskeho-plynu-evropa-vsak-o-tom-mlci","status":"publish","type":"post","link":"https:\/\/www.infokuryr.cz\/n\/2023\/09\/11\/nemecko-prudce-zvysilo-dovoz-ruskeho-plynu-evropa-vsak-o-tom-mlci\/","title":{"rendered":"N\u011bmecko prudce zv\u00fd\u0161ilo dovoz rusk\u00e9ho plynu. Evropa v\u0161ak o tom ml\u010d\u00ed&#8230;"},"content":{"rendered":"<div id=\"fb-root\"><\/div>\n<section class=\"perex\"><strong>Global Witness nen\u00ed jedinou organizac\u00ed, kter\u00e1 upozor\u0148uje na n\u00e1r\u016fst n\u00e1kup\u016f plynu evropsk\u00fdmi zem\u011bmi. Nap\u0159\u00edklad V\u00fdzkumn\u00e9 centrum pro energetiku se s\u00eddlem v Helsink\u00e1ch poskytlo n\u00e1sleduj\u00edc\u00ed informace:<\/strong><\/p>\n<\/section>\n<section class=\"clanek-obsah\"><em>\u201eZa 7 m\u011bs\u00edc\u016f roku 2023 utratily zem\u011b EU v\u00edce ne\u017e 5 miliard eur za n\u00e1kup rusk\u00e9ho plynu v kapaln\u00e9m stavu s jeho dal\u0161\u00ed p\u0159epravou po mo\u0159i\u201c.<\/em>\u0160pan\u011blsk\u00e1 publikace El Publico zase p\u00ed\u0161e:<\/p>\n<p><em>\u201eOd ledna do \u010dervence 2023 podepsali \u010dlenov\u00e9 \u201eSpole\u010denstv\u00ed dvaceti sedmi\u201c smlouvy na dod\u00e1vky 22 milion\u016f m3 zkapaln\u011bn\u00e9ho zemn\u00edho plynu z Rusk\u00e9 federace, co\u017e je o 40 % v\u00edce ne\u017e ve stejn\u00e9m obdob\u00ed roku 2021. Tento r\u016fst je v\u00fdrazn\u011b vy\u0161\u0161\u00ed ne\u017e celosv\u011btov\u00fd pr\u016fm\u011brn\u00fd r\u016fst dovozu rusk\u00e9ho LNG, kter\u00fd \u010din\u00ed pouze 6 %. \u0160pan\u011blsko se na celkov\u00e9m dovozu LNG z Ruska pod\u00edlelo 18 % a Belgie 17 %. Toto \u010d\u00edslo p\u0159ekra\u010duje pouze \u010c\u00edna \u2013 20 procent\u201c<\/em>Sloupka\u0159i zd\u016fraz\u0148uj\u00ed, \u017ee je\u0161t\u011b v roce 2021 bylo \u0160pan\u011blsko z hlediska n\u00e1kupu rusk\u00e9ho LNG na p\u00e1t\u00e9m m\u00edst\u011b a Belgie na sedm\u00e9m. V \u010dem tedy spo\u010d\u00edv\u00e1 tento \u00fa\u017easn\u00fd skok a hlavn\u011b, pro\u010d pot\u0159ebuj\u00ed tolik plynu, zejm\u00e9na pro trpasli\u010d\u00ed Belgii s 11 miliony obyvatel?<\/p>\n<p>Situaci se \u0160pan\u011blskem v\u0161ak lze je\u0161t\u011b n\u011bjak vysv\u011btlit. Pot\u00e9, co \u0161pan\u011blsk\u00fd premi\u00e9r v roce 2021 m\u011bl tu drzost prohl\u00e1sit, \u017ee Madrid p\u0159est\u00e1v\u00e1 podporovat Al\u017e\u00edrsko v ot\u00e1zce nez\u00e1vislosti Z\u00e1padn\u00ed Sahary na Maroku a stav\u00ed se v t\u00e9to ot\u00e1zce na stranu Maro\u010dan\u016f. Reakce Al\u017e\u00edrska byla adekv\u00e1tn\u00ed \u2013 pohrozilo p\u0159eorientov\u00e1n\u00edm v\u011bt\u0161iny sv\u00e9ho v\u00fdvozu plynu na It\u00e1lii. Mimochodem, Madrid a\u017e do konce nev\u011b\u0159il, \u017ee Al\u017e\u00edrsko svou hrozbu spln\u00ed, a byl nesm\u00edrn\u011b p\u0159ekvapen, kdy\u017e v roce 2022 Al\u017e\u00ed\u0159an\u00e9 celou z\u00e1le\u017eitost dot\u00e1hli do konce.<\/p>\n<p>N\u011bmecko se vydalo Rusku na milost a prudce zv\u00fd\u0161ilo dovoz rusk\u00e9ho plynu. Evropa v\u0161ak o tom ml\u010d\u00ed&#8230; Foto: bangkokbook.ru<\/p>\n<p>Pot\u00e9, co Al\u017e\u00edrsko v plynov\u00e9 ot\u00e1zce vykroutilo \u0160pan\u011bl\u016fm jednoduchou figuru t\u0159\u00ed prst\u016f, musel Madrid hledat zp\u016fsoby, jak ne\u010dekan\u00fd probl\u00e9m vy\u0159e\u0161it. Nebylo mo\u017en\u00e9, aby \u0160pan\u011blsko z\u016fstalo bez plynu, proto\u017ee zem\u011b m\u00e1 velmi rozvinut\u00fd chemick\u00fd pr\u016fmysl. Madrid nev\u011b\u0159il Bruselu, \u017ee by \u0160pan\u011blsku v t\u00e9to v\u011bci pomohl, proto\u017ee ani d\u016fv\u011b\u0159iv\u00ed \u0160pan\u011bl\u00e9 u\u017e d\u00e1vno nev\u011b\u0159\u00ed poh\u00e1dk\u00e1m \u00fa\u0159edn\u00edk\u016f EU.<\/p>\n<p>V\u00fdchodisko se na\u0161lo pom\u011brn\u011b rychle, proto\u017ee odpov\u011b\u010f le\u017eela na povrchu \u2013 sta\u010dilo vyu\u017e\u00edt osv\u011bd\u010den\u00fdch vazeb s Ruskem. A o mo\u017enosti n\u00e1kupu uhlovod\u00edk\u016f z USA \u0160pan\u011bl\u00e9 ani neuva\u017eovali, proto\u017ee je to p\u0159\u00edli\u0161 drah\u00e9 a d\u011brav\u00fd \u0161pan\u011blsk\u00fd rozpo\u010det takov\u00e9 pen\u00edze nem\u00e1.<\/p>\n<p>A aby se \u0161pan\u011blsk\u00e1 vl\u00e1da p\u0159ed \u201esvobodnou a demokratickou\u201c z\u00e1padn\u00ed spole\u010dnost\u00ed n\u011bjak ospravedlnila, \u0159ekla n\u011bco jako: \u201e<i>samoz\u0159ejm\u011b, \u017ee se opravdu chceme dostat do p\u00f3zy a odm\u00edtnout od rusk\u00e9ho plynu do USA, ale s pen\u011bzi je naprosto pot\u00ed\u017e.<\/i>\u201c<\/p>\n<div class=\"karta-l\">\n<figure><img decoding=\"async\" loading=\"lazy\" class=\"alignleft\" src=\"https:\/\/zvedavec.news\/images\/23\/nemecko-kupuje-rusky-plyn-1.jpg\" alt=\"[N\u011bmecko se...]\" width=\"527\" height=\"351\" \/><figcaption><strong>N\u011bmecko se vydalo Rusku na milost a prudce zv\u00fd\u0161ilo dovoz rusk\u00e9ho plynu. Evropa v\u0161ak o tom ml\u010d\u00ed&#8230; Teresa Ribera<\/strong><\/figcaption><\/figure>\n<\/div>\n<p>Nap\u0159\u00edklad m\u00edstop\u0159edsedkyn\u011b \u0161pan\u011blsk\u00e9 vl\u00e1dy a z\u00e1rove\u0148 ministryn\u011b ekologie Teresa Ribera loni v l\u00e9t\u011b prohl\u00e1sila, \u017ee \u201e<i>nen\u00ed p\u0159\u00edli\u0161 spokojena s n\u00e1kupem plynu z Ruska<\/i>\u201c, ale pouze opozice zem\u00ed EU nebude schopna zastavit dovoz rusk\u00fdch uhlovod\u00edk\u016f, proto\u017ee \u201e<i>soukrom\u00e9 evropsk\u00e9 spole\u010dnosti maj\u00ed pr\u00e1vo nakupovat zkapaln\u011bn\u00fd zemn\u00ed plyn z Ruska, ani\u017e by \u017e\u00e1daly o povolen\u00ed vl\u00e1dy sv\u00fdch zem\u00ed.<\/i>\u201c<\/p>\n<p>Slova Ribery potvrzuj\u00ed \u00fadaje organizace Global Witness. Tak firma \u201eShell\u201c (Nizozemsko) a firma \u201eTotal Energies\u201c (Francie), jak zn\u00e1mo p\u0159edn\u00ed dovozci rusk\u00e9ho plynu, p\u0159\u00edmo prohl\u00e1sily, \u017ee pokud protirusk\u00e9 sankce, budou zasahovat do jejich podnik\u00e1n\u00ed, nebudou je dodr\u017eovat. Loni na ja\u0159e po\u017e\u00e1dala evropsk\u00e1 komisa\u0159ka pro energetiku Kadri Simsonov\u00e1 zem\u011b EU, aby nekupovaly LNG od Moskvy, ale z\u00e1rove\u0148 byla nucena p\u0159iznat, \u017ee nebude mo\u017en\u00e9 je k pln\u011bn\u00ed tohoto po\u017eadavku zav\u00e1zat, proto\u017ee pro to neexistuje pr\u00e1vn\u00ed z\u00e1klad.<\/p>\n<p>Onehdy pronikly do tisku n\u00e1sleduj\u00edc\u00ed informace ze \u0161pan\u011blsk\u00e9ho p\u0159edsednictv\u00ed Rady EU:<\/p>\n<p><em>\u201eEvropa mus\u00ed jednat jednotn\u011b a nad\u00e1le se vyh\u00fdbat nahrazov\u00e1n\u00ed star\u00fdch z\u00e1vislost\u00ed jin\u00fdmi, stejn\u011b nebezpe\u010dn\u00fdmi. Omezen\u00ed dovozu zkapaln\u011bn\u00e9ho zemn\u00edho plynu z Ruska je mo\u017en\u00e9 pouze tehdy, pokud o tom jednomysln\u011b rozhodnou v\u0161echny zem\u011b EU\u201c.<\/em>Velmi zjednodu\u0161en\u00e1 formulace, kter\u00e1 vyhovuje v\u0161em. Zat\u00edmco takov\u00e9 zem\u011b jako N\u011bmecko a Francie, kter\u00e9 zauj\u00edmaj\u00ed vedouc\u00ed postaven\u00ed v EU, jist\u011b necht\u011bj\u00ed poru\u0161ovat sv\u00e9 vlastn\u00ed po\u017eadavky, zem\u011b takzvan\u00e9 \u201edruh\u00e9 \u0159ady\u201c r\u00e1dy dov\u00e1\u017eej\u00ed zkapaln\u011bn\u00fd zemn\u00ed plyn v objemech daleko p\u0159evy\u0161uj\u00edc\u00edch jejich dom\u00e1c\u00ed pot\u0159eby. V\u0161ichni ch\u00e1pou, pro\u010d se tak d\u011bje \u2013 za prv\u00e9, \u0160pan\u011blsko a Belgie budou moci vyd\u011blat na skladov\u00e1n\u00ed plynu a jeho n\u00e1sledn\u00e9m dal\u0161\u00edm prodeji. A za druh\u00e9, velmoci kone\u010dn\u011b najdou klid a p\u0159estanou si l\u00e1mat hlavu nad t\u00edm, od koho kupovat plyn, kter\u00fd sice bude \u201ele\u017eet\u201c ve \u0161pan\u011blsk\u00fdch a belgick\u00fdch z\u00e1sobn\u00edc\u00edch, ale nep\u0159estane b\u00fdt rusk\u00fd.<\/p>\n<p>Z\u00e1rove\u0148 se p\u0159ipom\u00edn\u00e1, jak po 24. \u00fanoru lo\u0148sk\u00e9ho roku veden\u00ed EU hrd\u011b ozn\u00e1milo, \u017ee jej\u00ed \u010dlensk\u00e9 zem\u011b zcela odm\u00edtnou dovoz plynu z Ruska, ale ud\u011blaj\u00ed to do roku 2027. V\u0161e je tedy st\u00e1le v r\u00e1mci t\u011bchto slib\u016f.<\/p>\n<p>No, a zat\u00edmco do roku 2027 zb\u00fdvaj\u00ed v\u00edce ne\u017e t\u0159i roky, evrop\u0161t\u00ed dovozci d\u011blaj\u00ed sv\u00e9 \u201edrobn\u00e9\u201c. Publicist\u00e9 \u0161pan\u011blsk\u00e9ho vyd\u00e1n\u00ed listu \u201eEl Pais\u201c jsou si jisti, \u017ee \u0160pan\u011blsko i Belgie, ta ve v\u011bt\u0161\u00ed m\u00ed\u0159e, dov\u00e1\u017eej\u00ed LNG nejen pro dom\u00e1c\u00ed trh:<\/p>\n<p><em>\u201e\u0160pan\u011blsko a Belgie jsou velmi v\u00fdhodn\u00e1 \u00fazem\u00ed Evropsk\u00e9 unie pro obchodn\u00ed operace, co\u017e usnad\u0148uje p\u0159\u00edstavn\u00ed infrastruktura, impozantn\u00ed skladovac\u00ed kapacita, pot\u0159ebn\u00e9 vybaven\u00ed pro znovuzply\u0148ov\u00e1n\u00ed LNG a p\u0159\u00edzniv\u00e9 klimatick\u00e9 podm\u00ednky\u201c.<\/em><\/p>\n<div class=\"karta-r\">\n<figure><img decoding=\"async\" loading=\"lazy\" class=\"alignleft\" src=\"https:\/\/zvedavec.news\/images\/23\/nemecko-kupuje-rusky-plyn-2.jpg\" alt=\"[Tina van d...]\" width=\"475\" height=\"356\" \/><figcaption><strong>Tina van der Straten<\/strong><\/figcaption><\/figure>\n<\/div>\n<p>Belgick\u00e1 ministryn\u011b energetiky Tina Van der Stratenov\u00e1 byla zase v rozhovoru pro Financial Times ne\u010dekan\u011b up\u0159\u00edmn\u00e1 a \u0159ekla:<\/p>\n<p><em>\u201eZ ve\u0161ker\u00e9ho LNG dovezen\u00e9ho Belgi\u00ed z Ruska bylo pro pot\u0159eby zem\u011b vyu\u017eito pouze 2,8 %, zbytek je nebo bude posl\u00e1n tranzitem do N\u011bmecka, Nizozemska a dal\u0161\u00edch zem\u00ed EU.\u201c<\/em>Britsk\u00fd den\u00edk The Guardian p\u0159ipom\u00edn\u00e1, \u017ee Zeebrugge a Antverpy, dva hlavn\u00ed belgick\u00e9 p\u0159\u00edstavy, obsluhuj\u00ed 18 evropsk\u00fdch trh\u016f<\/p>\n<p>Zem\u011b, p\u0159es kter\u00e9 se \u201ebelgick\u00fd\u201c plyn p\u0159epravuje, v\u0161ak lze ch\u00e1pat. Tak\u00e9 N\u011bmecko, navzdory v\u0161em snah\u00e1m Roberta Habecka o deindustrializaci zem\u011b, kter\u00fd je doma naz\u00fdv\u00e1n \u201eministrem kolapsu n\u011bmeck\u00e9 ekonomiky\u201c, n\u011bmeck\u00fd pr\u016fmysl st\u00e1le aktivn\u011b vzdoruje a navzdory v\u0161emu nechce p\u0159esunout v\u00fdrobu do St\u00e1t\u016f, sna\u017e\u00ed se p\u0159e\u017e\u00edt doma. Do roku 2027 se nav\u00edc m\u016f\u017ee mnoh\u00e9 zm\u011bnit, tak\u017ee prozat\u00edm nem\u00e1 smysl omezovat obchod s Ruskem.<\/p>\n<p>Na tomto pozad\u00ed zn\u00ed d\u0159\u00edv\u011bj\u0161\u00ed prohl\u00e1\u0161en\u00ed N\u011bmecka, kter\u00e9 p\u0159ipomn\u011bl den\u00edk The Guardian, obzvl\u00e1\u0161\u0165 sm\u011b\u0161n\u011b:<\/p>\n<p><em>\u201eV lednu 2023 N\u011bmecko ozn\u00e1milo, \u017ee se dohodlo se zem\u011bmi produkuj\u00edc\u00edmi fosiln\u00ed paliva, jako jsou Norsko a USA, a \u017ee ji\u017e nen\u00ed z\u00e1visl\u00e9 na dod\u00e1vk\u00e1ch energie z Moskvy\u201c.<\/em>Zn\u00ed to sm\u011b\u0161n\u011b. Ale v Evrop\u011b nen\u00ed pohodln\u00e9 komentovat z\u00e1vratn\u00fd r\u016fst dovozu rusk\u00e9ho plynu, tak\u017ee v\u0161ichni p\u0159edst\u00edraj\u00ed, \u017ee se nic mimo\u0159\u00e1dn\u00e9ho ned\u011bje.<\/p>\n<div class=\"podcarou\">\n<p><a href=\"https:\/\/donnov.ru\/17495-germaniia-sdalas-na-milost-rossii-i-rezko-yvelichila-import-rossiiskogo-gaza-no-v-evrope-ob-etom-molchok\/\" target=\"_blank\" rel=\"external noopener\">\u0413\u0435\u0440\u043c\u0430\u043d\u0438\u044f \u0441\u0434\u0430\u043b\u0430\u0441\u044c \u043d\u0430 \u043c\u0438\u043b\u043e\u0441\u0442\u044c \u0420\u043e\u0441\u0441\u0438\u0438 \u0438 \u0440\u0435\u0437\u043a\u043e \u0443\u0432\u0435\u043b\u0438\u0447\u0438\u043b\u0430 \u0438\u043c\u043f\u043e\u0440\u0442 \u0440\u043e\u0441\u0441\u0438\u0439\u0441\u043a\u043e\u0433\u043e \u0433\u0430\u0437\u0430. \u041d\u043e \u0432 \u0415\u0432\u0440\u043e\u043f\u0435 \u043e\u0431 \u044d\u0442\u043e\u043c \u043c\u043e\u043b\u0447\u043e\u043a\u2026<\/a> vy\u0161el 10.9.2023 na donnov.ru. P\u0159eklad\u00a0<a href=\"https:\/\/zvedavec.news\/komentare\/2023\/09\/9773-nemecko-prudce-zvysilo-dovoz-ruskeho-plynu-evropa-vsak-o-tom-mlci.htm\">Zvedavec.org<\/a><\/p>\n<\/div>\n<\/section>\n<p>&nbsp;<\/p>\n<p><img decoding=\"async\" loading=\"lazy\" class=\"wp-image-33819 aligncenter\" src=\"http:\/\/www.infokuryr.cz\/n\/wp-content\/uploads\/2023\/08\/ces1-300x157.jpg\" alt=\"\" width=\"1355\" height=\"709\" srcset=\"https:\/\/www.infokuryr.cz\/n\/wp-content\/uploads\/2023\/08\/ces1-300x157.jpg 300w, https:\/\/www.infokuryr.cz\/n\/wp-content\/uploads\/2023\/08\/ces1-1024x536.jpg 1024w, https:\/\/www.infokuryr.cz\/n\/wp-content\/uploads\/2023\/08\/ces1-768x402.jpg 768w, https:\/\/www.infokuryr.cz\/n\/wp-content\/uploads\/2023\/08\/ces1.jpg 1200w\" sizes=\"(max-width: 1355px) 100vw, 1355px\" \/><\/p>\n<p>&nbsp;<\/p>\n<p><a href=\"https:\/\/stranapro.cz\/\"><img decoding=\"async\" loading=\"lazy\" class=\"wp-image-30218 aligncenter\" src=\"http:\/\/www.infokuryr.cz\/n\/wp-content\/uploads\/2023\/06\/PRO-banner-300x36.png\" alt=\"\" width=\"1367\" height=\"164\" srcset=\"https:\/\/www.infokuryr.cz\/n\/wp-content\/uploads\/2023\/06\/PRO-banner-300x36.png 300w, https:\/\/www.infokuryr.cz\/n\/wp-content\/uploads\/2023\/06\/PRO-banner-768x93.png 768w, https:\/\/www.infokuryr.cz\/n\/wp-content\/uploads\/2023\/06\/PRO-banner.png 849w\" sizes=\"(max-width: 1367px) 100vw, 1367px\" \/><\/a><\/p>\n<p>&nbsp;<\/p>\n<p>&nbsp;<\/p>\n<p>&nbsp;<\/p>\n","protected":false},"excerpt":{"rendered":"<p>Global Witness nen\u00ed jedinou organizac\u00ed, kter\u00e1 upozor\u0148uje na n\u00e1r\u016fst n\u00e1kup\u016f plynu evropsk\u00fdmi zem\u011bmi. Nap\u0159\u00edklad V\u00fdzkumn\u00e9&#8230;<\/p>\n","protected":false},"author":2,"featured_media":1226,"comment_status":"closed","ping_status":"closed","sticky":false,"template":"","format":"standard","meta":[],"categories":[7],"tags":[2299,84,1008,22],"_links":{"self":[{"href":"https:\/\/www.infokuryr.cz\/n\/wp-json\/wp\/v2\/posts\/35953"}],"collection":[{"href":"https:\/\/www.infokuryr.cz\/n\/wp-json\/wp\/v2\/posts"}],"about":[{"href":"https:\/\/www.infokuryr.cz\/n\/wp-json\/wp\/v2\/types\/post"}],"author":[{"embeddable":true,"href":"https:\/\/www.infokuryr.cz\/n\/wp-json\/wp\/v2\/users\/2"}],"replies":[{"embeddable":true,"href":"https:\/\/www.infokuryr.cz\/n\/wp-json\/wp\/v2\/comments?post=35953"}],"version-history":[{"count":0,"href":"https:\/\/www.infokuryr.cz\/n\/wp-json\/wp\/v2\/posts\/35953\/revisions"}],"wp:featuredmedia":[{"embeddable":true,"href":"https:\/\/www.infokuryr.cz\/n\/wp-json\/wp\/v2\/media\/1226"}],"wp:attachment":[{"href":"https:\/\/www.infokuryr.cz\/n\/wp-json\/wp\/v2\/media?parent=35953"}],"wp:term":[{"taxonomy":"category","embeddable":true,"href":"https:\/\/www.infokuryr.cz\/n\/wp-json\/wp\/v2\/categories?post=35953"},{"taxonomy":"post_tag","embeddable":true,"href":"https:\/\/www.infokuryr.cz\/n\/wp-json\/wp\/v2\/tags?post=35953"}],"curies":[{"name":"wp","href":"https:\/\/api.w.org\/{rel}","templated":true}]}}