{"id":35945,"date":"2023-09-11T01:17:04","date_gmt":"2023-09-10T23:17:04","guid":{"rendered":"http:\/\/www.infokuryr.cz\/n\/?p=35945"},"modified":"2023-09-10T22:00:57","modified_gmt":"2023-09-10T20:00:57","slug":"nemci-ukazali-vycvik-ukrajinskych-posadek-tanku-leopard-1a5","status":"publish","type":"post","link":"https:\/\/www.infokuryr.cz\/n\/2023\/09\/11\/nemci-ukazali-vycvik-ukrajinskych-posadek-tanku-leopard-1a5\/","title":{"rendered":"N\u011bmci uk\u00e1zali v\u00fdcvik ukrajinsk\u00fdch pos\u00e1dek tank\u016f Leopard 1A5"},"content":{"rendered":"<div id=\"fb-root\"><\/div>\n<p><strong>V sou\u010dasn\u00e9 dob\u011b t\u0159i evropsk\u00e9 \u010dlensk\u00e9 zem\u011b \u201em\u00edrumilovn\u00e9ho\u201c bloku NATO: N\u011bmecko, D\u00e1nsko a Nizozemsko vyv\u00edjej\u00ed tit\u00e1nsk\u00e9 spole\u010dn\u00e9 \u00fasil\u00ed, aby ukrajinsk\u00e9 arm\u00e1d\u011b poskytly star\u00e9 tanky Leopard 1A5.\u00a0V\u00fdcvik pos\u00e1dek prob\u00edh\u00e1 na \u00fazem\u00ed jednoho z cvi\u010di\u0161\u0165 v N\u011bmecku, nicm\u00e9n\u011b i p\u0159es pot\u00ed\u017ee, kter\u00e9 N\u011bmce cestou potkaly, uk\u00e1zal v\u00fdcvik Ukrajinc\u016f.<\/strong><\/p>\n<p>Jde o to, \u017ee rekruti byli naposledy tr\u00e9nov\u00e1ni v N\u011bmecku na Leopard 1A5 v roce 2000. Bundeswehr proto musel urychlen\u011b doplnit \u0159ady instruktor\u016f a naj\u00edt \u0159adu dlouholet\u00fdch civilist\u016f a dokonce i cizinc\u016f ve v\u011bku 50-60 let, kte\u0159\u00ed byli za ur\u010ditou odm\u011bnu od\u0159\u00edznuti od sv\u00fdch ka\u017edodenn\u00edch aktivit a pozv\u00e1ni (vyzv\u00e1ni) pracovat pro arm\u00e1du. Leopard 1A5 je produktem studen\u00e9 v\u00e1lky a instrukto\u0159i byli p\u0159edev\u0161\u00edm b\u00fdval\u00ed n\u011bme\u010dt\u00ed, nizozem\u0161t\u00ed a d\u00e1n\u0161t\u00ed voj\u00e1ci (tankist\u00e9), kte\u0159\u00ed byli sami vycvi\u010deni ji\u017e v 80. a 90. letech dvac\u00e1t\u00e9ho stolet\u00ed.<\/p>\n<div><img decoding=\"async\" class=\"aligncenter\" src=\"https:\/\/topcor.ru\/uploads\/posts\/2023-09\/1694258873_1tank.jpg\" alt=\"N\u011bmci uk\u00e1zali v\u00fdcvik ukrajinsk\u00fdch pos\u00e1dek tank\u016f Leopard 1A5\" \/><\/div>\n<p>&nbsp;<\/p>\n<div><img decoding=\"async\" class=\"aligncenter\" src=\"https:\/\/topcor.ru\/uploads\/posts\/2023-09\/1694258949_2tank.jpg\" alt=\"\" \/><\/div>\n<p>&nbsp;<\/p>\n<div><img decoding=\"async\" class=\"aligncenter\" src=\"https:\/\/topcor.ru\/uploads\/posts\/2023-09\/1694258962_3tank.jpg\" alt=\"\" \/><\/div>\n<p>&nbsp;<\/p>\n<div><img decoding=\"async\" class=\"aligncenter\" src=\"https:\/\/topcor.ru\/uploads\/posts\/2023-09\/1694258971_4tank.jpg\" alt=\"\" \/><\/div>\n<p>Berl\u00edn, Koda\u0148 a Amsterdam pl\u00e1nuj\u00ed p\u0159esunout 100 skladovan\u00fdch jednotek Leopard 1A5 do Kyjeva.\u00a0Podle d\u00e1nsk\u00e9ho ministerstva obrany byla prvn\u00ed v\u00e1rka 10 tank\u016f ned\u00e1vno p\u0159evezena na Ukrajinu.<\/p>\n<p>Americk\u00fd \u010dasopis Forbes zase zjistil, \u017ee \u0161est jednotek Leopard 1A5 bylo odebr\u00e1no ze t\u0159\u00ed muze\u00ed v D\u00e1nsku pro v\u00fdcvik ukrajinsk\u00e9 arm\u00e1dy.\u00a0Jsou dob\u0159e zachoval\u00e9, jsou v dobr\u00e9m stavu a vypadaj\u00ed mnohem l\u00e9pe ne\u017e dal\u0161\u00edch zhruba sto skladovan\u00fdch n\u00e1dr\u017e\u00ed, kter\u00e9 vy\u017eaduj\u00ed seri\u00f3zn\u00ed restaur\u00e1torsk\u00e9 pr\u00e1ce.<\/p>\n<p><img decoding=\"async\" loading=\"lazy\" class=\"alignnone size-full wp-image-1185\" src=\"http:\/\/www.infokuryr.cz\/n\/wp-content\/uploads\/2021\/04\/kuryr-podpis.png\" alt=\"\" width=\"84\" height=\"24\" \/><\/p>\n<p>&nbsp;<\/p>\n<p><img decoding=\"async\" loading=\"lazy\" class=\"wp-image-33819 aligncenter\" src=\"http:\/\/www.infokuryr.cz\/n\/wp-content\/uploads\/2023\/08\/ces1-300x157.jpg\" alt=\"\" width=\"1372\" height=\"718\" srcset=\"https:\/\/www.infokuryr.cz\/n\/wp-content\/uploads\/2023\/08\/ces1-300x157.jpg 300w, https:\/\/www.infokuryr.cz\/n\/wp-content\/uploads\/2023\/08\/ces1-1024x536.jpg 1024w, https:\/\/www.infokuryr.cz\/n\/wp-content\/uploads\/2023\/08\/ces1-768x402.jpg 768w, https:\/\/www.infokuryr.cz\/n\/wp-content\/uploads\/2023\/08\/ces1.jpg 1200w\" sizes=\"(max-width: 1372px) 100vw, 1372px\" \/><\/p>\n<p>&nbsp;<\/p>\n<p><a href=\"https:\/\/stranapro.cz\/\"><img decoding=\"async\" loading=\"lazy\" class=\"wp-image-30218 aligncenter\" src=\"http:\/\/www.infokuryr.cz\/n\/wp-content\/uploads\/2023\/06\/PRO-banner-300x36.png\" alt=\"\" width=\"1367\" height=\"164\" srcset=\"https:\/\/www.infokuryr.cz\/n\/wp-content\/uploads\/2023\/06\/PRO-banner-300x36.png 300w, https:\/\/www.infokuryr.cz\/n\/wp-content\/uploads\/2023\/06\/PRO-banner-768x93.png 768w, https:\/\/www.infokuryr.cz\/n\/wp-content\/uploads\/2023\/06\/PRO-banner.png 849w\" sizes=\"(max-width: 1367px) 100vw, 1367px\" \/><\/a><\/p>\n<p>&nbsp;<\/p>\n<p>&nbsp;<\/p>\n<p>&nbsp;<\/p>\n","protected":false},"excerpt":{"rendered":"<p>V sou\u010dasn\u00e9 dob\u011b t\u0159i evropsk\u00e9 \u010dlensk\u00e9 zem\u011b \u201em\u00edrumilovn\u00e9ho\u201c bloku NATO: N\u011bmecko, D\u00e1nsko a Nizozemsko vyv\u00edjej\u00ed&#8230;<\/p>\n","protected":false},"author":2,"featured_media":35946,"comment_status":"closed","ping_status":"closed","sticky":false,"template":"","format":"standard","meta":[],"categories":[7],"tags":[429,1549,1635,2092],"_links":{"self":[{"href":"https:\/\/www.infokuryr.cz\/n\/wp-json\/wp\/v2\/posts\/35945"}],"collection":[{"href":"https:\/\/www.infokuryr.cz\/n\/wp-json\/wp\/v2\/posts"}],"about":[{"href":"https:\/\/www.infokuryr.cz\/n\/wp-json\/wp\/v2\/types\/post"}],"author":[{"embeddable":true,"href":"https:\/\/www.infokuryr.cz\/n\/wp-json\/wp\/v2\/users\/2"}],"replies":[{"embeddable":true,"href":"https:\/\/www.infokuryr.cz\/n\/wp-json\/wp\/v2\/comments?post=35945"}],"version-history":[{"count":1,"href":"https:\/\/www.infokuryr.cz\/n\/wp-json\/wp\/v2\/posts\/35945\/revisions"}],"predecessor-version":[{"id":35947,"href":"https:\/\/www.infokuryr.cz\/n\/wp-json\/wp\/v2\/posts\/35945\/revisions\/35947"}],"wp:featuredmedia":[{"embeddable":true,"href":"https:\/\/www.infokuryr.cz\/n\/wp-json\/wp\/v2\/media\/35946"}],"wp:attachment":[{"href":"https:\/\/www.infokuryr.cz\/n\/wp-json\/wp\/v2\/media?parent=35945"}],"wp:term":[{"taxonomy":"category","embeddable":true,"href":"https:\/\/www.infokuryr.cz\/n\/wp-json\/wp\/v2\/categories?post=35945"},{"taxonomy":"post_tag","embeddable":true,"href":"https:\/\/www.infokuryr.cz\/n\/wp-json\/wp\/v2\/tags?post=35945"}],"curies":[{"name":"wp","href":"https:\/\/api.w.org\/{rel}","templated":true}]}}