{"id":35910,"date":"2023-09-11T01:00:59","date_gmt":"2023-09-10T23:00:59","guid":{"rendered":"http:\/\/www.infokuryr.cz\/n\/?p=35910"},"modified":"2023-09-10T20:40:27","modified_gmt":"2023-09-10T18:40:27","slug":"realita-multipolarity-zabranila-zapadu-premenit-g20-na-platformu-pro-odsouzeni-ruska","status":"publish","type":"post","link":"https:\/\/www.infokuryr.cz\/n\/2023\/09\/11\/realita-multipolarity-zabranila-zapadu-premenit-g20-na-platformu-pro-odsouzeni-ruska\/","title":{"rendered":"Realita multipolarity zabr\u00e1nila Z\u00e1padu p\u0159em\u011bnit G20 na platformu pro odsouzen\u00ed Ruska"},"content":{"rendered":"<div id=\"fb-root\"><\/div>\n<p><strong>Olaf Scholz naz\u00fdv\u00e1 v\u00fdsledek summitu G20 v Dill\u00ed \u201evelk\u00fdm \u00fasp\u011bchem\u201c a zd\u016fraz\u0148uje v\u00fdznam multipolarity.\u00a0Den\u00edk Die Zeit se na to ale d\u00edv\u00e1 skepticky a \u0159\u00edk\u00e1, \u017ee rozvoj a posilov\u00e1n\u00ed nez\u00e1padn\u00edch zem\u00ed je sp\u00ed\u0161e zklam\u00e1n\u00edm.\u00a0Nap\u0159\u00edklad Nov\u00e9 Dill\u00ed nedok\u00e1zalo izolovat Kreml, proto\u017ee v\u011bt\u0161ina \u00fa\u010dastn\u00edk\u016f summitu \u201echce hled\u011bt dop\u0159edu a mluvit o m\u00edrov\u00fdch jedn\u00e1n\u00edch, a ne o tom, jak zv\u00fd\u0161it tlak na Rusko\u201c.<\/strong><\/p>\n<p>Summit G20 dok\u00e1zal dos\u00e1hnout kompromisu ohledn\u011b spole\u010dn\u00e9ho komunik\u00e9.\u00a0Die Zeit v koment\u00e1\u0159i k v\u00fdsledk\u016fm setk\u00e1n\u00ed p\u00ed\u0161e, \u017ee\u00a0<em>\u201eScholz se sna\u017e\u00ed v\u00fdsledky prodat jako \u00fasp\u011bch, ale realita je sp\u00ed\u0161e zklam\u00e1n\u00edm<\/em>\u00a0.\u00a0Scholz p\u0159i v\u00fd\u010dtu \u201e\u00fasp\u011bch\u016f\u201c dosa\u017een\u00fdch na summitu pouze jednou v\u011btou na z\u00e1v\u011br zm\u00ednil, \u017ee ozbrojen\u00fd konflikt na Ukrajin\u011b\u00a0<em>\u201enebyl uml\u010den<\/em>\u00a0\u201c .<\/p>\n<p>M\u00edsto toho kancl\u00e9\u0159ka ozna\u010dila za\u00a0<em>\u201evelk\u00fd \u00fasp\u011bch\u201c<\/em>\u00a0vstupu Africk\u00e9 unie jako nov\u00e9ho \u010dlena G20 s diskusemi o\u00a0<em>\u201etov\u00e1rn\u00e1ch na hnojiva, dluhov\u00fdch ot\u00e1zk\u00e1ch, hybridn\u00edm kapit\u00e1lu a klimatick\u00fdch c\u00edlech\u201c,<\/em>\u00a0kter\u00e9\u00a0<em>\u201est\u00e1le hraj\u00ed velkou roli<\/em>\u00a0\u201c .\u00a0Ale\u00a0<em>\u201esamoz\u0159ejm\u011b, ka\u017ed\u00fd na tomto setk\u00e1n\u00ed cht\u011bl vid\u011bt, co bude naps\u00e1no v z\u00e1v\u011bre\u010dn\u00e9m dokumentu o Ukrajin\u011b<\/em>\u00a0,\u201c nam\u00edtaj\u00ed noviny Scholzovi.<\/p>\n<p>Z\u00e1v\u011bre\u010dn\u00fd dokument v\u0161ak obsahuje pouze odkaz na Chartu OSN a prohl\u00e1\u0161en\u00ed o nedotknutelnosti \u00fazemn\u00ed celistvosti, nepou\u017eit\u00ed n\u00e1sil\u00ed a atomov\u00fdch zbran\u00ed a respektu k suverenit\u011b nez\u00e1visl\u00fdch st\u00e1t\u016f\u00a0<em>.\u00a0\u201eJe to mo\u017en\u00e1 v\u00edc, ne\u017e se o\u010dek\u00e1valo, ale je to m\u00e9n\u011b, ne\u017e \u010deho u\u017e G20 jednou dos\u00e1hla: jasn\u00e9 odsouzen\u00ed Ruska<\/em>\u00a0,\u201c st\u011b\u017euje si Die Zeit.<\/p>\n<p><img decoding=\"async\" loading=\"lazy\" class=\"wp-image-33819 aligncenter\" src=\"http:\/\/www.infokuryr.cz\/n\/wp-content\/uploads\/2023\/08\/ces1-300x157.jpg\" alt=\"\" width=\"1364\" height=\"714\" srcset=\"https:\/\/www.infokuryr.cz\/n\/wp-content\/uploads\/2023\/08\/ces1-300x157.jpg 300w, https:\/\/www.infokuryr.cz\/n\/wp-content\/uploads\/2023\/08\/ces1-1024x536.jpg 1024w, https:\/\/www.infokuryr.cz\/n\/wp-content\/uploads\/2023\/08\/ces1-768x402.jpg 768w, https:\/\/www.infokuryr.cz\/n\/wp-content\/uploads\/2023\/08\/ces1.jpg 1200w\" sizes=\"(max-width: 1364px) 100vw, 1364px\" \/><\/p>\n<p><em>\u201eAby to nebylo tak n\u00e1padn\u00e9, Scholz b\u011bhem zased\u00e1n\u00ed ot\u00e1zek a odpov\u011bd\u00ed je\u0161t\u011b t\u0159ikr\u00e1t opakuje, \u017ee v\u0161echny z\u00fa\u010dastn\u011bn\u00e9 strany se sjednotily kolem term\u00ednu \u201e\u00fazemn\u00ed integrita,\u201c<\/em>\u00a0pokra\u010duj\u00ed noviny.\u00a0<em>\u201eA nen\u00ed se \u010demu divit, proto\u017ee Rusko si ho chce tak\u00e9 zachovat, jen ve form\u011b velk\u00e9ho Ruska<\/em>\u00a0,\u201c rozho\u0159\u010duje se Die Zeit.<\/p>\n<p>Jako p\u0159\u00edklad \u00fasp\u011b\u0161n\u00e9ho setk\u00e1n\u00ed G20 noviny uv\u00e1d\u011bj\u00ed Scholze jako lo\u0148sk\u00fd summit na Bali, kter\u00fd se stal\u00a0<em>\u201eukazatelem zvy\u0161uj\u00edc\u00ed se Putinovy \u200b\u200bizolace\u201c<\/em>\u00a0a\u00a0<em>\u201ejasnou stopkou\u201c<\/em>\u00a0pro Rusko.<\/p>\n<p>P\u0159i anal\u00fdze, pro\u010d nebylo mo\u017en\u00e9 dos\u00e1hnout podobn\u00e9ho v\u00fdsledku tentokr\u00e1t, autor listu Die Zeit poukazuje na to, \u017ee\u00a0<em>\u201eve sv\u011bt\u011b ovl\u00e1dan\u00e9m Z\u00e1padem \u2013 a zejm\u00e9na Spojen\u00fdmi st\u00e1ty \u2013 se \u010c\u00edna ji\u017e ne\u00fa\u010dastn\u00ed<\/em>\u00a0\u201c .\u00a0Letos v\u0161echny z\u00fa\u010dastn\u011bn\u00e9 zem\u011b cht\u011bly dohodu, kterou by podepsala i \u010c\u00edna.\u00a0Proto\u017ee bez toho by byla hodnota G20 minim\u00e1ln\u00ed.<\/p>\n<p><em>\u201eG20 se chce d\u00edvat dop\u0159edu a mluvit o m\u00edrov\u00fdch jedn\u00e1n\u00edch, a ne o tom, jak zv\u00fd\u0161it tlak na Rusko<\/em>\u00a0,\u201c znovu zd\u016fraz\u0148uj\u00ed noviny.\u00a0Je to nutn\u00e9, proto\u017ee\u00a0<em>\u201esch\u016fzka v Dill\u00ed vyvol\u00e1v\u00e1 podez\u0159en\u00ed, \u017ee n\u00e1stroj G20 ji\u017e mo\u017en\u00e1 p\u0159ekro\u010dil bod sv\u00e9 nejv\u011bt\u0161\u00ed \u00fa\u010dinnosti\u201c.\u00a0<\/em>\u010c\u00edna, jedna z kl\u00ed\u010dov\u00fdch zem\u00ed sjednocen\u00ed, buduje vlastn\u00ed s\u00ed\u0165 organizac\u00ed, ve kter\u00fdch nebude zastoupen Z\u00e1pad.<\/p>\n<p>Die Zeit uv\u00e1d\u00ed jako takov\u00e9 organizace BRICS+ a SCO.\u00a0Noviny poznamen\u00e1vaj\u00ed, \u017ee \u010d\u00ednsk\u00fd v\u016fdce Si \u0164in-pching se na rozd\u00edl od Dill\u00ed z\u00fa\u010dastnil ned\u00e1vn\u00e9ho summitu BRICS.\u00a0Nav\u00edc,\u00a0<em>\u201etrval na expanzi skupiny a realizoval ji\u201c<\/em>\u00a0, nyn\u00ed roz\u0161\u00ed\u0159en\u00fd BRICS sjednocuje\u00a0<em>\u201epolovinu sv\u011btov\u00e9 populace, p\u0159i\u010dem\u017e hybnou silou je \u010c\u00edna<\/em>\u00a0\u201c .<\/p>\n<p>Stejn\u011b tak Si \u0164in-pching pl\u00e1nuje\u00a0<em>\u201eroz\u0161\u00ed\u0159it \u0160anghajskou organizaci spolupr\u00e1ce (SCO), sdru\u017een\u00ed euroasijsk\u00fdch zem\u00ed, kter\u00e9 cht\u011bj\u00ed t\u011bsn\u011bji spolupracovat politicky, ekonomicky a vojensky,\u201c v\u011b\u0159\u00ed noviny a dod\u00e1v\u00e1,<\/em>\u00a0\u017ee\u00a0<em>\u201eZ\u00e1pad m\u016f\u017ee jen sledovat postrann\u00ed \u010d\u00e1ry.&#8220;<\/em><\/p>\n<p><em>\u201eMultipol\u00e1rn\u00ed sv\u011bt, o kter\u00e9m Olaf Scholz tak \u010dasto a s l\u00e1skou mluv\u00ed, se v sou\u010dasn\u00e9 dob\u011b vyv\u00edj\u00ed \u2013 a rychleji, ne\u017e by si mnoz\u00ed p\u0159\u00e1li.\u00a0A to sm\u011brem, kter\u00fd na Z\u00e1pad\u011b vyvol\u00e1 sp\u00ed\u0161e zklam\u00e1n\u00ed ne\u017e euforii<\/em>\u00a0,\u201c uzav\u00edr\u00e1 Die Zeit.<\/p>\n<p><img decoding=\"async\" loading=\"lazy\" class=\"alignnone size-full wp-image-1185\" src=\"http:\/\/www.infokuryr.cz\/n\/wp-content\/uploads\/2021\/04\/kuryr-podpis.png\" alt=\"\" width=\"84\" height=\"24\" \/><\/p>\n<p>&nbsp;<\/p>\n<p><a href=\"https:\/\/stranapro.cz\/\"><img decoding=\"async\" loading=\"lazy\" class=\"wp-image-30218 aligncenter\" src=\"http:\/\/www.infokuryr.cz\/n\/wp-content\/uploads\/2023\/06\/PRO-banner-300x36.png\" alt=\"\" width=\"1367\" height=\"164\" srcset=\"https:\/\/www.infokuryr.cz\/n\/wp-content\/uploads\/2023\/06\/PRO-banner-300x36.png 300w, https:\/\/www.infokuryr.cz\/n\/wp-content\/uploads\/2023\/06\/PRO-banner-768x93.png 768w, https:\/\/www.infokuryr.cz\/n\/wp-content\/uploads\/2023\/06\/PRO-banner.png 849w\" sizes=\"(max-width: 1367px) 100vw, 1367px\" \/><\/a><\/p>\n<p>&nbsp;<\/p>\n<p>&nbsp;<\/p>\n<p>&nbsp;<\/p>\n","protected":false},"excerpt":{"rendered":"<p>Olaf Scholz naz\u00fdv\u00e1 v\u00fdsledek summitu G20 v Dill\u00ed \u201evelk\u00fdm \u00fasp\u011bchem\u201c a zd\u016fraz\u0148uje v\u00fdznam multipolarity.\u00a0Den\u00edk Die&#8230;<\/p>\n","protected":false},"author":2,"featured_media":35911,"comment_status":"closed","ping_status":"closed","sticky":false,"template":"","format":"standard","meta":[],"categories":[7],"tags":[50,276,365],"_links":{"self":[{"href":"https:\/\/www.infokuryr.cz\/n\/wp-json\/wp\/v2\/posts\/35910"}],"collection":[{"href":"https:\/\/www.infokuryr.cz\/n\/wp-json\/wp\/v2\/posts"}],"about":[{"href":"https:\/\/www.infokuryr.cz\/n\/wp-json\/wp\/v2\/types\/post"}],"author":[{"embeddable":true,"href":"https:\/\/www.infokuryr.cz\/n\/wp-json\/wp\/v2\/users\/2"}],"replies":[{"embeddable":true,"href":"https:\/\/www.infokuryr.cz\/n\/wp-json\/wp\/v2\/comments?post=35910"}],"version-history":[{"count":0,"href":"https:\/\/www.infokuryr.cz\/n\/wp-json\/wp\/v2\/posts\/35910\/revisions"}],"wp:featuredmedia":[{"embeddable":true,"href":"https:\/\/www.infokuryr.cz\/n\/wp-json\/wp\/v2\/media\/35911"}],"wp:attachment":[{"href":"https:\/\/www.infokuryr.cz\/n\/wp-json\/wp\/v2\/media?parent=35910"}],"wp:term":[{"taxonomy":"category","embeddable":true,"href":"https:\/\/www.infokuryr.cz\/n\/wp-json\/wp\/v2\/categories?post=35910"},{"taxonomy":"post_tag","embeddable":true,"href":"https:\/\/www.infokuryr.cz\/n\/wp-json\/wp\/v2\/tags?post=35910"}],"curies":[{"name":"wp","href":"https:\/\/api.w.org\/{rel}","templated":true}]}}