{"id":35867,"date":"2023-09-10T01:09:19","date_gmt":"2023-09-09T23:09:19","guid":{"rendered":"http:\/\/www.infokuryr.cz\/n\/?p=35867"},"modified":"2023-09-09T16:29:44","modified_gmt":"2023-09-09T14:29:44","slug":"moskva-vydala-rusko-cinskou-aktualizaci-dedolarizace","status":"publish","type":"post","link":"https:\/\/www.infokuryr.cz\/n\/2023\/09\/10\/moskva-vydala-rusko-cinskou-aktualizaci-dedolarizace\/","title":{"rendered":"Moskva vydala rusko-\u010d\u00ednskou aktualizaci dedolarizace"},"content":{"rendered":"<div id=\"fb-root\"><\/div>\n<p><span style=\"font-size: 18pt;\"><strong>Pod\u00edl dolaru na obchodu mezi zem\u011bmi klesl na historick\u00e9 minimum, uvedl \u00fa\u0159edn\u00edk ministerstva zahrani\u010d\u00ed<\/strong><\/span><\/p>\n<p><span>Dedolarizace rusko-\u010d\u00ednsk\u00e9ho obchodu je podle RIA Novosti \u0159editele prvn\u00edho asijsk\u00e9ho odboru rusk\u00e9ho ministerstva zahrani\u010d\u00ed prakticky dokon\u010dena.\u00a0<\/span><\/p>\n<p><span>\u00da\u0159edn\u00edk uvedl, \u017ee pod\u00edl americk\u00e9ho dolaru na vz\u00e1jemn\u00fdch vyrovn\u00e1n\u00edch mezi sousedn\u00edmi zem\u011bmi se za posledn\u00ed dva roky podstatn\u011b zmen\u0161il.\u00a0<\/span><\/p>\n<p><em><span>&#8222;Pod\u00edl n\u00e1rodn\u00edch m\u011bn na rusko-\u010d\u00ednsk\u00fdch platb\u00e1ch roste extr\u00e9mn\u011b rychl\u00fdm tempem,&#8220;<\/span><\/em><span>\u00a0\u0159ekl Zinov\u011bv tiskov\u00e9 agentu\u0159e.\u00a0<\/span><em><span>\u201eNa za\u010d\u00e1tku roku 2022 se pohybovala kolem 25 %, nyn\u00ed p\u0159esahuje 80 %.\u00a0<\/span><\/em><\/p>\n<p><span>Dodal, \u017ee objem obchod\u016f na p\u00e1ru rubl-j\u00fcan na Moskevsk\u00e9 burze (MOEX) ji\u017e d\u00e1vno p\u0159ed\u010dil objemy na p\u00e1ru dolar-rubl.\u00a0<\/span><\/p>\n<p><span>Podle Zinovieva se rusk\u00e9 a \u010d\u00ednsk\u00e9 podniky\u00a0<\/span><em><span>\u201erychle vzdaluj\u00ed od \u201etoxick\u00fdch\u201c z\u00e1padn\u00edch m\u011bn a vol\u00ed rubl a j\u00fcan jako spolehliv\u011bj\u0161\u00ed a bezpe\u010dn\u011bj\u0161\u00ed zp\u016fsob platby.<\/span><\/em><\/p>\n<p><span>Diplomat poznamenal, \u017ee Moskva a Peking vyvinuly \u017eivotn\u011b d\u016fle\u017eit\u00e9 n\u00e1stroje, kter\u00e9 umo\u017e\u0148uj\u00ed\u00a0<\/span><em><span>\u201eco nejv\u00edce usnadnit v\u0161echny nezbytn\u00e9 transakce\u201c<\/span><\/em><span>\u00a0navzdory mezin\u00e1rodn\u00ed politick\u00e9 a ekonomick\u00e9 nestabilit\u011b, kter\u00e1 v\u00fdznamn\u011b ovliv\u0148uje finan\u010dn\u00ed instituce a jejich schopnost efektivn\u011b fungovat.\u00a0<\/span><\/p>\n<p><span>Zm\u011bny odr\u00e1\u017eej\u00ed rusk\u00fd odklon od transakc\u00ed v m\u011bn\u00e1ch \u201enep\u0159\u00e1telsk\u00fdch zem\u00ed\u201c na pozad\u00ed sankc\u00ed.\u00a0Za\u010d\u00e1tkem tohoto roku ministr financ\u00ed Anton Siluanov \u0159ekl, \u017ee zem\u011b ji\u017e dolaru ned\u016fv\u011b\u0159uje a ozna\u010dil jej za\u00a0<\/span><em><span>\u201ezcela nespolehliv\u00fd n\u00e1stroj\u201c.\u00a0<\/span><\/em><\/p>\n<p><span>Zinov\u011bvovy koment\u00e1\u0159e p\u0159ich\u00e1zej\u00ed p\u0159ed 8. V\u00fdchodn\u00edm ekonomick\u00fdm f\u00f3rem, kter\u00e9 za\u010d\u00edn\u00e1 10. z\u00e1\u0159\u00ed v rusk\u00e9m Vladivostoku.\u00a0V\u011bt\u0161ina diskus\u00ed na v\u00fdro\u010dn\u00ed akci se zam\u011b\u0159\u00ed na obchod, podnik\u00e1n\u00ed a investice.<\/span><\/p>\n<p><img decoding=\"async\" loading=\"lazy\" class=\"alignnone size-full wp-image-1185\" src=\"http:\/\/www.infokuryr.cz\/n\/wp-content\/uploads\/2021\/04\/kuryr-podpis.png\" alt=\"\" width=\"84\" height=\"24\" \/><\/p>\n<p>&nbsp;<\/p>\n<p><img decoding=\"async\" loading=\"lazy\" class=\"wp-image-33819 aligncenter\" src=\"http:\/\/www.infokuryr.cz\/n\/wp-content\/uploads\/2023\/08\/ces1-300x157.jpg\" alt=\"\" width=\"1364\" height=\"714\" srcset=\"https:\/\/www.infokuryr.cz\/n\/wp-content\/uploads\/2023\/08\/ces1-300x157.jpg 300w, https:\/\/www.infokuryr.cz\/n\/wp-content\/uploads\/2023\/08\/ces1-1024x536.jpg 1024w, https:\/\/www.infokuryr.cz\/n\/wp-content\/uploads\/2023\/08\/ces1-768x402.jpg 768w, https:\/\/www.infokuryr.cz\/n\/wp-content\/uploads\/2023\/08\/ces1.jpg 1200w\" sizes=\"(max-width: 1364px) 100vw, 1364px\" \/><\/p>\n<p>&nbsp;<\/p>\n<p><a href=\"https:\/\/stranapro.cz\/\"><img decoding=\"async\" loading=\"lazy\" class=\"wp-image-30218 aligncenter\" src=\"http:\/\/www.infokuryr.cz\/n\/wp-content\/uploads\/2023\/06\/PRO-banner-300x36.png\" alt=\"\" width=\"1375\" height=\"165\" srcset=\"https:\/\/www.infokuryr.cz\/n\/wp-content\/uploads\/2023\/06\/PRO-banner-300x36.png 300w, https:\/\/www.infokuryr.cz\/n\/wp-content\/uploads\/2023\/06\/PRO-banner-768x93.png 768w, https:\/\/www.infokuryr.cz\/n\/wp-content\/uploads\/2023\/06\/PRO-banner.png 849w\" sizes=\"(max-width: 1375px) 100vw, 1375px\" \/><\/a><\/p>\n<p>&nbsp;<\/p>\n<p>&nbsp;<\/p>\n<p>&nbsp;<\/p>\n","protected":false},"excerpt":{"rendered":"<p>Pod\u00edl dolaru na obchodu mezi zem\u011bmi klesl na historick\u00e9 minimum, uvedl \u00fa\u0159edn\u00edk ministerstva zahrani\u010d\u00ed Dedolarizace&#8230;<\/p>\n","protected":false},"author":2,"featured_media":25662,"comment_status":"closed","ping_status":"closed","sticky":false,"template":"","format":"standard","meta":[],"categories":[7],"tags":[30,4740,604,22],"_links":{"self":[{"href":"https:\/\/www.infokuryr.cz\/n\/wp-json\/wp\/v2\/posts\/35867"}],"collection":[{"href":"https:\/\/www.infokuryr.cz\/n\/wp-json\/wp\/v2\/posts"}],"about":[{"href":"https:\/\/www.infokuryr.cz\/n\/wp-json\/wp\/v2\/types\/post"}],"author":[{"embeddable":true,"href":"https:\/\/www.infokuryr.cz\/n\/wp-json\/wp\/v2\/users\/2"}],"replies":[{"embeddable":true,"href":"https:\/\/www.infokuryr.cz\/n\/wp-json\/wp\/v2\/comments?post=35867"}],"version-history":[{"count":0,"href":"https:\/\/www.infokuryr.cz\/n\/wp-json\/wp\/v2\/posts\/35867\/revisions"}],"wp:featuredmedia":[{"embeddable":true,"href":"https:\/\/www.infokuryr.cz\/n\/wp-json\/wp\/v2\/media\/25662"}],"wp:attachment":[{"href":"https:\/\/www.infokuryr.cz\/n\/wp-json\/wp\/v2\/media?parent=35867"}],"wp:term":[{"taxonomy":"category","embeddable":true,"href":"https:\/\/www.infokuryr.cz\/n\/wp-json\/wp\/v2\/categories?post=35867"},{"taxonomy":"post_tag","embeddable":true,"href":"https:\/\/www.infokuryr.cz\/n\/wp-json\/wp\/v2\/tags?post=35867"}],"curies":[{"name":"wp","href":"https:\/\/api.w.org\/{rel}","templated":true}]}}