{"id":35859,"date":"2023-09-10T01:06:56","date_gmt":"2023-09-09T23:06:56","guid":{"rendered":"http:\/\/www.infokuryr.cz\/n\/?p=35859"},"modified":"2023-09-09T15:58:41","modified_gmt":"2023-09-09T13:58:41","slug":"ukrajina-se-vzteka-nad-vystoupenim-cinske-divky-na-donbasu","status":"publish","type":"post","link":"https:\/\/www.infokuryr.cz\/n\/2023\/09\/10\/ukrajina-se-vzteka-nad-vystoupenim-cinske-divky-na-donbasu\/","title":{"rendered":"Ukrajina se vztek\u00e1 nad vystoupen\u00edm \u010d\u00ednsk\u00e9 d\u00edvky na Donbasu"},"content":{"rendered":"<div id=\"fb-root\"><\/div>\n<p><span style=\"font-size: 18pt;\"><strong>Wang Fan zp\u00edval ruskou v\u00e1le\u010dnou p\u00edse\u0148 \u201eKa\u0165u\u0161a\u201c ve zni\u010den\u00e9m divadle v Mariupolu<\/strong><\/span><\/p>\n<p>Ukrajina kritizovala \u010d\u00ednskou opern\u00ed zp\u011bva\u010dku, kter\u00e1 p\u0159ednesla ruskou p\u00edse\u0148 ve zni\u010den\u00e9m divadle v donbask\u00e9m m\u011bst\u011b Mariupol, a po\u017eadovala vysv\u011btlen\u00ed od Pekingu. Kontroverze vedla k tomu, \u017ee jin\u00fd \u010d\u00ednsk\u00fd zp\u011bv\u00e1k omylem obdr\u017eel v\u00fdhr\u016f\u017eky smrt\u00ed.<\/p>\n<p>Denis Pu\u0161ilin, \u0161\u00e9f rusk\u00e9 Don\u011bck\u00e9 lidov\u00e9 republiky (DPR), ve \u010dtvrtek \u0159ekl, \u017ee p\u0159iv\u00edtal n\u011bkolik \u010d\u00ednsk\u00fdch blogger\u016f a medi\u00e1ln\u00edch osobnost\u00ed, v\u010detn\u011b opern\u00ed hv\u011bzdy Wang Fan.\u00a0Sd\u00edlel tak\u00e9 klip Wanga, jak zp\u00edv\u00e1 ruskou lidovou p\u00edse\u0148 s n\u00e1zvem Ka\u0165u\u0161a, kter\u00e1 je \u0161iroce pova\u017eov\u00e1na za jeden ze symbol\u016f sov\u011btsk\u00e9ho v\u00edt\u011bzstv\u00ed nad nacistick\u00fdm N\u011bmeckem ve druh\u00e9 sv\u011btov\u00e9 v\u00e1lce.\u00a0Byla zobrazena stoj\u00edc\u00ed v trosk\u00e1ch Mariupolsk\u00e9ho akademick\u00e9ho oblastn\u00edho \u010dinohern\u00edho divadla, kter\u00e9 bylo t\u011b\u017ece po\u0161kozeno v b\u0159eznu 2022, kdy\u017e rusk\u00e9 jednotky obl\u00e9haly m\u011bsto.<\/p>\n<p>Video vyvolalo v Kyjev\u011b pobou\u0159en\u00ed a mluv\u010d\u00ed ukrajinsk\u00e9ho ministerstva zahrani\u010d\u00ed Oleg Nikolenko \u0159ekl, \u017ee Wang zp\u00edval na m\u00edst\u011b, kde\u00a0<em>\u201erusk\u00e1 arm\u00e1da zabila 600 nevinn\u00fdch lid\u00ed\u201c,<\/em>\u00a0a ozna\u010dil show za\u00a0<em>\u201e\u00faplnou mor\u00e1ln\u00ed degradaci\u201c.<\/em><\/p>\n<p>Mluv\u010d\u00ed tak\u00e9 \u0159ekl, \u017ee p\u0159\u00edjezd \u010d\u00ednsk\u00fdch bloger\u016f do m\u011bsta \u2013 kter\u00e9 Ukrajina st\u00e1le prohla\u0161uje za sv\u00e9 \u2013 byl\u00a0<em>\u201enez\u00e1konn\u00fd\u201c.\u00a0<\/em>Nikolenko zd\u016fraznil, \u017ee Kyjev\u00a0<em>\u201erespektuje \u00fazemn\u00ed celistvost \u010c\u00edny\u201c<\/em>\u00a0a o\u010dek\u00e1v\u00e1, \u017ee Peking vysv\u011btl\u00ed \u00fa\u010del pobytu \u010d\u00ednsk\u00fdch ob\u010dan\u016f v Mariupolu a tak\u00e9 to, jak se do m\u011bsta dostali.<\/p>\n<div class=\"media__footer media__footer_bottom \">\n<div class=\"media__title\">\n<div style=\"width: 640px;\" class=\"wp-video\"><!--[if lt IE 9]><script>document.createElement('video');<\/script><![endif]-->\n<video class=\"wp-video-shortcode\" id=\"video-35859-1\" width=\"640\" height=\"360\" preload=\"metadata\" controls=\"controls\"><source type=\"video\/mp4\" src=\"http:\/\/www.infokuryr.cz\/n\/wp-content\/uploads\/2023\/09\/divak-cina.mp4?_=1\" \/><a href=\"http:\/\/www.infokuryr.cz\/n\/wp-content\/uploads\/2023\/09\/divak-cina.mp4\">http:\/\/www.infokuryr.cz\/n\/wp-content\/uploads\/2023\/09\/divak-cina.mp4<\/a><\/video><\/div>\n<\/div>\n<\/div>\n<p>&nbsp;<\/p>\n<p>\u010c\u00ednsk\u00e9 ministerstvo zahrani\u010d\u00ed se k v\u011bci zat\u00edm nevyj\u00e1d\u0159ilo.<\/p>\n<p>Mezit\u00edm se kontroverze p\u0159elila na dal\u0161\u00ed \u010d\u00ednskou zp\u011bva\u010dku Ying Fang, kterou si z\u0159ejm\u011b spletli s Wangem.\u00a0Sopranistka uvedla, \u017ee dost\u00e1vala\u00a0<em>\u201e\u017eivot ohro\u017euj\u00edc\u00ed zpr\u00e1vy a koment\u00e1\u0159e k ud\u00e1losti, kter\u00e1 se mnou nem\u00e1 v\u016fbec nic spole\u010dn\u00e9ho\u201c.<\/em><\/p>\n<p>IMG Artists, mana\u017eersk\u00e1 spole\u010dnost Ying, odsoudila to, co nazvala\u00a0<em>\u201ep\u0159\u00edvalem opovr\u017een\u00edhodn\u00fdch, n\u00e1siln\u00fdch a odporn\u011b rasistick\u00fdch zpr\u00e1v\u201c,<\/em>\u00a0a dodala, \u017ee kdy\u017e byli jejich auto\u0159i informov\u00e1ni o sv\u00e9 chyb\u011b, odpov\u011bd\u011bli\u00a0<em>\u201eje\u0161t\u011b zlomysln\u011bj\u0161\u00edmi, nen\u00e1vistn\u00fdmi slovy zalo\u017een\u00fdmi v\u00fdhradn\u011b na skute\u010dnost, \u017ee Ying sd\u00edl\u00ed jej\u00ed etnick\u00fd p\u016fvod\u201c<\/em>\u00a0se zam\u00fd\u0161len\u00fdm c\u00edlem.<\/p>\n<p>Mariupolsk\u00e9 divadlo bylo v\u00e1\u017en\u011b po\u0161kozeno na po\u010d\u00e1tku ukrajinsk\u00e9ho konfliktu, p\u0159i\u010dem\u017e Moskva a Kyjev si vym\u011b\u0148ovaly obvin\u011bn\u00ed, kdo je vinen.\u00a0Ukrajina tvrdila, \u017ee divadlo, kter\u00e9 ukr\u00fdvalo velk\u00e9 mno\u017estv\u00ed civilist\u016f, bylo c\u00edlem rusk\u00e9ho n\u00e1letu.\u00a0Moskva toto obvin\u011bn\u00ed odm\u00edtla a tvrd\u00ed, \u017ee<strong> budovu vyhodil do pov\u011bt\u0159\u00ed ukrajinsk\u00fd neonacistick\u00fd prapor Azov.<\/strong><\/p>\n<p><img decoding=\"async\" loading=\"lazy\" class=\"alignnone size-full wp-image-1185\" src=\"http:\/\/www.infokuryr.cz\/n\/wp-content\/uploads\/2021\/04\/kuryr-podpis.png\" alt=\"\" width=\"84\" height=\"24\" \/><\/p>\n<p>&nbsp;<\/p>\n<p><img decoding=\"async\" loading=\"lazy\" class=\"wp-image-33819 aligncenter\" src=\"http:\/\/www.infokuryr.cz\/n\/wp-content\/uploads\/2023\/08\/ces1-300x157.jpg\" alt=\"\" width=\"1361\" height=\"712\" srcset=\"https:\/\/www.infokuryr.cz\/n\/wp-content\/uploads\/2023\/08\/ces1-300x157.jpg 300w, https:\/\/www.infokuryr.cz\/n\/wp-content\/uploads\/2023\/08\/ces1-1024x536.jpg 1024w, https:\/\/www.infokuryr.cz\/n\/wp-content\/uploads\/2023\/08\/ces1-768x402.jpg 768w, https:\/\/www.infokuryr.cz\/n\/wp-content\/uploads\/2023\/08\/ces1.jpg 1200w\" sizes=\"(max-width: 1361px) 100vw, 1361px\" \/><\/p>\n<p>&nbsp;<\/p>\n<p><a href=\"https:\/\/stranapro.cz\/\"><img decoding=\"async\" loading=\"lazy\" class=\"wp-image-30218 aligncenter\" src=\"http:\/\/www.infokuryr.cz\/n\/wp-content\/uploads\/2023\/06\/PRO-banner-300x36.png\" alt=\"\" width=\"1367\" height=\"164\" srcset=\"https:\/\/www.infokuryr.cz\/n\/wp-content\/uploads\/2023\/06\/PRO-banner-300x36.png 300w, https:\/\/www.infokuryr.cz\/n\/wp-content\/uploads\/2023\/06\/PRO-banner-768x93.png 768w, https:\/\/www.infokuryr.cz\/n\/wp-content\/uploads\/2023\/06\/PRO-banner.png 849w\" sizes=\"(max-width: 1367px) 100vw, 1367px\" \/><\/a><\/p>\n<p>&nbsp;<\/p>\n<p>&nbsp;<\/p>\n<p>&nbsp;<\/p>\n","protected":false},"excerpt":{"rendered":"<p>Wang Fan zp\u00edval ruskou v\u00e1le\u010dnou p\u00edse\u0148 \u201eKa\u0165u\u0161a\u201c ve zni\u010den\u00e9m divadle v Mariupolu Ukrajina kritizovala \u010d\u00ednskou&#8230;<\/p>\n","protected":false},"author":2,"featured_media":35861,"comment_status":"closed","ping_status":"closed","sticky":false,"template":"","format":"standard","meta":[],"categories":[7],"tags":[473,30,641,2095,26,1778],"_links":{"self":[{"href":"https:\/\/www.infokuryr.cz\/n\/wp-json\/wp\/v2\/posts\/35859"}],"collection":[{"href":"https:\/\/www.infokuryr.cz\/n\/wp-json\/wp\/v2\/posts"}],"about":[{"href":"https:\/\/www.infokuryr.cz\/n\/wp-json\/wp\/v2\/types\/post"}],"author":[{"embeddable":true,"href":"https:\/\/www.infokuryr.cz\/n\/wp-json\/wp\/v2\/users\/2"}],"replies":[{"embeddable":true,"href":"https:\/\/www.infokuryr.cz\/n\/wp-json\/wp\/v2\/comments?post=35859"}],"version-history":[{"count":1,"href":"https:\/\/www.infokuryr.cz\/n\/wp-json\/wp\/v2\/posts\/35859\/revisions"}],"predecessor-version":[{"id":35862,"href":"https:\/\/www.infokuryr.cz\/n\/wp-json\/wp\/v2\/posts\/35859\/revisions\/35862"}],"wp:featuredmedia":[{"embeddable":true,"href":"https:\/\/www.infokuryr.cz\/n\/wp-json\/wp\/v2\/media\/35861"}],"wp:attachment":[{"href":"https:\/\/www.infokuryr.cz\/n\/wp-json\/wp\/v2\/media?parent=35859"}],"wp:term":[{"taxonomy":"category","embeddable":true,"href":"https:\/\/www.infokuryr.cz\/n\/wp-json\/wp\/v2\/categories?post=35859"},{"taxonomy":"post_tag","embeddable":true,"href":"https:\/\/www.infokuryr.cz\/n\/wp-json\/wp\/v2\/tags?post=35859"}],"curies":[{"name":"wp","href":"https:\/\/api.w.org\/{rel}","templated":true}]}}