{"id":35762,"date":"2023-09-08T06:56:49","date_gmt":"2023-09-08T04:56:49","guid":{"rendered":"http:\/\/www.infokuryr.cz\/n\/?p=35762"},"modified":"2023-09-08T07:11:49","modified_gmt":"2023-09-08T05:11:49","slug":"alastair-crooke-plac-pro-zapad","status":"publish","type":"post","link":"https:\/\/www.infokuryr.cz\/n\/2023\/09\/08\/alastair-crooke-plac-pro-zapad\/","title":{"rendered":"Alastair Crooke: Pl\u00e1\u010d pro Z\u00e1pad"},"content":{"rendered":"<div id=\"fb-root\"><\/div>\n<section class=\"perex\"><strong>Michael Anton, b\u00fdval\u00fd poradce americk\u00e9ho prezidenta pro n\u00e1rodn\u00ed bezpe\u010dnost, n\u00e1m\u00a0<a href=\"https:\/\/compactmag.com\/article\/they-can-t-let-him-back-in\" target=\"_blank\" rel=\"external noopener\">p\u0159edkl\u00e1d\u00e1<\/a>\u00a0toto p\u0159irovn\u00e1n\u00ed k dne\u0161n\u00ed situaci USA a Evropy:<\/strong><\/section>\n<section class=\"clanek-obsah\"><em>\u201e20. z\u00e1\u0159\u00ed 1911 se RMS Olympic \u2013 sestersk\u00e1 lo\u010f ne\u0161\u0165astn\u00e9ho Titaniku \u2013 srazila s k\u0159i\u017en\u00edkem kr\u00e1lovsk\u00e9ho n\u00e1mo\u0159nictva HMS Hawke, p\u0159esto\u017ee ob\u011b plavidla plula n\u00edzkou rychlost\u00ed a byla ve vz\u00e1jemn\u00e9m vizu\u00e1ln\u00edm kontaktu \u2013 po dobu 80 minut. \u201eBylo to,\u201c p\u00ed\u0161e n\u00e1mo\u0159n\u00ed historik John Maxtone-Graham, \u201ejedno z t\u011bch neuv\u011b\u0159iteln\u00fdch sbl\u00ed\u017een\u00ed za pln\u00e9ho denn\u00edho sv\u011btla na klidn\u00e9m mo\u0159i na dohled od pevniny, kdy dv\u011b norm\u00e1ln\u011b funguj\u00edc\u00ed plavidla bezstarostn\u011b pluj\u00ed k m\u00edstu sr\u00e1\u017eky \u2013 jakoby byla zhypnotizov\u00e1na\u201c.<\/em>Zd\u00e1 se, \u017ee i my sm\u011b\u0159ujeme k podobn\u00e9mu bodu sr\u00e1\u017eky, s vyhl\u00eddkou na sr\u00e1\u017eku na dohled \u2013 a to stejn\u011b z\u0159ejmou, jako byla onoho dne v roce 1911. Stejn\u011b tak na\u0161e vl\u00e1dnouc\u00ed t\u0159\u00edda nen\u00ed pro zm\u011bnu kurzu. Mus\u00ed cht\u00edt tento \u00fader -nebo snad pova\u017euj\u00ed armagedon sr\u00e1\u017eky za kone\u010dn\u00fd osud, kter\u00fd m\u00e1 zajistit cestu k triumfu \u201espravedlnosti\u201c.Jist\u011b, sou\u010dasn\u00fd okam\u017eik je temn\u011b definov\u00e1n jako okam\u017eik v\u00e1\u017en\u00fdch hospod\u00e1\u0159sk\u00fdch p\u0159edtuch, kter\u00e9 koexistuj\u00ed s n\u00e1ladou politick\u00e9 bezv\u00fdchodnosti. St\u00e1le v\u00edce lidem na Z\u00e1pad\u011b je jasn\u00e9, \u017ee s \u201eukrajinsk\u00fdm projektem\u201c se n\u011bco stra\u0161n\u011b pokazilo. Slun\u00ed\u010dkov\u00e9 p\u0159edpov\u011bdi a progn\u00f3zy jist\u00e9ho v\u00edt\u011bzstv\u00ed se\u00a0<a href=\"https:\/\/www.wsj.com\/articles\/ukraines-slog-prompts-focus-on-next-years-fight-d638cdf7\" target=\"_blank\" rel=\"external noopener\">nenaplnily<\/a>\u00a0a m\u00edsto toho Z\u00e1pad\u00a0<a href=\"https:\/\/www.washingtonpost.com\/world\/2023\/08\/10\/ukraine-national-mood-counteroffensive-gloom\/\" target=\"_blank\" rel=\"external noopener\">\u010del\u00ed realit\u011b<\/a>\u00a0krvav\u00e9 ob\u011bti statis\u00edc\u016f ukrajinsk\u00fdch mu\u017e\u016f sv\u00e9 fantazii roz\u010dtvrcen\u00e9ho Osirise. Z\u00e1pad nev\u00ed, co m\u00e1 d\u011blat. Pot\u00e1c\u00ed se kolem a vypad\u00e1 ztracen\u011b.<\/p>\n<p>Cel\u00e1 ta \u0161lamastyka se n\u011bkdy vysv\u011btluje jako d\u016fsledek chybn\u00e9 kalkulace z\u00e1padn\u00edch elit. Situace je v\u0161ak mnohem hor\u0161\u00ed: Je to tak zjevn\u00e9, \u017ee nen\u00ed t\u0159eba \u0159\u00edkat nic v\u00edc.<\/p>\n<p>Dysfunkce Z\u00e1padu je mnohem hlub\u0161\u00ed ne\u017e jen situace kolem projektu Ukrajina. Je\u00a0<a href=\"https:\/\/frankfuredi.substack.com\/p\/the-politicisation-of-the-personal?utm_source=substack&amp;utm_medium=email\" target=\"_blank\" rel=\"external noopener\">naprosto v\u0161ude<\/a>. Ve\u0159ejn\u00e9 i soukrom\u00e9 instituce, zejm\u00e9na ty st\u00e1tn\u00ed, maj\u00ed pot\u00ed\u017ee s t\u00edm, aby n\u011bco ud\u011blaly; vl\u00e1dn\u00ed politiky p\u0159ipom\u00ednaj\u00ed narychlo sestaven\u00e9 seznamy p\u0159\u00e1n\u00ed, o nich\u017e ka\u017ed\u00fd v\u00ed, \u017ee budou m\u00edt jen mal\u00fd praktick\u00fd dopad. Proto maj\u00ed politici novou prioritu: \u201eneztratit kontrolu nad vypr\u00e1v\u011bn\u00edm\u201c.<\/p>\n<p>Linie Hartmuta Rosy: Zejm\u00e9na v\u00fdsti\u017en\u00fd se zd\u00e1 b\u00fdt \u201efrenetick\u00fd klid\u201c.<\/p>\n<p>Jednodu\u0161e \u0159e\u010deno, jsme sev\u0159eni v nov\u00e9 iteraci politiky roku 1968. Americk\u00fd koment\u00e1tor Christopher Rufo k tomu\u00a0<a href=\"https:\/\/rufo.substack.com\/p\/bring-on-the-counterrevolution?utm_source=substack&amp;utm_medium=email\" target=\"_blank\" rel=\"external noopener\">poznamen\u00e1v\u00e1<\/a>,<\/p>\n<p><em>\u201eJako bychom pro\u017e\u00edvali nekone\u010dnou recidivu: Strana \u010dern\u00fdch panter\u016f se znovu objevuje jako hnut\u00ed Black Lives Matter; pamflety Weather Underground se prop\u00edraj\u00ed v akademick\u00e9 pr\u00e1ce; marxisticko-lenin\u0161t\u00ed partyz\u00e1ni vym\u011b\u0148uj\u00ed sv\u00e9 banderovce a st\u00e1vaj\u00ed se mana\u017eery elit\u00e1\u0159sky veden\u00e9 revoluce v mravech a chov\u00e1n\u00ed. Ideologie a narativ si udr\u017euj\u00ed pozici \u017e\u00e1rliv\u00e9ho hegemona\u201c.<\/em>Herbert Marcuse v roce 1972 mo\u017en\u00e1 p\u0159ed\u010dasn\u011b\u00a0<a href=\"https:\/\/rufo.substack.com\/p\/bring-on-the-counterrevolution\" target=\"_blank\" rel=\"external noopener\">prohl\u00e1sil<\/a>, \u017ee revoluce roku 1968 zem\u0159ela. A\u010dkoli i ke konci tohoto roku byl patrn\u00fd odpor voli\u010d\u016f, kte\u0159\u00ed odevzd\u00e1vali sv\u00e9 hlasy Richardu Nixonovi, jen\u017e sliboval obnoven\u00ed pr\u00e1va a po\u0159\u00e1dku. No, Nixon byl \u0159\u00e1dn\u011b \u201eodstran\u011bn\u201c \u2013 a ideologie roku 1968 postupn\u011b o\u017eila:<\/p>\n<p><em>\u201eLevicov\u00ed aktivist\u00e9 dnes vzk\u0159\u00edsili bojovnost a taktiku 60. let \u2013 radik\u00e1ln\u00ed hnut\u00ed se instancuj\u00ed, organizuj\u00ed demonstrace a k dosa\u017een\u00ed politick\u00fdch c\u00edl\u016f vyu\u017e\u00edvaj\u00ed hrozbu n\u00e1sil\u00ed. V l\u00e9t\u011b 2020 vedlo hnut\u00ed Black Lives Matter protesty ve 140 m\u011bstech. Mnoh\u00e9 z t\u011bchto demonstrac\u00ed se staly n\u00e1siln\u00fdmi \u2013 nejv\u011bt\u0161\u00ed erupce levicov\u00fdch rasov\u00fdch nepokoj\u016f od konce 60. let 20. stolet\u00ed,\u201c <\/em><a href=\"https:\/\/rufo.substack.com\/p\/bring-on-the-counterrevolution\" target=\"_blank\" rel=\"external noopener\">p\u00ed\u0161e<\/a>\u00a0Rufo.<\/p>\n<\/section>\n<section class=\"clanek-obsah\"><em><br \/>\n<\/em><em>\u201eV\u00fdchodiskem je spr\u00e1vn\u00e9 vn\u00edm\u00e1n\u00ed sou\u010dasn\u00e9ho stavu v Americe. Ho\u0159kou ironi\u00ed revoluce z roku 1968 je, \u017ee dos\u00e1hla &#8218;\u00fa\u0159adu&#8216; \u2013 ale neotev\u0159ela \u017e\u00e1dn\u00e9 nov\u00e9 mo\u017enosti&#8230; Zd\u00e1nliv\u011b plo\u0161n\u00e9 ovl\u00e1dnut\u00ed hlavn\u00edch instituc\u00ed \u2013 ve\u0159ejn\u00e9ho \u0161kolstv\u00ed, univerzit, veden\u00ed soukrom\u00e9ho sektoru, kultury a st\u00e1le v\u00edce i v\u011bdy \u2013 levic\u00ed zp\u016fsobuje, \u017ee se sou\u010dasn\u00e9 boji\u0161t\u011b jev\u00ed jako ohromuj\u00edc\u00ed\u201c.<\/em>Levice v\u0161ak sp\u00ed\u0161e \u201euzav\u0159ela hlavn\u00ed spole\u010densk\u00e9 instituce do dusiv\u00e9 ortodoxie &#8230; A\u010dkoli nashrom\u00e1\u017edila zna\u010dn\u00e9 administrativn\u00ed v\u00fdhody, nedok\u00e1zala p\u0159in\u00e9st v\u00fdsledky\u201c. M\u00e1me tu intenzivn\u00ed politickou a kulturn\u00ed polarizaci, kter\u00e1 koexistuje s pocitem uv\u011bzn\u011bn\u00ed ve stagnaci. Ve\u0159ejn\u00fd \u017eivot je v \u00fatlumu a s \u201ekriz\u00ed\u201c jako normou se mainstreamov\u00e1 politika st\u00e1le v\u00edce p\u0159ibli\u017euje star\u00e9 evropsk\u00e9 ne\u0159esti nihilismu.To, co odli\u0161uje \u2013 co deformuje \u2013 vypr\u00e1v\u011bn\u00ed dne\u0161n\u00edch intelektu\u00e1ln\u00edch potomk\u016f roku 1968, je jejich nal\u00e9h\u00e1n\u00ed, aby u\u017e ne\u0161lo jen o ur\u010dov\u00e1n\u00ed a kontrolu narativu, ale aby se kulturn\u00ed v\u00e1lka asimilovala do osobn\u00edho souboru hodnot ka\u017ed\u00e9ho jednotlivce. A d\u00e1le jim na\u0159izovat, aby jako jednotlivci tuto ideologii odr\u00e1\u017eeli ve sv\u00e9m ka\u017edodenn\u00edm jedn\u00e1n\u00ed a jazyce \u2013 jinak jim hroz\u00ed zru\u0161en\u00ed. To znamen\u00e1 plnou kulturn\u00ed v\u00e1lku.<\/p>\n<p>Dne\u0161n\u00ed mistrovsk\u00e9 znaky \u201esyst\u00e9mov\u00e9ho rasismu\u201c a \u201eb\u00edl\u00fdch privilegi\u00ed\u201c spolu s dne\u0161n\u00edmi pr\u00e1vy na identitu, diverzitou a transgenderem rozd\u011bluj\u00ed USA mezi dv\u011b normy identity: Republika\u201c, tedy revoluce z roku\u00a0<a href=\"https:\/\/rufo.substack.com\/p\/bring-on-the-counterrevolution\" target=\"_blank\" rel=\"external noopener\">1776<\/a>,\u00a0<i>versus<\/i>\u00a0revoluce z roku 1968.<\/p>\n<p>Tak\u00e9 v Evrop\u011b existuje hlubok\u00e1 schizofrenie: Na jedn\u00e9 stran\u011b se davosk\u00e1 elita hl\u00e1s\u00ed k narativu, podle n\u011bho\u017e byla minulost Evropy v z\u00e1sad\u011b rasistickou koloni\u00e1ln\u00ed nadvl\u00e1dou. A \u017ee to vy\u017eaduje, aby ve\u0159ejn\u00e9 i soukrom\u00e9 subjekty nab\u00eddly n\u00e1pravu historick\u00fdch akt\u016f diskriminace a kolonialismu \u2013 co\u017e je n\u00e1zor, kter\u00fd ukl\u00e1d\u00e1 v\u0161em Evropan\u016fm povinnost: \u201ezav\u00e1zat se k rozmanitosti, ochran\u011b identit \u2013 a radik\u00e1ln\u00ed spravedlnosti\u201c.<\/p>\n<p>Co se v\u0161ak nep\u0159izn\u00e1v\u00e1 a o \u010dem se otev\u0159en\u011b nediskutuje, je hlubok\u00e1 zm\u011bna, kter\u00e1 Evropu prom\u011b\u0148uje: A\u0165 se n\u00e1m to l\u00edb\u00ed, nebo ne, Evropa nen\u00ed takov\u00e1, jakou jsme si ji p\u0159edstavovali. Nen\u00ed to Evropa francouzsk\u00e9 \u201ePa\u0159\u00ed\u017ee\u201c, italsk\u00e9ho \u201e\u0158\u00edma\u201c nebo britsk\u00e9ho \u201eLond\u00fdna\u201c.<\/p>\n<p>To je st\u00e1le \u2013 a je to komer\u010dn\u011b vyu\u017e\u00edv\u00e1no \u2013 jako u\u017eite\u010dn\u00e1 \u201eturistick\u00e1 vize\u201c Evropy. Skute\u010dnost je v\u0161ak takov\u00e1, \u017ee Evropa se rychle st\u00e1v\u00e1 zem\u00ed, kde rodil\u00ed ob\u010dan\u00e9 sm\u011b\u0159uj\u00ed k tomu, aby se stali men\u0161inou mezi men\u0161inami:\u00a0<a href=\"https:\/\/www.france24.com\/en\/france\/20210510-french-government-furious-over-new-military-letter-warning-macron-of-survival-of-france\" target=\"_blank\" rel=\"external noopener\">Co je dnes \u201eFrancie\u201c<\/a>, je sice aktu\u00e1ln\u00ed, ale nezodpov\u011bzen\u00e1 ot\u00e1zka.<\/p>\n<p>Mnoz\u00ed si mo\u017en\u00e1 \u0159eknou: \u201ePro\u010d ne\u201c? Probl\u00e9m je v\u0161ak v tom, \u017ee se o tento v\u00fdsledek z\u00e1m\u011brn\u011b usiluje \u2013 tajn\u011b, bez up\u0159\u00edmnosti a bez konzultac\u00ed. Evropan\u00e9, kte\u0159\u00ed za\u017eili d\u0159\u00edv\u011bj\u0161\u00ed cykly dob\u00fdv\u00e1n\u00ed (a\u0165 u\u017e Mongoly, Turky nebo Raku\u0161any) a p\u0159e\u017eili d\u00edky udr\u017eov\u00e1n\u00ed trval\u00e9ho pocitu identity, vid\u00ed, \u017ee tato identita je z\u00e1m\u011brn\u011b de-stabilizov\u00e1na a jejich kultura rozpu\u0161t\u011bna \u2013 aby byla nahrazena nev\u00fdrazn\u00fdm jazykem evropsk\u00fdch hodnot, kter\u00fd prosazuje Brusel.<\/p>\n<p>Nen\u00ed podstatn\u00e9, zda je tento posun \u201edobr\u00fd\u201c nebo \u201e\u0161patn\u00fd\u201c. Nebo\u0165, bez obalu \u0159e\u010deno, tento probl\u00e9m Evropu rozmet\u00e1 na kusy, proto\u017ee jej\u00ed ekonomika se hrout\u00ed a obrovsk\u00e9 prost\u0159edky v\u011bnovan\u00e9 migrant\u016fm se st\u00e1vaj\u00ed pal\u010div\u00fdm t\u00e9matem. Nikdo v\u0161ak nev\u00ed, jak z pol\u00e9vky identity, kterou se Evropa stala, stabilizovat pocit evropsk\u00e9 identity.<\/p>\n<p>Ve skute\u010dnosti \u201e\u0159e\u0161en\u00ed\u201c mo\u017en\u00e1 ani nen\u00ed mo\u017en\u00e9 \u2013 vzhledem k nekone\u010dn\u00e9mu om\u00edl\u00e1n\u00ed \u201eb\u00edl\u00e9\u201c rasov\u00e9 kriminality. A\u0165 u\u017e je to opodstatn\u011bn\u00e9, nebo ne, zm\u011bnilo se to v \u201e\u010darod\u011bjnick\u00fd var\u201c nen\u00e1visti. D\u016fsledky jsme vid\u011bli v Pa\u0159\u00ed\u017ei a v dal\u0161\u00edch francouzsk\u00fdch m\u011bstech b\u011bhem leto\u0161n\u00edho l\u00e9ta.<\/p>\n<p>Z\u00e1sady velk\u00e9 \u010d\u00e1sti evropsk\u00e9 spole\u010dnosti nejsou zam\u011b\u0159eny na n\u011bjak\u00fd vzne\u0161en\u00fd, sv\u011bt formuj\u00edc\u00ed projekt \u201esoci\u00e1ln\u00edho in\u017een\u00fdrstv\u00ed\u201c mor\u00e1ln\u00ed n\u00e1pravy, ale na ochranu prost\u00fdch hodnot a instituc\u00ed b\u011b\u017en\u00e9ho ob\u010dana: rodiny, v\u00edry, pr\u00e1ce, komunity, zem\u011b.<\/p>\n<p>To je evropsk\u00e1 \u201ekulturn\u00ed v\u00e1lka\u201c \u2013 americk\u00e1 je p\u0159\u00edbuzn\u00e1, ale m\u00e1 sv\u00e9 vlastn\u00ed charakteristiky.<\/p>\n<p><img decoding=\"async\" loading=\"lazy\" class=\"wp-image-33819 aligncenter\" src=\"http:\/\/www.infokuryr.cz\/n\/wp-content\/uploads\/2023\/08\/ces1-300x157.jpg\" alt=\"\" width=\"1368\" height=\"716\" srcset=\"https:\/\/www.infokuryr.cz\/n\/wp-content\/uploads\/2023\/08\/ces1-300x157.jpg 300w, https:\/\/www.infokuryr.cz\/n\/wp-content\/uploads\/2023\/08\/ces1-1024x536.jpg 1024w, https:\/\/www.infokuryr.cz\/n\/wp-content\/uploads\/2023\/08\/ces1-768x402.jpg 768w, https:\/\/www.infokuryr.cz\/n\/wp-content\/uploads\/2023\/08\/ces1.jpg 1200w\" sizes=\"(max-width: 1368px) 100vw, 1368px\" \/><\/p>\n<p><strong>Charles Lipson\u00a0<a href=\"https:\/\/thespectator.com\/topic\/bipartisan-stench-washington-biden-trump\/\" target=\"_blank\" rel=\"external noopener\">p\u00ed\u0161e<\/a>\u00a0v (americk\u00e9m vyd\u00e1n\u00ed) The Spectator :<\/strong><\/p>\n<p><em>\u201eJe t\u011b\u017ek\u00e9 neplakat nad republikou, proto\u017ee d\u016fv\u011bra v na\u0161e instituce se hrout\u00ed \u2013 a hrout\u00ed se z dobr\u00fdch d\u016fvod\u016f. Jednodu\u0161e \u0159e\u010deno: na\u0161e n\u00e1rodn\u00ed spr\u00e1va je v trosk\u00e1ch \u2013 a ve\u0159ejnost to v\u00ed. V\u00ed tak\u00e9, \u017ee probl\u00e9my p\u0159esahuj\u00ed r\u00e1mec stranick\u00e9 politiky a konkr\u00e9tn\u00edch v\u016fdc\u016f a zahrnuj\u00ed i jejich pomaha\u010de, m\u00e9dia a z\u00e1kladn\u00ed instituce vym\u00e1h\u00e1n\u00ed pr\u00e1va\u201c.<\/em><\/p>\n<p><em>\u201eNev\u011bd\u00ed v\u0161ak, jak obnovit alespo\u0148 zd\u00e1n\u00ed integrity politick\u00e9ho syst\u00e9mu, kter\u00fd velmi zt\u011b\u017euje zablokov\u00e1n\u00ed udr\u017een\u00ed nominace \u00fa\u0159aduj\u00edc\u00edho prezidenta, jako je Joe Biden, nebo nominace jin\u00e9ho kandid\u00e1ta, jako je Donald Trump, kter\u00e9ho podporuje siln\u011b anga\u017eovan\u00e1 men\u0161ina stranick\u00fdch aktivist\u016f.\u201c<\/em><\/p>\n<p><strong>St\u00e1l\u00fd stav to\u00a0dal jasn\u011b najevo, p\u00ed\u0161e Michael Anton,<\/strong><\/p>\n<p><em>\u201e\u017ee nemohou a necht\u011bj\u00ed, pokud tomu mohou pomoci, p\u0159ipustit, aby se Donald Trump stal znovu prezidentem. Ve skute\u010dnosti to dali jasn\u011b najevo v roce 2020 v \u0159ad\u011b ve\u0159ejn\u00fdch prohl\u00e1\u0161en\u00ed. Pokud to tehdy c\u00edtili tak siln\u011b, p\u0159edstavte si, jak se c\u00edt\u00ed nyn\u00ed. Ale nemus\u00edte si to p\u0159edstavovat: \u0159\u00edkaj\u00ed v\u00e1m to ka\u017ed\u00fd den. \u0158\u00edkaj\u00ed, \u017ee 45. prezident je doslova nejv\u011bt\u0161\u00ed hrozbou, kter\u00e9 dnes Amerika \u010del\u00ed \u2013 v\u011bt\u0161\u00ed ne\u017e \u010c\u00edna, ne\u017e na\u0161e hrout\u00edc\u00ed se ekonomika, ne\u017e na\u0161e rozpadaj\u00edc\u00ed se ob\u010dansk\u00e1 spole\u010dnost\u201c.<\/em>No, ta \u201eTrumpova z\u00e1kladna\u201c, na kterou Lipson odkazuje, se ani nehne. A nejen to, nen\u00ed to jen \u201eTrumpova z\u00e1kladna\u201c \u2013 z\u00edsk\u00e1v\u00e1 toti\u017e \u0161ir\u0161\u00ed podporu, nebo\u0165 dne\u0161n\u00ed kontrarevoluce nen\u00ed jen kontrarevoluc\u00ed trumpismu; nebo kontrarevoluc\u00ed t\u0159\u00eddy proti t\u0159\u00edd\u011b; ale sp\u00ed\u0161e kontrarevoluc\u00ed, kter\u00e1 \u201eprob\u00edh\u00e1 na\u00a0<a href=\"https:\/\/rufo.substack.com\/p\/bring-on-the-counterrevolution\" target=\"_blank\" rel=\"external noopener\">nov\u00e9 ose<\/a>\u00a0ob\u010dan versus ideologicky \u0159\u00edzen\u00fd st\u00e1t\u201c. Glenn Greenwald s t\u00edm\u00a0<a href=\"https:\/\/www.zerohedge.com\/political\/greenwald-its-not-left-vs-right-anymore-its-anti-establishment-versus-pro-establshment\" target=\"_blank\" rel=\"external noopener\">souhlas\u00ed<\/a>,<\/p>\n<p><em>\u201eRelevantn\u00edm m\u011b\u0159\u00edtkem nyn\u00ed nen\u00ed levice versus pravice. Je to anti-establishment versus pro-establishment\u201c.<\/em>Kone\u010dnou ambic\u00ed nen\u00ed nahradit novou \u201euniverz\u00e1ln\u00ed t\u0159\u00eddu\u201c \u2013 d\u011bdice kulturn\u00ed revoluce 60. let; sp\u00ed\u0161e se sna\u017e\u00ed obnovit z\u00e1kladn\u00ed princip n\u00e1roda \u201evl\u00e1da ob\u010dana proti st\u00e1tu\u201c, kter\u00fd byl z\u00e1kladem k americk\u00e9 revoluci v roce 1776.<\/p>\n<p>Tato \u201ez\u00e1kladna\u201c se \u00fa\u010dinn\u011b neh\u00fdbe, proto\u017ee v kone\u010dn\u00e9m d\u016fsledku protitrumpovsk\u00e1 hysterie nen\u00ed o Trumpovi \u2013 jak\u00a0<a href=\"https:\/\/compactmag.com\/article\/they-can-t-let-him-back-in\" target=\"_blank\" rel=\"external noopener\">tvrd\u00ed<\/a>\u00a0Michael Anton, s\u00e1m b\u00fdval\u00fd pracovn\u00edk B\u00edl\u00e9ho domu:<\/p>\n<p><em>\u201eRe\u017eim nem\u016f\u017ee p\u0159ipustit, aby byl Trump prezidentem ne kv\u016fli tomu, kdo je (i kdy\u017e to dr\u00e1s\u00e1), ale\u00a0<b>kv\u016fli tomu, kdo jsou jeho stoupenci<\/b>\u201c.<\/em><\/p>\n<p><em>\u201eSt\u00ed\u017enosti na povahu Trumpa jsou jen z\u00e1stupn\u00fdmi n\u00e1mitkami proti povaze jeho z\u00e1kladny\u201c.<\/em><\/p>\n<p>T\u00e9to t\u0159\u00edd\u011b nelze dovolit, aby realizovala sv\u00e9 preference, a to kv\u016fli povaze toho, kdo jsou; a hlavn\u011b proto, \u017ee pr\u00e1v\u011b jejich povaha jim diktuje, co cht\u011bj\u00ed, aby se stalo, dod\u00e1v\u00e1 Anton.<\/p>\n<p>Vl\u00e1dnouc\u00ed t\u0159\u00edda, p\u00ed\u0161e Anton, jist\u011b upevn\u00ed \u201ez\u00e1kladnu\u201c -.<\/p>\n<p><em>\u201et\u00edm, \u017ee bude st\u00e1le radik\u00e1ln\u011bj\u0161\u00ed, nen\u00e1vistn\u011bj\u0161\u00ed a neschopn\u011bj\u0161\u00ed. Znovu a znovu ukazuj\u00ed, \u017ee v nich nen\u00ed \u017e\u00e1dn\u00e1 um\u00edrn\u011bnost. Nedok\u00e1\u017eou polevit ani o m\u00edli za hodinu, a to ani tehdy, kdy\u017e je zm\u00edrn\u011bn\u00ed jejich jasn\u00fdm z\u00e1jmem. Zda je k tomu vedou po\u017eadavky jejich z\u00e1kladny, jejich vlastn\u00ed vnit\u0159n\u00ed p\u0159esv\u011bd\u010den\u00ed, nebo n\u011bjak\u00e1 nadp\u0159irozen\u00e1 s\u00edla, to bych nedok\u00e1zal \u0159\u00edct.\u201c<\/em><\/p>\n<p><em>\u201eCo se stane potom? Inu, slovy \u201eTransition Integrity Project\u201c, kolektivu napojen\u00e9ho na Sorosovu s\u00ed\u0165, kter\u00fd v roce 2020 rozehr\u00e1l svou strategii, jak zabr\u00e1nit Trumpovu druh\u00e9mu funk\u010dn\u00edmu obdob\u00ed, by se z kl\u00e1n\u00ed [nakonec] stal \u201epouli\u010dn\u00ed boj \u2013 a ne pr\u00e1vn\u00ed bitva\u201c. Op\u011bt \u201ejejich slova\u201c, nikoli moje. Dovolte mi v\u0161ak [Michaelu Antonovi], abych [to, co] \u0159\u00edk\u00e1, p\u0159elo\u017eil: [M\u016f\u017eeme o\u010dek\u00e1vat opakov\u00e1n\u00ed] letn\u00edch nepokoj\u016f z roku 2020, ale v \u0159\u00e1dov\u011b v\u011bt\u0161\u00edm m\u011b\u0159\u00edtku: A nebudou odvol\u00e1ny, dokud nebudou jejich lid\u00e9 v B\u00edl\u00e9m dom\u011b v bezpe\u010d\u00ed\u201c.<\/em><\/p>\n<p>Budou lid\u00e9 plakat pro Z\u00e1pad? Ne &#8230;<\/p>\n<div class=\"podcarou\">\n<p><a href=\"https:\/\/strategic-culture.su\/news\/2023\/08\/21\/weep-for-the-west\/\" target=\"_blank\" rel=\"external noopener\">Weep for the West<\/a> vy\u0161el 21.9.2023 na Stratecic Colture. P\u0159eklad\u00a0<a href=\"https:\/\/zvedavec.news\/komentare\/2023\/09\/9771-plac-pro-zapad.htm\">Zvedavec.org<\/a><\/p>\n<p>&nbsp;<\/p>\n<p><a href=\"https:\/\/stranapro.cz\/\"> <img decoding=\"async\" loading=\"lazy\" class=\"wp-image-30218 aligncenter\" src=\"http:\/\/www.infokuryr.cz\/n\/wp-content\/uploads\/2023\/06\/PRO-banner-300x36.png\" alt=\"\" width=\"1358\" height=\"163\" srcset=\"https:\/\/www.infokuryr.cz\/n\/wp-content\/uploads\/2023\/06\/PRO-banner-300x36.png 300w, https:\/\/www.infokuryr.cz\/n\/wp-content\/uploads\/2023\/06\/PRO-banner-768x93.png 768w, https:\/\/www.infokuryr.cz\/n\/wp-content\/uploads\/2023\/06\/PRO-banner.png 849w\" sizes=\"(max-width: 1358px) 100vw, 1358px\" \/><\/a><\/p>\n<\/div>\n<\/section>\n<p>&nbsp;<\/p>\n<p>&nbsp;<\/p>\n<p>&nbsp;<\/p>\n<p>&nbsp;<\/p>\n","protected":false},"excerpt":{"rendered":"<p>Michael Anton, b\u00fdval\u00fd poradce americk\u00e9ho prezidenta pro n\u00e1rodn\u00ed bezpe\u010dnost, n\u00e1m\u00a0p\u0159edkl\u00e1d\u00e1\u00a0toto p\u0159irovn\u00e1n\u00ed k dne\u0161n\u00ed situaci USA&#8230;<\/p>\n","protected":false},"author":2,"featured_media":35763,"comment_status":"closed","ping_status":"closed","sticky":false,"template":"","format":"standard","meta":[],"categories":[7],"tags":[29,37,40],"_links":{"self":[{"href":"https:\/\/www.infokuryr.cz\/n\/wp-json\/wp\/v2\/posts\/35762"}],"collection":[{"href":"https:\/\/www.infokuryr.cz\/n\/wp-json\/wp\/v2\/posts"}],"about":[{"href":"https:\/\/www.infokuryr.cz\/n\/wp-json\/wp\/v2\/types\/post"}],"author":[{"embeddable":true,"href":"https:\/\/www.infokuryr.cz\/n\/wp-json\/wp\/v2\/users\/2"}],"replies":[{"embeddable":true,"href":"https:\/\/www.infokuryr.cz\/n\/wp-json\/wp\/v2\/comments?post=35762"}],"version-history":[{"count":0,"href":"https:\/\/www.infokuryr.cz\/n\/wp-json\/wp\/v2\/posts\/35762\/revisions"}],"wp:featuredmedia":[{"embeddable":true,"href":"https:\/\/www.infokuryr.cz\/n\/wp-json\/wp\/v2\/media\/35763"}],"wp:attachment":[{"href":"https:\/\/www.infokuryr.cz\/n\/wp-json\/wp\/v2\/media?parent=35762"}],"wp:term":[{"taxonomy":"category","embeddable":true,"href":"https:\/\/www.infokuryr.cz\/n\/wp-json\/wp\/v2\/categories?post=35762"},{"taxonomy":"post_tag","embeddable":true,"href":"https:\/\/www.infokuryr.cz\/n\/wp-json\/wp\/v2\/tags?post=35762"}],"curies":[{"name":"wp","href":"https:\/\/api.w.org\/{rel}","templated":true}]}}