{"id":35761,"date":"2023-09-08T06:51:49","date_gmt":"2023-09-08T04:51:49","guid":{"rendered":"http:\/\/www.infokuryr.cz\/n\/?p=35761"},"modified":"2023-09-08T06:51:49","modified_gmt":"2023-09-08T04:51:49","slug":"julien-le-meneec-branci-a-muzi-prchaji-z-ukrajiny","status":"publish","type":"post","link":"https:\/\/www.infokuryr.cz\/n\/2023\/09\/08\/julien-le-meneec-branci-a-muzi-prchaji-z-ukrajiny\/","title":{"rendered":"Julien Le M\u00e9n\u00e9ec: Branci a mu\u017ei prchaj\u00ed z Ukrajiny"},"content":{"rendered":"<div id=\"fb-root\"><\/div>\n<section class=\"perex\">Konflikt na Ukrajin\u011b se t\u00e1hne ji\u017e 18 m\u011bs\u00edc\u016f. Protiofenz\u00edva, kterou od lo\u0148sk\u00e9ho \u010dervna vychvaluje Volodymyr Zelenskyj, nedok\u00e1zala prolomit rusk\u00e9 linie na zemi. Nepopirateln\u00fdm \u00fasp\u011bchem Kyjeva je v\u0161ak prom\u011bna ukrajinsk\u00fdch voj\u00e1k\u016f \u2013 mlad\u00fdch i star\u00fdch \u2013 v mrtvoly na front\u011b.<\/p>\n<\/section>\n<section class=\"clanek-obsah\">V d\u016fsledku toho se ukrajin\u0161t\u00ed mu\u017ei, a dokonce i branci, sna\u017e\u00ed uprchnout ze sv\u00e9 zem\u011b, aby se vyhnuli odvod\u016fm do arm\u00e1dy a slou\u017eili v jej\u00edch ozbrojen\u00fdch sil\u00e1ch nebo v boji. Tento stav neunikl pozornosti z\u00e1padn\u00edch m\u00e9di\u00ed, kter\u00e1 nyn\u00ed po\u010d\u00edtaj\u00ed ukrajinsk\u00e9 mu\u017ee mezi branci, kte\u0159\u00ed se sna\u017e\u00ed zachr\u00e1nit si k\u016f\u017ei p\u0159echodem hranic, co\u017e potvrzuje ne\u00fasp\u011bch t\u00e9to protiofenz\u00edvy. V ukrajinsk\u00e9 spole\u010dnosti je jasn\u00e9, \u017ee na front\u011b doch\u00e1z\u00ed k masakru. Tito mu\u017ei se stali uprchl\u00edky ve sv\u00e9 vlasti.<\/p>\n<p>Z Ukrajinc\u016f se na front\u011b st\u00e1vaj\u00ed mrtvoly. Ukrajinsk\u00e9mu obyvatelstvu za\u010d\u00edn\u00e1 b\u00fdt jasn\u00e9, \u017ee j\u00edt na frontu bojovat v ukrajinsk\u00e9 uniform\u011b je z\u00e1rukou, \u017ee u\u017e nikdy neuvid\u00ed slunce ani zelenou tr\u00e1vu. Z Ukrajiny ut\u00edk\u00e1 tolik mu\u017e\u016f, \u017ee je ukrajinsk\u00e9 jednotky lov\u00ed a zat\u00fdkaj\u00ed, proto\u017ee prost\u011b necht\u011bj\u00ed zem\u0159\u00edt.<\/p>\n<p>Loni v srpnu\u00a0<i>Continental Observer<\/i>\u00a0<a href=\"http:\/\/www.observateurcontinental.fr\/?module=news&amp;action=view&amp;id=5156\" target=\"_blank\" rel=\"external noopener\">uvedl<\/a>, \u017ee \u201epo\u010det Ukrajinc\u016f, kte\u0159\u00ed se pokusili odej\u00edt do zahrani\u010d\u00ed, se rovn\u00e1 p\u011bti brig\u00e1d\u00e1m ukrajinsk\u00fdch ozbrojen\u00fdch sil\u201c. Dnes z\u00e1padn\u00ed m\u00e9dia, nap\u0159\u00edklad\u00a0<i>Deutschlandfunk<\/i>,\u00a0<a href=\"https:\/\/www.deutschlandfunk.de\/ukrainischer-grenzschutz-hinderte-mehr-als-20-000-maenner-an-flucht-100.html\" target=\"_blank\" rel=\"external noopener\">uv\u00e1d\u011bj\u00ed<\/a>, \u017ee \u201eukrajin\u0161t\u00ed pohrani\u010dn\u00edci zabr\u00e1nili od za\u010d\u00e1tku konfliktu p\u0159ed v\u00edce ne\u017e rokem a p\u016fl v \u00fat\u011bku ze zem\u011b v\u00edce ne\u017e 20 000 branc\u016f\u201c.<\/p>\n<p>Ukrajinsk\u00e1 arm\u00e1da krv\u00e1c\u00ed, ale jej\u00ed \u017eiv\u00ed voj\u00e1ci tak\u00e9. Krom\u011b odvedenc\u016f jsou mezi nimi i mu\u017ei, kte\u0159\u00ed dosud neobdr\u017eeli od arm\u00e1dy povol\u00e1vac\u00ed rozkaz. Od za\u010d\u00e1tku srpna je\u00a0<a href=\"http:\/\/www.observateurcontinental.fr\/?module=news&amp;action=view&amp;id=5141\" target=\"_blank\" rel=\"external noopener\">ofici\u00e1ln\u011b zn\u00e1mo<\/a>, \u017ee \u201eUkrajina p\u0159ekonala po\u010det britsk\u00fdch voj\u00e1k\u016f posti\u017een\u00fdch v prvn\u00ed sv\u011btov\u00e9 v\u00e1lce\u201c. Co se \u0159\u00edk\u00e1 \u2013 mezi dve\u0159mi \u2013 v ukrajinsk\u00fdch m\u011bstech a vesnic\u00edch, si nemus\u00edte p\u0159edstavovat.<\/p>\n<p><img decoding=\"async\" loading=\"lazy\" class=\"wp-image-33819 aligncenter\" src=\"http:\/\/www.infokuryr.cz\/n\/wp-content\/uploads\/2023\/08\/ces1-300x157.jpg\" alt=\"\" width=\"1361\" height=\"712\" srcset=\"https:\/\/www.infokuryr.cz\/n\/wp-content\/uploads\/2023\/08\/ces1-300x157.jpg 300w, https:\/\/www.infokuryr.cz\/n\/wp-content\/uploads\/2023\/08\/ces1-1024x536.jpg 1024w, https:\/\/www.infokuryr.cz\/n\/wp-content\/uploads\/2023\/08\/ces1-768x402.jpg 768w, https:\/\/www.infokuryr.cz\/n\/wp-content\/uploads\/2023\/08\/ces1.jpg 1200w\" sizes=\"(max-width: 1361px) 100vw, 1361px\" \/><\/p>\n<p>\u201eMnoho Ukrajinc\u016f se sna\u017e\u00ed vyhnout vojensk\u00e9 slu\u017eb\u011b\u201c. \u201eCelkem od 24. \u00fanora lo\u0148sk\u00e9ho roku zadr\u017eeli [ukrajin\u0161t\u00ed] pohrani\u010dn\u00edci asi 14 600 lid\u00ed, kte\u0159\u00ed cht\u011bli opustit Ukrajinu,\u201c \u0159ekl v televizi mluv\u010d\u00ed pohrani\u010dn\u00edk\u016f Andrij D\u011bm\u010denko \u2013 informuje Deutschlandfunk. \u201eKrom\u011b toho bylo zadr\u017eeno asi 6 200 mu\u017e\u016f s fale\u0161n\u00fdmi povolen\u00edmi k v\u00fdjezdu\u201c, uvedla n\u011bmeck\u00e1 m\u00e9dia. \u201eMnoho Ukrajinc\u016f se sna\u017e\u00ed vyhnout vojensk\u00e9 slu\u017eb\u011b\u201c, uvedla ve st\u0159edu n\u011bmeckojazy\u010dn\u00e1 m\u00e9dia.<\/p>\n<p>Mu\u017ei ve v\u011bku od 18 do 60 let jsou ve sv\u00e9 zemi na \u00fat\u011bku. Andrij D\u011bm\u010denko podle\u00a0<i>Deutschlandfunku<\/i>\u00a0uvedl, \u017ee uprchl\u00edci byli zadr\u017eeni hlavn\u011b na \u201ezelen\u00e9 hranici s Rumunskem a Moldavskou republikou\u201c a \u017ee \u201ejde p\u0159ev\u00e1\u017en\u011b o mu\u017ee ve v\u011bku od 18 do 60 let\u201c. \u201e\u00da\u0159ady ji\u017e ozn\u00e1mily, \u017ee jen v \u0159ece Theisses, kter\u00e1 odd\u011bluje Ukrajinu od Rumunska a Ma\u010farska, se utopilo nejm\u00e9n\u011b 19 mu\u017e\u016f. N\u011bkte\u0159\u00ed tak\u00e9 umrzli, kdy\u017e prchali p\u0159es Karpaty,\u201c poznamen\u00e1vaj\u00ed n\u011bmeck\u00e1 m\u00e9dia.<\/p>\n<p>V\u00edce ne\u017e 650 000 ukrajinsk\u00fdch mu\u017e\u016f na\u0161lo \u00fato\u010di\u0161t\u011b v zem\u00edch EU. \u201eNa za\u010d\u00e1tku v\u00e1lky byla na\u0159\u00edzena v\u0161eobecn\u00e1 mobilizace, v\u010detn\u011b z\u00e1kazu opustit zemi pro mu\u017ee ve v\u011bku od 18 do 60 let, kte\u0159\u00ed podl\u00e9hali vojensk\u00e9 slu\u017eb\u011b. Podle evropsk\u00e9 statistick\u00e9 agentury Eurostat je v 27 st\u00e1tech EU a v Norsku, \u0160v\u00fdcarsku a Lichten\u0161tejnsku registrov\u00e1no v\u00edce ne\u017e 650 000 ukrajinsk\u00fdch mu\u017e\u016f ve v\u011bku od 18 do 64 let jako uprchl\u00edci,\u201c pokra\u010duje Deutschlandfunk. Ned\u00e1vn\u00e9 zni\u010den\u00ed vlajkov\u00e9 lodi britsk\u00e9 arm\u00e1dy \u2013 tanku Challenger \u2013 ruskou arm\u00e1dou hned po p\u0159\u00edjezdu na boji\u0161t\u011b, po zni\u010den\u00ed vlajkov\u00e9 lodi Bundeswehru \u2013 tanku Leopard \u2013 kdy ukrajinsk\u00fd prezident tyto stroje z\u00e1padn\u00ed arm\u00e1dy chv\u00e1lil jako neporaziteln\u00e9 zbran\u011b, ukazuje, \u017ee cht\u00edt se postavit rusk\u00e9 arm\u00e1d\u011b je sebevra\u017eda.<\/p>\n<p>EU ji\u017e nen\u00ed pro Ukrajince bezpe\u010dn\u00fdm \u00fato\u010di\u0161t\u011bm. Berl\u00ednsk\u00fd den\u00edk\u00a0<i>Die Jungewelt<\/i>\u00a0s odvol\u00e1n\u00edm na polsk\u00fd den\u00edk Rzeczpospolita v \u00fater\u00fd\u00a0<a href=\"https:\/\/www.jungewelt.de\/artikel\/458338.polen-schickt-ukrainer-in-den-krieg-zur%C3%BCck.html\" target=\"_blank\" rel=\"external noopener\">uvedl<\/a>, \u017ee \u201e80 000 Ukrajinc\u016f v bojov\u00e9m v\u011bku je v Polsku. A proto\u017ee by potenci\u00e1ln\u011b mohli b\u00fdt mobilizov\u00e1ni, mohli by b\u00fdt posl\u00e1ni zp\u011bt na Ukrajinu, aby se p\u0159ipojili k ukrajinsk\u00e9 arm\u00e1d\u011b\u201c, nebo\u0165 \u201ePolsko se rozhodlo poslat Ukrajince zp\u011bt do v\u00e1lky\u201c. \u201e N\u011bmeck\u00fd den\u00edk pokra\u010duje: \u201eUkrajinsk\u00e1 prokuratura m\u016f\u017ee vyu\u017e\u00edt mezin\u00e1rodn\u00ed zatyka\u010d k trestn\u00edmu st\u00edh\u00e1n\u00ed ukrajinsk\u00fdch ob\u010dan\u016f v zahrani\u010d\u00ed. \u201eTakovou osobu zatkneme, informujeme prokuraturu a soud rozhodne o jej\u00edm vyd\u00e1n\u00ed,\u201c uvedl mluv\u010d\u00ed polsk\u00e9 policie Mariusz Ciarka. \u201eInforma\u010dn\u00ed syst\u00e9m identifikuje Ukrajince a pou\u017e\u00edv\u00e1 se nap\u0159\u00edklad p\u0159i silni\u010dn\u00edch kontrol\u00e1ch,\u201c varuje die Jungewelt.<\/p>\n<p>Deutschlandfunk tvrd\u00ed, \u017ee ukrajin\u0161t\u00ed uprchl\u00edci by m\u011bli m\u00edt pr\u00e1vo odm\u00edtnout bojovat: \u201eZach\u00e1zen\u00ed ukrajinsk\u00e9 vl\u00e1dy s odp\u00edra\u010di vojensk\u00e9 slu\u017eby z d\u016fvodu sv\u011bdom\u00ed je nad\u00e1le kritizov\u00e1no. Mluv\u010d\u00ed lidskopr\u00e1vn\u00ed organizace Pro Asyl Alaows uvedl, \u017ee ka\u017ed\u00fd m\u00e1 pr\u00e1vo odm\u00edtnout vojenskou slu\u017ebu\u201c.<\/p>\n<div class=\"podcarou\">\n<p><a href=\"https:\/\/www.observateurcontinental.fr\/?module=articles&amp;action=view&amp;id=5229\" target=\"_blank\" rel=\"external noopener\">Les conscrits et les hommes s\u2019enfuient d\u2019Ukraine<\/a> vy\u0161el 6.9-2023 na observateurcontinental.fr. P\u0159eklad\u00a0<a href=\"https:\/\/zvedavec.news\/komentare\/2023\/09\/9770-branci-a-muzi-prchaji-z-ukrajiny.htm\">Zvedavec.org<\/a><\/p>\n<\/div>\n<\/section>\n<p>&nbsp;<\/p>\n<p><img decoding=\"async\" loading=\"lazy\" class=\"wp-image-30218 aligncenter\" src=\"http:\/\/www.infokuryr.cz\/n\/wp-content\/uploads\/2023\/06\/PRO-banner-300x36.png\" alt=\"\" width=\"1375\" height=\"165\" srcset=\"https:\/\/www.infokuryr.cz\/n\/wp-content\/uploads\/2023\/06\/PRO-banner-300x36.png 300w, https:\/\/www.infokuryr.cz\/n\/wp-content\/uploads\/2023\/06\/PRO-banner-768x93.png 768w, https:\/\/www.infokuryr.cz\/n\/wp-content\/uploads\/2023\/06\/PRO-banner.png 849w\" sizes=\"(max-width: 1375px) 100vw, 1375px\" \/><\/p>\n<p>&nbsp;<\/p>\n<p>&nbsp;<\/p>\n<p>&nbsp;<\/p>\n","protected":false},"excerpt":{"rendered":"<p>Konflikt na Ukrajin\u011b se t\u00e1hne ji\u017e 18 m\u011bs\u00edc\u016f. Protiofenz\u00edva, kterou od lo\u0148sk\u00e9ho \u010dervna vychvaluje Volodymyr&#8230;<\/p>\n","protected":false},"author":2,"featured_media":29721,"comment_status":"closed","ping_status":"closed","sticky":false,"template":"","format":"standard","meta":[],"categories":[7],"tags":[4258,1929,1211,26],"_links":{"self":[{"href":"https:\/\/www.infokuryr.cz\/n\/wp-json\/wp\/v2\/posts\/35761"}],"collection":[{"href":"https:\/\/www.infokuryr.cz\/n\/wp-json\/wp\/v2\/posts"}],"about":[{"href":"https:\/\/www.infokuryr.cz\/n\/wp-json\/wp\/v2\/types\/post"}],"author":[{"embeddable":true,"href":"https:\/\/www.infokuryr.cz\/n\/wp-json\/wp\/v2\/users\/2"}],"replies":[{"embeddable":true,"href":"https:\/\/www.infokuryr.cz\/n\/wp-json\/wp\/v2\/comments?post=35761"}],"version-history":[{"count":0,"href":"https:\/\/www.infokuryr.cz\/n\/wp-json\/wp\/v2\/posts\/35761\/revisions"}],"wp:featuredmedia":[{"embeddable":true,"href":"https:\/\/www.infokuryr.cz\/n\/wp-json\/wp\/v2\/media\/29721"}],"wp:attachment":[{"href":"https:\/\/www.infokuryr.cz\/n\/wp-json\/wp\/v2\/media?parent=35761"}],"wp:term":[{"taxonomy":"category","embeddable":true,"href":"https:\/\/www.infokuryr.cz\/n\/wp-json\/wp\/v2\/categories?post=35761"},{"taxonomy":"post_tag","embeddable":true,"href":"https:\/\/www.infokuryr.cz\/n\/wp-json\/wp\/v2\/tags?post=35761"}],"curies":[{"name":"wp","href":"https:\/\/api.w.org\/{rel}","templated":true}]}}