{"id":35750,"date":"2023-09-08T01:13:31","date_gmt":"2023-09-07T23:13:31","guid":{"rendered":"http:\/\/www.infokuryr.cz\/n\/?p=35750"},"modified":"2023-09-07T14:04:06","modified_gmt":"2023-09-07T12:04:06","slug":"zelenskyj-dava-eu-obilne-ultimatum","status":"publish","type":"post","link":"https:\/\/www.infokuryr.cz\/n\/2023\/09\/08\/zelenskyj-dava-eu-obilne-ultimatum\/","title":{"rendered":"Zelenskyj d\u00e1v\u00e1 EU obiln\u00e9 ultim\u00e1tum"},"content":{"rendered":"<div id=\"fb-root\"><\/div>\n<p><span style=\"font-size: 18pt;\"><strong>Kyjev nebude akceptovat poru\u0161en\u00ed slib\u016f, kter\u00e9 mu dal Brusel, \u0159\u00edk\u00e1 ukrajinsk\u00fd v\u016fdce<\/strong><\/span><\/p>\n<p><span>Kyjev se obr\u00e1t\u00ed na mezin\u00e1rodn\u00ed arbitr\u00e1\u017en\u00ed soud, pokud se EU rozhodne prodlou\u017eit z\u00e1kaz ukrajinsk\u00e9ho obil\u00ed po 15. z\u00e1\u0159\u00ed, varoval ukrajinsk\u00fd prezident Vladimir Zelenskyj.<\/span><\/p>\n<p><span>Omezen\u00ed dod\u00e1vek ukrajinsk\u00e9 p\u0161enice, kuku\u0159ice, \u0159epky a slune\u010dnicov\u00fdch semen do Polska, Ma\u010farska, Rumunska, Bulharska a na Slovensko, kter\u00e1 byla zavedena v kv\u011btnu, vypr\u0161\u00ed p\u0159\u00ed\u0161t\u00ed t\u00fdden.\u00a0P\u011bt \u010dlen\u016f EU ale nyn\u00ed prosazuje prodlou\u017een\u00ed z\u00e1kazu minim\u00e1ln\u011b do konce roku s odkazem na nutnost chr\u00e1nit sv\u016fj zem\u011bd\u011blsk\u00fd pr\u016fmysl.<\/span><\/p>\n<p><em><span>&#8222;Ukrajina je d\u016frazn\u011b proti jak\u00e9mukoli dal\u0161\u00edmu omezen\u00ed v\u00fdvozu na\u0161eho obil\u00ed,&#8220;<\/span><\/em><span>\u00a0zd\u016fraznil Zelenskyj v projevu zve\u0159ejn\u011bn\u00e9m na sv\u00e9m webu ve st\u0159edu.<\/span><\/p>\n<p><em><span>\u201eKlidn\u011b sledujeme, jak se na\u0161e obil\u00ed st\u00e1v\u00e1 zdrojem dobr\u00fdch p\u0159\u00edjm\u016f pro r\u016fzn\u00e9 evropsk\u00e9 zem\u011b, kter\u00e9 zpracov\u00e1vaj\u00ed na\u0161e zem\u011bd\u011blsk\u00e9 produkty a vyd\u011bl\u00e1vaj\u00ed pen\u00edze na logistice,\u201c<\/span><\/em><span>\u00a0\u0159ekl.<\/span><\/p>\n<p><em><span>\u201eJak ale m\u016f\u017eeme ne-klidn\u011b p\u0159ijmout poru\u0161en\u00ed slib\u016f, kter\u00e9 n\u00e1m byly d\u00e1ny, poru\u0161en\u00ed dohody o p\u0159idru\u017een\u00ed, poru\u0161en\u00ed podm\u00ednek voln\u00e9ho trhu,\u201c dodal<\/span><\/em><span>\u00a0p\u0159\u00edmo na Evropskou komisi.<\/span><\/p>\n<p><span>B\u011bhem konfliktu s Ruskem Ukrajina\u00a0<\/span><em><span>\u201ebojuje za \u017eivot a za na\u0161e spole\u010dn\u00e9 evropsk\u00e9 hodnoty\u201c<\/span><\/em><span>\u00a0na zemi, na mo\u0159i, ve vzduchu i v kyberprostoru, prohl\u00e1sil prezident.<\/span><\/p>\n<div class=\"read-more large\" data-has-alias=\"\"><img decoding=\"async\" loading=\"lazy\" class=\"wp-image-33819 aligncenter\" src=\"http:\/\/www.infokuryr.cz\/n\/wp-content\/uploads\/2023\/08\/ces1-300x157.jpg\" alt=\"\" width=\"1372\" height=\"718\" srcset=\"https:\/\/www.infokuryr.cz\/n\/wp-content\/uploads\/2023\/08\/ces1-300x157.jpg 300w, https:\/\/www.infokuryr.cz\/n\/wp-content\/uploads\/2023\/08\/ces1-1024x536.jpg 1024w, https:\/\/www.infokuryr.cz\/n\/wp-content\/uploads\/2023\/08\/ces1-768x402.jpg 768w, https:\/\/www.infokuryr.cz\/n\/wp-content\/uploads\/2023\/08\/ces1.jpg 1200w\" sizes=\"(max-width: 1372px) 100vw, 1372px\" \/><\/div>\n<p><em><span>\u201eAle pokud budeme muset bojovat za Ukrajinu a z\u00e1klady na\u0161\u00ed spole\u010dn\u00e9 Evropy v arbitr\u00e1\u017ei, budeme bojovat.\u00a0Nechceme, ale budeme bojovat v arbitr\u00e1\u017ei.\u00a0Pokud pot\u0159ebujeme bojovat na platform\u00e1ch mezin\u00e1rodn\u00edch organizac\u00ed, budeme bojovat i tam,\u201c<\/span><\/em><span>\u00a0varoval.<\/span><\/p>\n<p><span>Zelenskyj v\u0161ak vyj\u00e1d\u0159il nad\u011bji, \u017ee Ukrajina a Brusel se vyhnou pr\u00e1vn\u00ed bitv\u011b a \u017ee\u00a0<\/span><em><span>\u201ezv\u00edt\u011bz\u00ed jednota.\u00a0Ta pravda zv\u00edt\u011bz\u00ed.&#8220;<\/span><\/em><\/p>\n<p><span>Oslovil tak\u00e9 vedouc\u00ed p\u0159edstavitele Polska, Ma\u010farska, Rumunska, Bulharska a Slovenska a tvrdil, \u017ee\u00a0<\/span><em><span>\u201ejak\u00e1koli omezen\u00ed ukrajinsk\u00e9ho exportu jsou nyn\u00ed zv\u011bt\u0161ov\u00e1n\u00edm ni\u010den\u00ed\u201c<\/span><\/em><span>\u00a0zp\u016fsoben\u00e9ho boji mezi Kyjevem a Moskvou.<\/span><\/p>\n<p><span>Politico ve st\u0159edu informovalo, \u017ee b\u011bhem setk\u00e1n\u00ed s Evropskou komis\u00ed d\u0159\u00edve t\u00e9ho\u017e dne se velvyslanci z jin\u00fdch zem\u00ed EU\u00a0<\/span><em><span>\u201ebu\u010f otev\u0159en\u011b postavili proti my\u0161lence roz\u0161\u00ed\u0159en\u00ed omezen\u00ed [na ukrajinsk\u00e9 obil\u00ed], nebo z\u016fstali<\/span><\/em><span>\u00a0k takov\u00e9mu kroku hluboce skepti\u010dt\u00ed\u201c.\u00a0Francie a N\u011bmecko pat\u0159\u00ed k zem\u00edm, kter\u00e9 jsou k prodlu\u017eov\u00e1n\u00ed obrubn\u00edk\u016f nejkriti\u010dt\u011bj\u0161\u00ed.<\/span><\/p>\n<p><span>Diplomat\u00e9 EU \u00fadajn\u011b uvedli, \u017ee mnoho zem\u00ed ch\u00e1pe obavy Var\u0161avy, Budape\u0161ti, Bukure\u0161ti, Sofie a Bratislavy, ale cht\u011bj\u00ed, aby Evropsk\u00e1 komise na\u0161la alternativn\u00ed prost\u0159edky k vy\u0159e\u0161en\u00ed probl\u00e9mu.<\/span><\/p>\n<p><span>Polsko, kter\u00e9 se d\u016frazn\u011b stav\u00ed proti dod\u00e1vk\u00e1m ukrajinsk\u00e9ho obil\u00ed, p\u0159esto\u017ee je jedn\u00edm z hlavn\u00edch podporovatel\u016f Kyjeva uprost\u0159ed konfliktu s Ruskem, a Ma\u010farsko ji\u017e uvedly, \u017ee p\u0159ijdou s jednostrann\u00fdmi omezen\u00edmi, pokud EU odm\u00edtne z\u00e1kaz prodlou\u017eit.<\/span><\/p>\n<p><img decoding=\"async\" loading=\"lazy\" class=\"alignnone size-full wp-image-1185\" src=\"http:\/\/www.infokuryr.cz\/n\/wp-content\/uploads\/2021\/04\/kuryr-podpis.png\" alt=\"\" width=\"84\" height=\"24\" \/><\/p>\n<p>&nbsp;<\/p>\n<p><a href=\"https:\/\/stranapro.cz\/\"><img decoding=\"async\" loading=\"lazy\" class=\"wp-image-30218 aligncenter\" src=\"http:\/\/www.infokuryr.cz\/n\/wp-content\/uploads\/2023\/06\/PRO-banner-300x36.png\" alt=\"\" width=\"1367\" height=\"164\" srcset=\"https:\/\/www.infokuryr.cz\/n\/wp-content\/uploads\/2023\/06\/PRO-banner-300x36.png 300w, https:\/\/www.infokuryr.cz\/n\/wp-content\/uploads\/2023\/06\/PRO-banner-768x93.png 768w, https:\/\/www.infokuryr.cz\/n\/wp-content\/uploads\/2023\/06\/PRO-banner.png 849w\" sizes=\"(max-width: 1367px) 100vw, 1367px\" \/><\/a><\/p>\n<p>&nbsp;<\/p>\n<p>&nbsp;<\/p>\n<p>&nbsp;<\/p>\n","protected":false},"excerpt":{"rendered":"<p>Kyjev nebude akceptovat poru\u0161en\u00ed slib\u016f, kter\u00e9 mu dal Brusel, \u0159\u00edk\u00e1 ukrajinsk\u00fd v\u016fdce Kyjev se obr\u00e1t\u00ed&#8230;<\/p>\n","protected":false},"author":2,"featured_media":31971,"comment_status":"closed","ping_status":"closed","sticky":false,"template":"","format":"standard","meta":[],"categories":[7],"tags":[3833,2023,2064,1000],"_links":{"self":[{"href":"https:\/\/www.infokuryr.cz\/n\/wp-json\/wp\/v2\/posts\/35750"}],"collection":[{"href":"https:\/\/www.infokuryr.cz\/n\/wp-json\/wp\/v2\/posts"}],"about":[{"href":"https:\/\/www.infokuryr.cz\/n\/wp-json\/wp\/v2\/types\/post"}],"author":[{"embeddable":true,"href":"https:\/\/www.infokuryr.cz\/n\/wp-json\/wp\/v2\/users\/2"}],"replies":[{"embeddable":true,"href":"https:\/\/www.infokuryr.cz\/n\/wp-json\/wp\/v2\/comments?post=35750"}],"version-history":[{"count":0,"href":"https:\/\/www.infokuryr.cz\/n\/wp-json\/wp\/v2\/posts\/35750\/revisions"}],"wp:featuredmedia":[{"embeddable":true,"href":"https:\/\/www.infokuryr.cz\/n\/wp-json\/wp\/v2\/media\/31971"}],"wp:attachment":[{"href":"https:\/\/www.infokuryr.cz\/n\/wp-json\/wp\/v2\/media?parent=35750"}],"wp:term":[{"taxonomy":"category","embeddable":true,"href":"https:\/\/www.infokuryr.cz\/n\/wp-json\/wp\/v2\/categories?post=35750"},{"taxonomy":"post_tag","embeddable":true,"href":"https:\/\/www.infokuryr.cz\/n\/wp-json\/wp\/v2\/tags?post=35750"}],"curies":[{"name":"wp","href":"https:\/\/api.w.org\/{rel}","templated":true}]}}