{"id":3575,"date":"2021-07-25T18:36:31","date_gmt":"2021-07-25T16:36:31","guid":{"rendered":"http:\/\/www.infokuryr.cz\/n\/?p=3575"},"modified":"2021-07-25T18:36:31","modified_gmt":"2021-07-25T16:36:31","slug":"nedelnik-adama-b-bartose-46-male-politologicke-zamysleni-nad-dnesni-vlasteneckou-scenou","status":"publish","type":"post","link":"https:\/\/www.infokuryr.cz\/n\/2021\/07\/25\/nedelnik-adama-b-bartose-46-male-politologicke-zamysleni-nad-dnesni-vlasteneckou-scenou\/","title":{"rendered":"NED\u011aLN\u00cdK ADAMA B. BARTO\u0160E (46) MAL\u00c9 POLITOLOGICK\u00c9 ZAMY\u0160LEN\u00cd NAD DNE\u0160N\u00cd VLASTENECKOU SC\u00c9NOU"},"content":{"rendered":"<div id=\"fb-root\"><\/div>\n<div class=\"entry-featured\"><a class=\"ci-lightbox\" href=\"https:\/\/narodnidemokracie.cz\/wp-content\/uploads\/2021\/07\/celorocni-volebni-model-1024x658.jpg\"><img decoding=\"async\" loading=\"lazy\" class=\"attachment-post-thumbnail size-post-thumbnail wp-post-image lazy-loaded\" src=\"https:\/\/narodnidemokracie.cz\/wp-content\/uploads\/2021\/07\/celorocni-volebni-model-665x435.jpg\" alt=\"\" width=\"665\" height=\"435\" data-lazy-type=\"image\" data-src=\"https:\/\/narodnidemokracie.cz\/wp-content\/uploads\/2021\/07\/celorocni-volebni-model-665x435.jpg\" \/><\/a><\/div>\n<div class=\"entry-content\">\n<p>V\u00e1\u017een\u00e9 a mil\u00e9 \u010dten\u00e1\u0159ky, v\u00e1\u017een\u00ed a mil\u00ed \u010dten\u00e1\u0159i m\u00e9ho ned\u011bln\u00edku, v\u00edt\u00e1m v\u00e1s u dal\u0161\u00edho d\u00edlu. Minule jsem v\u00e1m sl\u00edbil, \u017ee se zase po \u010dase pod\u00edv\u00e1me na n\u00e1\u0161 program, ale ne\u017e tak u\u010din\u00edme, mus\u00edme si \u0159\u00edci p\u00e1r obecn\u011bj\u0161\u00edch tez\u00ed o tom, pro\u010d tu vlastn\u011b jsme, pro\u010d jdeme do voleb, pro\u010d do nich jdeme v t\u00e9to sestav\u011b, zkr\u00e1tka, jak\u00e1 jsou na\u0161e ideov\u00e1 v\u00fdchodiska. A je\u0161t\u011b p\u0159edt\u00edm mal\u00e1 rekapitulace toho, co jsem psal minule: ND a ANS jdou do voleb spole\u010dn\u011b. Na volebn\u00edm l\u00edstku (a to u\u017e je definitivn\u00ed a m\u011bnit se to nebude) n\u00e1s najdete pod n\u00e1zvem druh\u00e9 ze stran \u2013\u00a0<strong>Aliance n\u00e1rodn\u00edch sil<\/strong>. Je to proto, \u017ee tento n\u00e1zev sn\u00e1ze umo\u017e\u0148uje zapojen\u00ed dal\u0161\u00edch subjekt\u016f na na\u0161i spole\u010dnou kandid\u00e1tku a v\u00edce odpov\u00edd\u00e1 na\u0161emu z\u00e1m\u011bru \u2013 pro tyto volby spojit n\u00e1rodn\u00ed s\u00edly do jednoho bloku, do jednoho t\u00e1bora, do jedn\u00e9 aliance.<span id=\"more-12165\"><\/span><\/p>\n<p>A te\u010f poj\u010fme d\u00e1le a p\u0159ipome\u0148me si n\u011bco, co jsem psal u\u017e d\u0159\u00edve, ale pod\u00edvejme se na to dnes z jin\u00e9ho \u00fahlu pohledu. Do dal\u0161\u00edho bloku se spojili \u201eklausovci\u201c (mohli bychom jim tak\u00e9 \u0159\u00edkat \u201epravi\u010d\u00e1ci\u201c, jak si d\u00e1le uvedeme), tedy Trikol\u00f3ra-Svobodn\u00ed-Soukromn\u00edci. Tedy ti, co m\u011bli v\u017edy bl\u00edzko k prezidentu Klausovi, a tak ode\u0161li z j\u00edm kritizovan\u00e9 ODS, aby nejprve zalo\u017eili Svobodn\u00e9 a posl\u00e9ze Trikol\u00f3ru. Svobodn\u00ed v \u010desk\u00e9 politice nikdy neusp\u011bli (nedostali se nikdy do Parlamentu \u010cR), proto vznikla Trikol\u00f3ra. A kdy\u017e Trikol\u00f3ra poho\u0159ela v krajsk\u00fdch volb\u00e1ch, ob\u011b uskupen\u00ed seznala, \u017ee mus\u00ed spojit s\u00edly. Probl\u00e9m je v tom, \u017ee na \u201eklausovce\u201c se vyka\u0161lala cel\u00e1 \u201ekuchy\u0148 u Klaus\u016f\u201c, tedy jak Klaus mlad\u0161\u00ed, kter\u00fd utekl z boje n\u011bkolik m\u011bs\u00edc\u016f p\u0159edt\u00edm, ne\u017e boj za\u010dal, tak prezident Klaus, kter\u00fd se n\u011bkde ned\u00e1vno nechal sly\u0161et, \u017ee bude volit SPD. Pro \u201eklausovce\u201c v Triko\u0161ce to asi mus\u00ed b\u00fdt ho\u0159k\u00e9 zklam\u00e1n\u00ed \u2013 a hned dvojit\u00e9. Proto i to velk\u00e9 pnut\u00ed v n\u00ed\u2026<\/p>\n<p>T\u0159et\u00ed blok, nemylme se, nevznikl kolem Lubo\u0161e Voln\u00e9ho, ale kolem Jany Volfov\u00e9. Lubo\u0161 Voln\u00fd je jen maskot. Sice schopn\u00fd maskot, ale ot\u011b\u017ee v\u0161eho a v\u0161ech pevn\u011b dr\u017e\u00ed Jana Volfov\u00e1. Jana Volfov\u00e1 je tak\u00e9 schopn\u00e1, ale je to takov\u00e9 kl\u00ed\u0161t\u011b \u010desk\u00e9 politiky. V\u017edy se na n\u011bkoho p\u0159isaje a vis\u00ed na n\u011bm, dokud se po\u0159\u00e1dn\u011b nenacuc\u00e1. Jednou je to Jana Bobo\u0161\u00edkov\u00e1 (2013), jindy Martin Konvi\u010dka (2017), jindy David Rath (2019), te\u010f moment\u00e1ln\u011b zase Lubo\u0161 Voln\u00fd. Zkr\u00e1tka n\u011bkdo, v kom Jana vid\u00ed potenci\u00e1l, n\u011bkdo, koho vystr\u010d\u00ed dop\u0159edu m\u00edsto sebe, zd\u00e1lky ho mana\u017euje a po pou\u017eit\u00ed se s n\u00edm rozejde. A d\u016fle\u017eit\u00e9 je v\u011bd\u011bt, \u017ee Jana je b\u00fdval\u00e1 soci\u00e1ln\u00ed demokratka, nav\u00edc velice inklinuj\u00edc\u00ed k Milo\u0161i Zemanovi. S ur\u010ditou m\u00edrou zjednodu\u0161en\u00ed bychom tak mohli ud\u011blat dal\u0161\u00ed paralelu \u2013 \u017ee toti\u017e VB jsou zase takov\u00ed \u201ezemanovci\u201c bez Zemana, podob\u011b jako Triko\u0161ka jsou, jak jsme ji\u017e \u0159ekli, \u201eklausovci\u201c bez Klause. Ani zemanovci se toti\u017e nemohou pochlubit p\u0159\u00edzn\u00ed prezidenta Zemana, proto\u017ee Zeman je \u201ebest in covid\u201c, zat\u00edmco VB jede tvrd\u011b proti covidu. To v\u0161ak nem\u011bn\u00ed nic na tom, \u017ee to zemanovci jsou. Ostatn\u011b, nap\u0159\u00edklad v Karlovarsk\u00e9m kraji jako l\u00eddra nasadili b\u00fdval\u00e9ho \u010dlena SPOZ (dnes BOS) Josefa Kvasni\u010dku. A abychom dodr\u017eeli paralelu zm\u00edn\u011bnou u Trikol\u00f3ry, kterou pova\u017eujeme za \u201epravi\u010d\u00e1ky\u201c, toto je zase tradi\u010dn\u00ed levice.<\/p>\n<p>\u017de VB nen\u00ed nic jin\u00e9ho ne\u017e Suverenita, dokazuje i to, \u017ee \u201em\u00e1ma\u201c Jana to v\u0161e zd\u00e1lky nejen \u0159\u00edd\u00ed (coby \u0161ed\u00e1 eminence), ale ani ona sama, rovn\u011b\u017e medi\u00e1ln\u011b ne p\u0159\u00edli\u0161 kladn\u011b p\u0159ij\u00edman\u00e1 a rozhodn\u011b kontroverzn\u00ed, nebyla schopna ud\u011blat ony pov\u011bstn\u00e9 dva t\u0159i kroky dozadu, kter\u00e9 Lubo\u0161 Voln\u00fd cht\u011bl po mnoh\u00fdch ostatn\u00edch, nap\u0159\u00edklad po mn\u011b, ale proto\u017ee uv\u011b\u0159ila sv\u00fdm pr\u016fzkum\u016fm, kter\u00fdmi se d\u011bl\u00e1 siln\u011bj\u0161\u00ed ne\u017e je, se u\u017e u\u017e vid\u00ed v parlamentu, a proto neodolala poku\u0161en\u00ed a nam\u00ed\u0159ila si to na kandid\u00e1tku, a to rovnou do \u010dela st\u0159edo\u010desk\u00e9ho kraje (zat\u00edmco na pozici l\u00eddra v Praze vyt\u00e1hla Janu Bobo\u0161\u00edkovou). Proti Jan\u011b Bobo\u0161\u00edkov\u00e9 nic nem\u00e1m, ale je vid\u011bt, \u017ee ob\u011b Jany p\u016fsob\u00ed jist\u00e9 nemal\u00e9 obt\u00ed\u017ee n\u011bkter\u00fdm sympatizant\u016fm Voln\u00e9ho bloku. Tak\u017ee \u2013 zase podtr\u017eeno a se\u010dteno: tak jako je Triko\u0161ka stranou b\u00fdval\u00fdch \u00f3d\u00e9es\u00e1k\u016f, je Voln\u00fd blok (Suverenita) zase stranou b\u00fdval\u00fdch soci\u00e1ln\u00edch demokrat\u016f zemanovsk\u00e9ho st\u0159ihu, pota\u017emo b\u00fdval\u00fdch zemanovc\u016f (SPOZ). T\u00edm je \u0159e\u010deno v\u0161e, ale mus\u00edme si to p\u0159ece jen je\u0161t\u011b trochu rozv\u00e9st\u2026<\/p>\n<p>Jednak to nejsou \u017e\u00e1dn\u00e9 nov\u00e9 tv\u00e1\u0159e, ale doch\u00e1z\u00ed k neust\u00e1l\u00e9 recyklaci ji\u017e pou\u017eit\u00fdch (a \u010dasto notn\u011b opot\u0159eben\u00fdch) politik\u016f (ODS a \u010cSSD). To je ostatn\u011b n\u011bco, co n\u00e1s odli\u0161uje, proto\u017ee my (ANS a ND) nov\u00e9 tv\u00e1\u0159e rozhodn\u011b jsme, proto\u017ee jsme v politice nikde nebyli (my\u0161leno v zastupitelsk\u00fdch funkc\u00edch). Druhak \u2013 jak Klaus, tak Zeman sice v pr\u016fb\u011bhu sv\u00e9 politick\u00e9 kari\u00e9ry tu v\u00edce, tu m\u00e9n\u011b akcentovali n\u011bkter\u00e9 n\u00e1rodn\u00ed prvky, ale nikdy to \u017e\u00e1dn\u00ed velc\u00ed n\u00e1rodovci nebyli. I proto bude v t\u011bchto volb\u00e1ch d\u011blat konkurenci bloku klausovc\u016f (bez Klause) a zemanovc\u016f (bez Zemana) blok n\u00e1rodn\u00ed, spojuj\u00edc\u00ed v sob\u011b dv\u011b n\u00e1rodoveck\u00e9 strany \u2013 ND a ANS.<\/p>\n<p>Aby n\u011bjak\u00fd \u0161\u0165oural nenam\u00edtal, uve\u010fme rad\u011bji dop\u0159edu, \u017ee p\u0159edseda ND byl kdysi v ODS a p\u0159edsedkyn\u011b ANS byla kdysi v \u010cSSD, co\u017e je A) trochu vtipn\u00e9, B) trochu to ukazuje, \u017ee v z\u00e1sad\u011b dok\u00e1\u017eeme v kl\u00ed\u010dov\u00fdch chv\u00edl\u00edch Klause \u010di Zemana podpo\u0159it (proti r\u016fzn\u00fdm \u0161vejnar\u016fm, schwarzenberg\u016fm \u010di draho\u0161\u016fm, ale do pozad\u00ed ani jednomu, ani druh\u00e9mu, l\u00e9zt nikdy nebudeme a za C) pokud by si n\u011bkdo myslel, \u017ee spojen\u00ed ANS a ND je jakousi synt\u00e9zou zemanovc\u016f a klausovc\u016f, nen\u00ed tomu tak, jak n\u00ed\u017ee vysv\u011btl\u00edm, ale je sp\u00ed\u0161e alternativou k ob\u00e9mu. Synt\u00e9zou klausovc\u016f a zemanovc\u016f je toti\u017e sp\u00ed\u0161e parlamentn\u00ed SPD, v n\u00ed\u017e jsou jak b\u00fdval\u00ed politici ODS (Fiala), tak je\u0161t\u011b v\u00edce b\u00fdval\u00ed politici \u010cSSD. Proto Zeman inklinuje k SPD, proto Klaus bude rad\u011bji volit SPD, ne\u017e aby podpo\u0159il sv\u00e9 \u201eklausovce\u201c v Triko\u0161ce. Ch\u00e1pete? Klaus Trikol\u00f3ru nepot\u0159ebuje, jako nepot\u0159ebuje Zeman Voln\u00fd blok sv\u00e9 b\u00fdval\u00e9 souputnice Jany Volfov\u00e9. Maj\u00ed SPD.<\/p>\n<p>My (ND a ANS), na rozd\u00edl od Triko\u0161ky na jedn\u00e9, Voln\u00e9ho bloku na druh\u00e9 \u010di jejich synt\u00e9zy \u2013 SPD \u2013 na stran\u011b t\u0159et\u00ed, jedeme od po\u010d\u00e1tku vzniku na\u0161ich stran tvrdou n\u00e1rodoveckou politiku. Z\u00e1m\u011brn\u011b \u0159\u00edk\u00e1m n\u00e1rodoveckou, proto\u017ee to odli\u0161uji od politiky vlasteneck\u00e9, co\u017e si vysv\u011btl\u00edme zase jindy.<\/p>\n<p>T\u00edm v\u0161\u00edm, co p\u00ed\u0161u, tyto konkuren\u010dn\u00ed strany (bloky) nijak nekritizuji. Jen to konstatuji. I p\u0159i v\u011bdom\u00ed toho v\u0161eho jsme s nimi byli ochotni jednat a tak\u00e9 s nimi jednali, proto\u017ee jsme cht\u011bli up\u0159ednostnit n\u00e1rodn\u00ed z\u00e1jmy p\u0159ed z\u00e1jmy \u00fazce stranick\u00fdmi. Vladim\u00edra V\u00edtov\u00e1 jednala s Trikol\u00f3rou, j\u00e1 jednal s Voln\u00fdm. Nebyl z\u00e1jem, jak jsem psal u\u017e n\u011bkolikr\u00e1t. Ne\u0159\u00edk\u00e1m to proto, abych si st\u011b\u017eoval, ale naopak \u2013 ukazujeme t\u00edm, jak jsme st\u00e1totvorn\u00ed, pragmati\u010dt\u00ed a konstruktivn\u00ed. Byli jsme ochotni p\u0159istoupit i na \u00fastupky v z\u00e1jmu spole\u010dn\u00e9 v\u011bci, ale Triko\u0161ka ani VB nem\u011bli z\u00e1jem. Nikdo n\u00e1s tedy nem\u016f\u017ee oso\u010dovat z toho, \u017ee \u201et\u0159\u00ed\u0161t\u00edme s\u00edly\u201c, \u201eub\u00edr\u00e1me hlasy\u201c, \u201e\u0161t\u011bp\u00edme sc\u00e9nu\u201c \u010di podobn\u00e9 nesmysly, kter\u00e9 ob\u010das sly\u0161\u00edm a \u010dtu a jsem u\u017e na n\u011b doslova alergick\u00fd. Nen\u00ed \u017e\u00e1dn\u00fdm tajemstv\u00edm, \u017ee jak Triko\u0161ka, tak Voln\u00fd blok, pokud by usp\u011bli, by ve Sn\u011bmovn\u011b podporovali Babi\u0161ovo ANO (no logicky, proto\u017ee pir\u00e1ty snad podporovat nebudou). Stejn\u011b tak se mohu pt\u00e1t, pro\u010d tedy \u201et\u0159\u00ed\u0161t\u00ed s\u00edly\u201c, \u201eub\u00edraj\u00ed hlasy\u201c \u010di \u201e\u0161t\u011bp\u00ed sc\u00e9nu\u201c. V\u017edy\u0165 pod z\u00e1minkou \u201evolby men\u0161\u00edho zla\u201c to jejich voli\u010di mohou rovnou hodit Andrejovi, pokud maj\u00ed strach, \u017ee by jejich hlasy mohly propadnout (proto\u017ee nen\u00ed jist\u00e9, \u017ee by se VB \u010di Triko\u0161ka do parlamentu dostali).<\/p>\n<p>Tak\u017ee op\u011bt mal\u00e1 rekapitulace: Vlasteneck\u00e1 sc\u00e9na se v\u017edy d\u011blila na n\u00e1rodoveckou (kdysi N\u00e1rodn\u00ed strana, DSSS, dnes ND, ANS), populistickou (kdysi SPR-RS\u010c, kdysi SPD, dnes VB) a liber\u00e1ln\u011b-ekonomickou (kdysi euroskeptick\u00e9 k\u0159\u00eddlo ODS, Svobodn\u00ed, dnes Trikol\u00f3ra). Tyto t\u0159i t\u00e1bory z\u016fstaly p\u0159irozen\u011b zachov\u00e1ny i letos, proto\u017ee jsou definov\u00e1ny ideov\u011b. Stalo se pouze to, \u017ee DSSS p\u0159e\u0161la do populistick\u00e9ho t\u00e1bora a Svobodn\u00ed se spojili s Trikol\u00f3rou a ANS s ND. Pouze ANS a ND byla ochotna podniknout kroky ke spojen\u00ed v\u00edcero (ide\u00e1ln\u011b v\u0161ech) blok\u016f (byli jsme ochotni podpo\u0159it jak VB, tak Trikol\u00f3ru), ale byli jsme osly\u0161eni.<\/p>\n<p>Nikdo n\u00e1s tak\u00e9 nem\u016f\u017ee ok\u0159ikovat, pro\u010d kandidujeme, proto\u017ee my p\u0159edstavujeme sv\u00e9bytnou voli\u010dskou skupinu, kter\u00e9 jde p\u0159edev\u0161\u00edm o n\u00e1rodn\u00ed z\u00e1jmy a tohoto posl\u00e1n\u00ed jsme si dob\u0159e v\u011bdomi. Na\u0161\u00edm programem je to, co Ale\u0161 P\u0159ichystal ve sv\u00e9 nov\u00e9 knize Soumrak liber\u00e1l\u016f \u2013 Strategie por\u00e1\u017eky (vyjde za 14 dn\u016f) popsal takto a mn\u011b se to tak l\u00edb\u00ed, \u017ee s jeho dovolen\u00edm to p\u0159evezmu a budu pou\u017e\u00edvat:\u00a0<strong>Nejprve \u010cesk\u00e1 republika. Potom \u010cesk\u00e1 republika. Nakonec \u010cesk\u00e1 republika. N\u00e1sledn\u011b dlouho a dlouho nic a teprve pak v\u0161ichni ostatn\u00ed.<\/strong>\u00a0Nikdo se proto nemus\u00ed ob\u00e1vat, \u017ee bychom n\u011bkomu kradli hlasy, proto\u017ee na\u0161i voli\u010di by nikdy sami od sebe nevolili ani Voln\u00e9ho ani Majerovou-Zahradn\u00edkovou, a to ani tehdy, kdybychom do voleb v\u016fbec ne\u0161li. A do voleb j\u00edt mus\u00edme, abychom tyto z\u00e1jmy h\u00e1jili, proto\u017ee n\u00e1rodn\u00ed z\u00e1jmy nikdo h\u00e1jit nechce. Sice o tom v\u0161ichni \u0159e\u010dn\u00ed, ale pak se uk\u00e1\u017ee, \u017ee jim o to v\u016fbec nejde a kdy\u017e u\u017e, pak je jejich vlast stejn\u011b v n\u011bjak\u00e9 jin\u00e9 zemi, tak\u017ee na \u010desk\u00fd n\u00e1rod v\u0161ichni zvysoka ka\u0161lou.<\/p>\n<p>Ale zp\u011bt k na\u0161im paralel\u00e1m. Sv\u00fdm zp\u016fsobem vid\u00edme, jak politickou sc\u00e9nu (i tu vlasteneckou) st\u00e1le ovliv\u0148uj\u00ed jm\u00e9na Klaus a Zeman. Sna\u017e\u00ed se jim zavd\u011b\u010dit r\u016fzn\u00e9 strany (Klausovi Trikol\u00f3ra, Zemanovi SPOZ, dnes VB), a to i tehdy, kdy o n\u011b tito \u201edinosau\u0159i\u201c nemaj\u00ed z\u00e1jem. My (ANS a ND) jsme ale sv\u00ed a autenti\u010dt\u00ed. Jdeme sv\u00fdm vlastn\u00edm sm\u011brem. A jak jsem \u0159ekl, nejsme synt\u00e9zou Klause a Zemana (tedy pravice a levice), ale alternativou k t\u00e9to optice naz\u00edr\u00e1n\u00ed. My toti\u017e dlouhodob\u011b \u0159\u00edk\u00e1me:\u00a0<strong>ani doprava, ani doleva, ale pro n\u00e1rod<\/strong>. To je toti\u017e to podstatn\u00e9. A \u0159\u00edk\u00e1me je\u0161t\u011b n\u011bco:\u00a0<strong>je pro n\u00e1s dobr\u00e9 v\u0161e, co je dobr\u00e9 pro n\u00e1rod<\/strong>. Jsme jak\u00e1si t\u0159et\u00ed cesta. Nejsme st\u0159ed, nepl\u00e9st to se st\u0159edem. V kl\u00ed\u010dov\u00fdch chv\u00edl\u00edch m\u016f\u017eeme podpo\u0159it Klause \u010di Zemana (j\u00e1 sv\u00fdmi \u010dl\u00e1nky podporoval oba), ale nejsme tu prim\u00e1rn\u011b pro n\u011b. Jsme tu pro n\u00e1rodn\u00ed z\u00e1jmy. Kdy\u017e je v n\u00e1rodn\u00edm z\u00e1jmu podpo\u0159it Klause, ud\u011bl\u00e1me to. Kdy\u017e bylo v n\u00e1rodn\u00edm z\u00e1jmu podpo\u0159it Zemana, ud\u011blali jsme to. Pokud bude v n\u00e1rodn\u00edm z\u00e1jmu podpo\u0159it op\u011bt Klause (p\u0159i dal\u0161\u00ed prezidentsk\u00e9 volb\u011b), u\u010din\u00edme tak. Mysleli jsme, \u017ee i letos je situace tak v\u00e1\u017en\u00e1, \u017ee je pot\u0159eba \u2013 v n\u00e1rodn\u00edm z\u00e1jmu \u2013 ud\u011blat co nej\u0161ir\u0161\u00ed koalici a spojit se i s Klausem (Triko\u0161ka) \u010di Zemanem (Volfov\u00e9 blok), ide\u00e1ln\u011b s ob\u011bma. Na\u0161i \u201ekolegov\u00e9\u201c to ale tak nevid\u011bli, z\u0159ejm\u011b ta situace podle nich tak v\u00e1\u017en\u00e1 nen\u00ed. Zodpov\u011bdnost za to tedy nesou oni. My se o to pokusili a ud\u011blali jsme maximum.<\/p>\n<p>V \u017e\u00e1dn\u00e9m p\u0159\u00edpad\u011b ale nikomu nebudeme vykl\u00edzet cestu a opou\u0161t\u011bt na\u0161e pozice. N\u011bkdo ty n\u00e1rodn\u00ed z\u00e1jmy p\u0159ece h\u00e1jit mus\u00ed. A to je na\u0161e pozice a to je i n\u00e1\u0161 \u00fakol v leto\u0161n\u00edch volb\u00e1ch.<\/p>\n<p>P\u011bknou ned\u011bli v\u00e1m p\u0159eje<\/p>\n<p><em>p\u0159edseda N\u00e1rodn\u00ed demokracie Adam B. Barto\u0161, l\u00eddr Aliance n\u00e1rodn\u00edch sil v \u00dasteck\u00e9m kraji ve volb\u00e1ch do Poslaneck\u00e9 sn\u011bmovny 2021<\/em><\/p>\n<p>PS: A na z\u00e1v\u011br n\u011bco k pobaven\u00ed:<\/p>\n<p><img decoding=\"async\" loading=\"lazy\" class=\"alignnone size-full wp-image-12169 lazy-loaded\" src=\"https:\/\/narodnidemokracie.cz\/wp-content\/uploads\/2021\/07\/zajmena.jpg\" sizes=\"(max-width: 900px) 100vw, 900px\" srcset=\"https:\/\/narodnidemokracie.cz\/wp-content\/uploads\/2021\/07\/zajmena.jpg 900w, https:\/\/narodnidemokracie.cz\/wp-content\/uploads\/2021\/07\/zajmena-300x93.jpg 300w, https:\/\/narodnidemokracie.cz\/wp-content\/uploads\/2021\/07\/zajmena-768x239.jpg 768w, https:\/\/narodnidemokracie.cz\/wp-content\/uploads\/2021\/07\/zajmena-665x207.jpg 665w, https:\/\/narodnidemokracie.cz\/wp-content\/uploads\/2021\/07\/zajmena-836x260.jpg 836w\" alt=\"\" width=\"900\" height=\"280\" data-lazy-type=\"image\" data-src=\"https:\/\/narodnidemokracie.cz\/wp-content\/uploads\/2021\/07\/zajmena.jpg\" data-srcset=\"\" \/><\/p>\n<p><em>zdroj tohoto i \u00favodn\u00edho obr\u00e1zku: cd89.cz<\/em><\/p>\n<p><img decoding=\"async\" loading=\"lazy\" class=\"alignnone size-full wp-image-678\" src=\"http:\/\/www.infokuryr.cz\/n\/wp-content\/uploads\/2021\/04\/narodni_demokracie_logo.jpg\" alt=\"\" width=\"300\" height=\"85\" \/><\/p>\n<p>&nbsp;<\/p>\n<\/div>\n","protected":false},"excerpt":{"rendered":"<p>V\u00e1\u017een\u00e9 a mil\u00e9 \u010dten\u00e1\u0159ky, v\u00e1\u017een\u00ed a mil\u00ed \u010dten\u00e1\u0159i m\u00e9ho ned\u011bln\u00edku, v\u00edt\u00e1m v\u00e1s u dal\u0161\u00edho d\u00edlu&#8230;.<\/p>\n","protected":false},"author":2,"featured_media":679,"comment_status":"closed","ping_status":"closed","sticky":false,"template":"","format":"standard","meta":[],"categories":[6],"tags":[367,29,85,27],"_links":{"self":[{"href":"https:\/\/www.infokuryr.cz\/n\/wp-json\/wp\/v2\/posts\/3575"}],"collection":[{"href":"https:\/\/www.infokuryr.cz\/n\/wp-json\/wp\/v2\/posts"}],"about":[{"href":"https:\/\/www.infokuryr.cz\/n\/wp-json\/wp\/v2\/types\/post"}],"author":[{"embeddable":true,"href":"https:\/\/www.infokuryr.cz\/n\/wp-json\/wp\/v2\/users\/2"}],"replies":[{"embeddable":true,"href":"https:\/\/www.infokuryr.cz\/n\/wp-json\/wp\/v2\/comments?post=3575"}],"version-history":[{"count":0,"href":"https:\/\/www.infokuryr.cz\/n\/wp-json\/wp\/v2\/posts\/3575\/revisions"}],"wp:featuredmedia":[{"embeddable":true,"href":"https:\/\/www.infokuryr.cz\/n\/wp-json\/wp\/v2\/media\/679"}],"wp:attachment":[{"href":"https:\/\/www.infokuryr.cz\/n\/wp-json\/wp\/v2\/media?parent=3575"}],"wp:term":[{"taxonomy":"category","embeddable":true,"href":"https:\/\/www.infokuryr.cz\/n\/wp-json\/wp\/v2\/categories?post=3575"},{"taxonomy":"post_tag","embeddable":true,"href":"https:\/\/www.infokuryr.cz\/n\/wp-json\/wp\/v2\/tags?post=3575"}],"curies":[{"name":"wp","href":"https:\/\/api.w.org\/{rel}","templated":true}]}}