{"id":35748,"date":"2023-09-08T01:09:40","date_gmt":"2023-09-07T23:09:40","guid":{"rendered":"http:\/\/www.infokuryr.cz\/n\/?p=35748"},"modified":"2023-09-07T13:59:19","modified_gmt":"2023-09-07T11:59:19","slug":"nedelnik-adama-b-bartose-145-koller-nicitel","status":"publish","type":"post","link":"https:\/\/www.infokuryr.cz\/n\/2023\/09\/08\/nedelnik-adama-b-bartose-145-koller-nicitel\/","title":{"rendered":"NED\u011aLN\u00cdK ADAMA B. BARTO\u0160E (145) KOLLER NI\u010cITEL"},"content":{"rendered":"<div id=\"fb-root\"><\/div>\n<p>Po letn\u00edch pr\u00e1zdnin\u00e1ch, dovolen\u00fdch, okurkov\u00e9 sez\u00f3n\u011b a v\u0161eobecn\u00e9m umrtven\u00ed spole\u010densk\u00e9 sc\u00e9ny b\u011bhem l\u00e9ta nast\u00e1v\u00e1 nov\u00fd \u0161koln\u00ed rok, nov\u00e9 pracovn\u00ed vzedmut\u00ed, nov\u00e9 zased\u00e1n\u00ed Sn\u011bmovny. I na vlasteneck\u00e9 sc\u00e9n\u011b to o\u017e\u00edv\u00e1. Vlastenci \u2013 pot\u00e9, co se bratrsky se\u0161li v P\u0159\u00ed\u010dovech (kde mimochodem vytvo\u0159ili p\u011bknou a zdravou atmosf\u00e9ru) \u2013 se zase za\u010d\u00ednaj\u00ed h\u00e1dat. Nov\u00e9 kolo h\u00e1dek rozpoutal \u2013 jak jinak \u2013 pan Koller.<span id=\"more-13813\"><\/span><\/p>\n<p>N\u011bkter\u00e9 po\u0159ady pana Kollera, pokud se tedy v\u011bnuje oboru, kter\u00e9mu rozum\u00ed \u2013 tedy bezpe\u010dnostn\u00edm a vojensk\u00fdm anal\u00fdz\u00e1m \u2013 jsou trefn\u00e9. Ob\u010das se mne na n\u011bj n\u011bkdo zept\u00e1, co mu jako \u0159\u00edk\u00e1m. V\u017edy odpov\u00edd\u00e1m \u2013 jo, mluv\u00ed dob\u0159e, ale j\u00e1 mu nemohu zapomenout, jak mne pomlouval, jak ze mne d\u011blal agenta BIS, jak mi sp\u00edlal do antisemit\u016f a celou na\u0161i N\u00e1rodn\u00ed demokracii \u010dastoval t\u011bmi nejodporn\u011bj\u0161\u00edmi v\u00fdrazy. Proto jsem k n\u011bmu obez\u0159etn\u00fd a rozli\u0161uji, jak mluv\u00ed navenek a jak\u00e9 plody jeho pr\u00e1ce nese. O to toti\u017e jde \u2013 jak \u010dlov\u011bk p\u016fsob\u00ed a co \u0159\u00edk\u00e1, je jedna v\u011bc, ale jak se chov\u00e1 a co sv\u00fdm po\u010d\u00edn\u00e1n\u00edm p\u016fsob\u00ed, je v\u011bc druh\u00e1.<\/p>\n<p>Nemusel bych se k cel\u00e9 t\u00e9to v\u011bci vyjad\u0159ovat, ale proto\u017ee je nejnov\u011bj\u0161\u00ed bou\u0159e ve sklenici vody pro vlasteneckou sc\u00e9nu signifikantn\u00ed, nemohu k tomu neu\u010dinit p\u00e1r pozn\u00e1mek. Cel\u00e9 to za\u010dalo, kdy\u017e pan Koller v po\u0159adu u pana Havla za\u00fato\u010dil na Petra Drul\u00e1ka, u\u010dinil z n\u011bj nastr\u010den\u00e9ho agenta a celkov\u011b ho po\u0161pinil a pomluvil, ani\u017e by m\u011bl jak\u00fdkoli d\u016fkaz. N\u00e1sledovala reakce v podob\u011b videa P. Bohu\u0161e, kter\u00fd se pozastavil nad m\u00edrou nen\u00e1visti a \u0161pin\u011bn\u00ed ze strany M. Kollera a pak druh\u00fd po\u0159ad, kde si P. Bohu\u0161 P. Drul\u00e1ka pozval k rozhovoru a na inkriminovan\u00e1 obvin\u011bn\u00ed se ho p\u0159eptal. N\u00e1sledovala dal\u0161\u00ed replika M. Kollera a J. Havla, kde Koller op\u011bt \u00fato\u010dil na Drul\u00e1ka s Bohu\u0161em. Proto\u017ee v\u0161ichni v ur\u010dit\u00e9 chv\u00edli se v\u0161emi mluvili \u010di spolupracovali a znaj\u00ed se, je cel\u00e1 h\u00e1dka o to pikantn\u011bj\u0161\u00ed a vede k tomu, \u017ee se vlasteneck\u00fd t\u00e1bor \u0161t\u011bp\u00ed na ty, kdo se zast\u00e1vaj\u00ed sp\u00ed\u0161e jednoho, nebo naopak druh\u00e9ho.<\/p>\n<p>Na vlasteneck\u00e9 sc\u00e9n\u011b to nen\u00ed \u017e\u00e1dn\u00e1 novinka, v\u017edy to tak bylo. Je proto s podivem, \u017ee M. Koller, m\u00edsto, aby pom\u00e1hal sc\u00e9nu sjednotit, ji \u0161t\u011bp\u00ed. Nap\u0159\u00edklad v P\u0159\u00ed\u010dovech byli v\u0161ichni \u2013 prav\u00ed i lev\u00ed, extr\u00e9misti\u010dt\u00ed \u010di um\u00edrn\u011bn\u00ed \u2013 spolu, v pohod\u011b, v klidu a m\u00edru, nikdo se s nik\u00fdm neh\u00e1dal. A tak by to m\u011blo b\u00fdt. Panu Kollerovi ale mo\u017en\u00e1 n\u011bkdo dal za \u00fakol, aby zas\u00edval nen\u00e1vist a sv\u00e1ry. Evidentn\u011b se to povedlo, proto\u017ee nastartovan\u00e1 spir\u00e1la obvi\u0148ov\u00e1n\u00ed, podez\u00edr\u00e1n\u00ed a vz\u00e1jemn\u00e9ho ha\u0161te\u0159en\u00ed se bude kroutit je\u0161t\u011b p\u011bkn\u011b dlouho.<\/p>\n<p>Jist\u011b \u2013 jeden aspekt je pochopiteln\u00fd, a to je oby\u010dejn\u00e1 lidsk\u00e1 z\u00e1\u0161\u0165. Kolem Drul\u00e1ka se formuje z\u00e1rodek nov\u00e9 levicov\u00e9 strany, ono vlastn\u011b obecn\u011b na levici je te\u010f mnoho voln\u00e9ho prostoru pot\u00e9, co ANO zlikvidovalo \u010cSSD a posl\u00e9ze i komunisty. Mnoho levicov\u00fdch politik\u016f i levicov\u011b orientovan\u00fdch vlastenc\u016f nyn\u00ed vid\u00ed, \u017ee je zde prostor pro obnovu st\u00e1vaj\u00edc\u00edch nebo dokonce vznik nov\u00fdch levicov\u00fdch stran s vlasteneck\u00fdm zam\u011b\u0159en\u00edm (nebo alespo\u0148 zd\u00e1n\u00edm vlasteneck\u00e9ho zam\u011b\u0159en\u00ed). V sou\u010dasn\u00e9 dob\u011b jsou minim\u00e1ln\u011b dv\u011b \u010di t\u0159i ohniska, kolem kter\u00fdch prob\u00edhaj\u00ed snahy o vznik nov\u00e9 levice. Pan Koller je levi\u010d\u00e1k a to, co p\u0159edv\u00e1d\u00ed, m\u016f\u017ee b\u00fdt snahou vstoupit do tohoto kva\u0161en\u00ed a po\u0159\u00e1dn\u011b s t\u00edm zam\u00edchat. A\u017e potud by mne to nemuselo zaj\u00edmat, proto\u017ee si mysl\u00edm, \u017ee vlasteneck\u00e1 levice obrodu pot\u0159ebuje, je logick\u00e9, \u017ee k pokus\u016fm o ni doch\u00e1z\u00ed a h\u00e1dky, kter\u00e9 pan Koller rozdm\u00fdch\u00e1v\u00e1, k tomu neodmysliteln\u011b (bohu\u017eel) pat\u0159\u00ed.<\/p>\n<p>Druh\u00fd aspekt je skute\u010dn\u011b historie pana Drul\u00e1ka, kter\u00e1 nen\u00ed nezaj\u00edmav\u00e1. N\u011bkdo, kdo jako mlad\u00fd za\u010d\u00ednal v \u010desk\u00e9 pobo\u010dce (Rockefellerovy) Rady pro mezin\u00e1rodn\u00ed vztahy, se nyn\u00ed st\u00e1v\u00e1 ve\u0159ejn\u00fdm kritikem transatlantick\u00e9 spolupr\u00e1ce. Uzn\u00e1v\u00e1m, \u017ee to m\u016f\u017ee vypadat podez\u0159ele, ale z vlastn\u00ed zku\u0161enosti tak\u00e9 v\u00edm, \u017ee osobn\u00ed proz\u0159en\u00ed a v\u00fdvoj je n\u011bco, co k \u017eivotu pat\u0159\u00ed. Pan Koller se \u201ev\u00fdvoji\u201c sm\u011bje a n\u00e1m, kte\u0159\u00ed jsme pro\u017eili n\u00e1zorovou prom\u011bnu, posm\u011b\u0161n\u00e9 \u0159\u00edk\u00e1 \u201ev\u00fdvoj\u00e1\u0159i\u201c. Pan Koller se z\u0159ejm\u011b nijak nevyv\u00edj\u00ed, ale j\u00e1 Drul\u00e1kovi rozum\u00edm. Nebo p\u0159esn\u011bji \u2013 um\u00edm si p\u0159edstavit, \u017ee u n\u011bj ke zm\u011bn\u011b skute\u010dn\u011b do\u0161lo.<\/p>\n<p><img decoding=\"async\" loading=\"lazy\" class=\"wp-image-33819 aligncenter\" src=\"http:\/\/www.infokuryr.cz\/n\/wp-content\/uploads\/2023\/08\/ces1-300x157.jpg\" alt=\"\" width=\"1357\" height=\"710\" srcset=\"https:\/\/www.infokuryr.cz\/n\/wp-content\/uploads\/2023\/08\/ces1-300x157.jpg 300w, https:\/\/www.infokuryr.cz\/n\/wp-content\/uploads\/2023\/08\/ces1-1024x536.jpg 1024w, https:\/\/www.infokuryr.cz\/n\/wp-content\/uploads\/2023\/08\/ces1-768x402.jpg 768w, https:\/\/www.infokuryr.cz\/n\/wp-content\/uploads\/2023\/08\/ces1.jpg 1200w\" sizes=\"(max-width: 1357px) 100vw, 1357px\" \/><\/p>\n<p>T\u0159et\u00ed moje pozn\u00e1mka je ta, \u017ee i j\u00e1 si v\u0161\u00edm\u00e1m ur\u010dit\u00e9ho rozporu mezi slovy a \u010diny Petra Drul\u00e1ka. Od po\u010d\u00e1tku, co vystoupil se svoj\u00ed iniciativou (Svatopluk, kniha Svrchovanost aj.), ve\u0159ejn\u011b n\u011bkolikr\u00e1t deklamoval, \u017ee by pravice a levice m\u011bla spolupracovat a \u017ee n\u00e1s zve k dialogu. Proto\u017ee na\u0161e strana b\u00fdv\u00e1 \u0159azena k pravici, oslovili jsme pana Drul\u00e1ka, \u017ee n\u00e1m jsou jeho slova bl\u00edzk\u00e1 a r\u00e1di bychom p\u0159ilo\u017eili ruku k d\u00edlu \u2013 z prav\u00e9 strany, chcete-li to tak naz\u00fdvat. Odpov\u011bd\u00ed bylo ml\u010den\u00ed. Nev\u00edm, zda z\u00e1m\u011brn\u00e9, nebo z nedopat\u0159en\u00ed. Nijak se nec\u00edt\u00edm ura\u017een, \u017ee s n\u00e1mi Drul\u00e1k nemluv\u00ed, ale kdy\u017e u\u017e se n\u011bkdo takto prezentuje (\u017ee chce sc\u00e9nu spojovat), m\u011bl by si alespo\u0148 naj\u00edt \u010das na odpov\u011b\u010f. P\u0159esto si nemysl\u00edm, \u017ee by to bylo d\u016fkazem toho, \u017ee je Drul\u00e1k nastr\u010den\u00fdm agentem. Sp\u00ed\u0161e to p\u0159i\u010d\u00edt\u00e1m tomu, co jsem zm\u00ednil v\u00fd\u0161e \u2013 Drul\u00e1k se sv\u00fdm projektem n\u011bkam m\u00ed\u0159\u00ed, r\u00e1d by z toho ud\u011blal stranu, m\u00e1 jasn\u00e9 politick\u00e9 ambice a v\u0161echny ty \u0159e\u010di o spojov\u00e1n\u00ed pravice a levice jsou jen politick\u00fdmi tane\u010dky, proklamacemi, kter\u00e9 nejsou m\u00edn\u011bny v\u00e1\u017en\u011b. Jsou jen na par\u00e1du. I tomu dok\u00e1\u017eu porozum\u011bt.<\/p>\n<p>To, \u017ee se n\u011bkte\u0159\u00ed vlastenci k sob\u011b p\u0159\u00edli\u0161 nehrnou, \u017ee k sob\u011b ml\u010d\u00ed \u010di \u017ee d\u011blaj\u00ed, \u017ee se neznaj\u00ed, je\u0161t\u011b dovedu pochopit. N\u011bkomu nen\u00ed p\u0159\u00edjemn\u00e9 b\u00fdt spojov\u00e1n s n\u011bk\u00fdm druh\u00fdm. Co mi vad\u00ed je, kdy\u017e ale n\u011bkdo za\u010dne druh\u00e9ho ve\u0159ejn\u011b k\u00e1drovat, ve\u0159ejn\u011b n\u011bkoho prop\u00edrat, ve\u0159ejn\u011b pomlouvat. To u\u017e je jin\u00e1 \u00farove\u0148. A\u017e pan Drul\u00e1k ve\u0159ejn\u011b \u0159ekne, \u017ee jsem arcilotr, definitivn\u011b u mne skon\u010d\u00ed. Do t\u00e9 doby ho respektuji. Respektuji toho, kdo je ochoten respektovat mne. Kdo mne nerespektuje, toho nerespektuji j\u00e1.<\/p>\n<p>A tady se dost\u00e1v\u00e1me op\u011bt k panu Kollerovi. T\u0159eba\u017ee jeho z\u00e1\u0161\u0165 byla nam\u00ed\u0159ena proti Drul\u00e1kovi, ve sv\u00e9m nen\u00e1vistn\u00e9m v\u00fdpadu neopomn\u011bl \u2013 naprosto bezd\u016fvodn\u011b \u2013 poplivat na\u0161i sp\u0159\u00e1telenou politickou stranu \u2013 Alianci n\u00e1rodn\u00edch sil, kter\u00e9 se posm\u00edv\u00e1, \u017ee je po\u010detn\u011b mal\u00e1, ale hlavn\u011b, \u017ee se pr\u00fd dala do holportu s t\u00edm hrozn\u00fdm antisemitou Barto\u0161em. Koller z\u0159ejm\u011b neodpou\u0161t\u00ed a jako \u017did nem\u016f\u017ee \u201eantisemitu\u201c Barto\u0161e vyst\u00e1t, i kdy\u017e s\u00e1m posledn\u00ed dobou za\u010dal pou\u017e\u00edvat v\u00fdrazy jako \u201echazarsk\u00e1\u201c mafie. J\u00e1 mezit\u00edm uk\u00e1zal, \u017ee jsem ochoten a schopen spolupracovat i s lidmi \u017eidovsk\u00e9ho p\u016fvodu (ve skute\u010dnosti tomu tak bylo v\u017edy, \u017ee jsem v\u016f\u010di \u017did\u016fm nem\u011bl nic osobn\u00edho). Pro Kollera ale z\u016fstanu antisemitou, \u010d\u00edm\u017e ukazuje, \u017ee nen\u00ed schopen n\u011bjak\u00e9 reflexe. Proto i recipro\u010dn\u011b Koller pro mne z\u016fst\u00e1v\u00e1 \u010dlov\u011bkem, kter\u00e9ho si nev\u00e1\u017e\u00edm. Kdyby byl ochoten uznat, \u017ee m\u00e1me spole\u010dn\u00e9 z\u00e1jmy a kdyby byl ochoten odlo\u017eit sv\u00e9 k\u00e1drov\u00e1n\u00ed, klidn\u011b bych s n\u00edm na\u0161el spole\u010dnou \u0159e\u010d. Proto\u017ee ale ukazuje, \u017ee nic nepochopil a je\u0161t\u011b je v t\u00e9to sv\u00e9 nev\u011bdomosti arogantn\u00ed a vulg\u00e1rn\u00ed a neomalen\u00fd, bude pro mne v\u017edy odstra\u0161uj\u00edc\u00edm p\u0159\u00edpadem \u010dlov\u011bka, kter\u00fd na vlasteneck\u00e9 sc\u00e9n\u011b pat\u0159\u00ed ke \u0161k\u016fdc\u016fm. Ni\u010ditel\u016fm. M\u00edsto, aby hledal spole\u010dn\u00e9 body a pr\u016fniky, k\u00e1druje, \u0161t\u011bp\u00ed a ni\u010d\u00ed.<\/p>\n<p>Naopak spojov\u00e1n\u00ed a p\u0159ekon\u00e1v\u00e1n\u00ed bari\u00e9r a osobn\u00edch animozit je tou spr\u00e1vnou cestou. Proto jsme p\u0159ed \u010dasem s Alianc\u00ed n\u00e1rodn\u00edch sil, s D\u011blnickou stranou soci\u00e1ln\u00ed spravedlnosti a se Sl\u00e1dkovci vytvo\u0159ili Platformu vystupme z EU a z NATO. Nau\u010dili jsme se spolu mluvit, a to p\u0159esto, \u017ee nap\u0159\u00edklad mezi n\u00e1mi a \u201ed\u011bln\u00edky\u201c zela (i moj\u00ed vinou) velk\u00e1 propast. Kdysi jsem pomluvil Tom\u00e1\u0161e Vandase a on na mne byl pr\u00e1vem na\u0161tvan\u00fd. Kdy\u017e jsem p\u0159ed lety sv\u016fj omyl nahl\u00e9dl, omluvil jsem se mu. Trvalo to dal\u0161\u00edch p\u00e1r let, ne\u017e jsme spolu zase za\u010dali mluvit. A tak to m\u00e1 b\u00fdt. Ti, kter\u00fdm jde o stejnou v\u011bc, by m\u011bli spolupracovat, i kdy\u017e si t\u0159eba v minulosti ud\u011blali cokoli.<\/p>\n<p>Mysl\u00edm, \u017ee tohle (spolupr\u00e1ce) je lep\u0161\u00ed a vy\u0161\u0161\u00ed cesta, ne\u017e oso\u010dov\u00e1n\u00ed, kter\u00e9 p\u0159edv\u00e1d\u00ed Koller. Kollerovi rozum\u00edm \u2013 pomlouv\u00e1, proto\u017ee t\u00edm chce n\u011b\u010deho dos\u00e1hnout. Intriky a pomluvy nelze od politiky odd\u011blit. J\u00e1 to tehdy tak\u00e9 d\u011blal \u2013 tak\u00e9 jsem \u00fato\u010dil na konkurenci ve snaze z\u00edskat z toho politick\u00fd profit. M\u00edsto profitu jsem ale vlasteneckou sc\u00e9nu po\u0161kodil. Pou\u010dil jsem se z toho. Nevyplat\u00ed se to, \u010dlov\u011bku se to vr\u00e1t\u00ed jako bumerang. Proto jsem r\u00e1d, \u017ee jsme s DSSS op\u011bt u jednoho stolu. A proto nem\u00e1m r\u00e1d nikoho, kdo ve\u0159ejn\u011b pomlouv\u00e1 a plive jed \u2013 jako pan Koller\u2026<\/p>\n<p>Vlasti zdar!<\/p>\n<p><em>Adam B. Barto\u0161<\/em><br \/>\n<em>p\u0159edseda N\u00e1rodn\u00ed demokracie<\/em><\/p>\n<p><img decoding=\"async\" loading=\"lazy\" class=\"alignnone size-full wp-image-678\" src=\"http:\/\/www.infokuryr.cz\/n\/wp-content\/uploads\/2021\/04\/narodni_demokracie_logo.jpg\" alt=\"\" width=\"300\" height=\"85\" \/><\/p>\n<p>____________________________<\/p>\n<p>&nbsp;<\/p>\n<p><a href=\"https:\/\/stranapro.cz\/\"><img decoding=\"async\" loading=\"lazy\" class=\"wp-image-30218 aligncenter\" src=\"http:\/\/www.infokuryr.cz\/n\/wp-content\/uploads\/2023\/06\/PRO-banner-300x36.png\" alt=\"\" width=\"1367\" height=\"164\" srcset=\"https:\/\/www.infokuryr.cz\/n\/wp-content\/uploads\/2023\/06\/PRO-banner-300x36.png 300w, https:\/\/www.infokuryr.cz\/n\/wp-content\/uploads\/2023\/06\/PRO-banner-768x93.png 768w, https:\/\/www.infokuryr.cz\/n\/wp-content\/uploads\/2023\/06\/PRO-banner.png 849w\" sizes=\"(max-width: 1367px) 100vw, 1367px\" \/><\/a><\/p>\n<p>&nbsp;<\/p>\n<p>&nbsp;<\/p>\n<p>&nbsp;<\/p>\n<p>&nbsp;<\/p>\n","protected":false},"excerpt":{"rendered":"<p>Po letn\u00edch pr\u00e1zdnin\u00e1ch, dovolen\u00fdch, okurkov\u00e9 sez\u00f3n\u011b a v\u0161eobecn\u00e9m umrtven\u00ed spole\u010densk\u00e9 sc\u00e9ny b\u011bhem l\u00e9ta nast\u00e1v\u00e1 nov\u00fd&#8230;<\/p>\n","protected":false},"author":2,"featured_media":679,"comment_status":"closed","ping_status":"closed","sticky":false,"template":"","format":"standard","meta":[],"categories":[6],"tags":[367,29,85],"_links":{"self":[{"href":"https:\/\/www.infokuryr.cz\/n\/wp-json\/wp\/v2\/posts\/35748"}],"collection":[{"href":"https:\/\/www.infokuryr.cz\/n\/wp-json\/wp\/v2\/posts"}],"about":[{"href":"https:\/\/www.infokuryr.cz\/n\/wp-json\/wp\/v2\/types\/post"}],"author":[{"embeddable":true,"href":"https:\/\/www.infokuryr.cz\/n\/wp-json\/wp\/v2\/users\/2"}],"replies":[{"embeddable":true,"href":"https:\/\/www.infokuryr.cz\/n\/wp-json\/wp\/v2\/comments?post=35748"}],"version-history":[{"count":1,"href":"https:\/\/www.infokuryr.cz\/n\/wp-json\/wp\/v2\/posts\/35748\/revisions"}],"predecessor-version":[{"id":35749,"href":"https:\/\/www.infokuryr.cz\/n\/wp-json\/wp\/v2\/posts\/35748\/revisions\/35749"}],"wp:featuredmedia":[{"embeddable":true,"href":"https:\/\/www.infokuryr.cz\/n\/wp-json\/wp\/v2\/media\/679"}],"wp:attachment":[{"href":"https:\/\/www.infokuryr.cz\/n\/wp-json\/wp\/v2\/media?parent=35748"}],"wp:term":[{"taxonomy":"category","embeddable":true,"href":"https:\/\/www.infokuryr.cz\/n\/wp-json\/wp\/v2\/categories?post=35748"},{"taxonomy":"post_tag","embeddable":true,"href":"https:\/\/www.infokuryr.cz\/n\/wp-json\/wp\/v2\/tags?post=35748"}],"curies":[{"name":"wp","href":"https:\/\/api.w.org\/{rel}","templated":true}]}}