{"id":3572,"date":"2021-07-25T18:24:34","date_gmt":"2021-07-25T16:24:34","guid":{"rendered":"http:\/\/www.infokuryr.cz\/n\/?p=3572"},"modified":"2021-07-25T18:24:34","modified_gmt":"2021-07-25T16:24:34","slug":"napsat-se-to-muze-ale-verit-se-tomu-nemusi","status":"publish","type":"post","link":"https:\/\/www.infokuryr.cz\/n\/2021\/07\/25\/napsat-se-to-muze-ale-verit-se-tomu-nemusi\/","title":{"rendered":"Napsat se to m\u016f\u017ee, ale v\u011b\u0159it se tomu nemus\u00ed"},"content":{"rendered":"<div id=\"fb-root\"><\/div>\n<p>VZP jako nejv\u011bt\u0161\u00ed zdravotn\u00ed poji\u0161\u0165ovna v \u010cR je \u00fadajn\u011b spoluzodpov\u011bdna za to, \u017ee zvl\u00e1dne n\u00e1ro\u010dnou situaci s pandemi\u00ed COVID-19, stoj\u00ed v \u00favodu let\u00e1\u010dku, kter\u00fd je doru\u010dov\u00e1n do po\u0161tovn\u00edch schr\u00e1nek senior\u016fm a d\u016fchodc\u016fm, kte\u0159\u00ed se dosud nenechali o\u010dkovat. P\u00ed\u0161e se v n\u011bm tak\u00e9, \u017ee o\u010dkov\u00e1n\u00ed je velmi d\u016fle\u017eit\u00e9, nebo\u0165 t\u00edm ochr\u00e1n\u00ed sebe i sv\u00e9 bl\u00edzk\u00e9 okol\u00ed. A v dov\u011btku se prav\u00ed, \u017ee tak spole\u010dn\u011b m\u016f\u017eeme p\u0159isp\u011bt k ochran\u011b sv\u00e9ho zdrav\u00ed a ukon\u010den\u00ed pandemie COVID-19.<\/p>\n<p>P\u011bkn\u011b napsan\u00e9, dob\u0159e se to \u010dte, jen\u017ee to m\u00e1 h\u00e1\u010dek, ne-li h\u00e1\u010dk\u016f hned n\u011bkolik.<\/p>\n<p>P\u0159edn\u011b je t\u0159eba vz\u00edt v \u00favahu, \u017ee o\u010dkov\u00e1n\u00ed je dobrovoln\u00e9 a \u010dinit jak\u00fdkoliv n\u00e1tlak na ty, kte\u0159\u00ed se necht\u011bj\u00ed, \u010di odm\u00edtaj\u00ed o\u010dkovat z jak\u00fdchkoliv d\u016fvod\u016f je nep\u0159\u00edpustn\u00fd, nez\u00e1konn\u00fd, trestuhodn\u00fd. Politici i zdravotn\u00ed poji\u0161\u0165ovny maj\u00ed nepochybn\u011b n\u011bjak\u00e9 motivovan\u00e9 zad\u00e1n\u00ed a \u201etla\u010d\u00ed na pilu\u201c a p\u0159esto, \u017ee c\u00edle jsou z obecn\u00e9ho pohledu vysoce hum\u00e1nn\u00ed, nelze stran o\u010dkov\u00e1n\u00ed, v\u0161emu zcela v\u011b\u0159it.<\/p>\n<p>Tak nap\u0159. konstatov\u00e1n\u00ed, \u017ee pokud se nech\u00e1me o\u010dkovat, m\u016f\u017eeme p\u0159isp\u011bt k ochran\u011b sv\u00e9ho zdrav\u00ed a ukon\u010den\u00ed pandemie COVID-19, je zcela irelevantn\u00ed. Jednak naprosto ni\u010d\u00edm nen\u00ed d\u00e1na z\u00e1ruka, \u017ee o\u010dkov\u00e1n\u00edm ochr\u00e1n\u00edme sv\u00e9 zdrav\u00ed a naprosto zcestn\u00e9 a nepravdiv\u00e9 je, \u017ee t\u00edm p\u0159isp\u011bjeme k ukon\u010den\u00ed pandemie COVID-19. Oba d\u016fvody lze dolo\u017eit fakty, \u017ee ti o\u010dkovan\u00ed byli znovu nejen naka\u017eeni, byli dokonce znovu na COVID-19 hospitalizov\u00e1ni! O\u010dkovan\u00ed toti\u017e mohou b\u00fdt nositeli viru, ani\u017e v\u016fbec onemocn\u00ed, tud\u00ed\u017e jsou sv\u00e9mu okol\u00ed stejn\u011b nebezpe\u010dn\u00ed, jako ti neo\u010dkovan\u00ed!<\/p>\n<p>A konstatov\u00e1n\u00ed konce COVIDU-19 d\u00edky tomu, \u017ee podstoup\u00edme o\u010dkov\u00e1n\u00ed je bohu\u017eel natolik nezodpov\u011bdn\u00e9, \u017ee to lze pova\u017eovat za popla\u0161nou zpr\u00e1vu, nebo dokonce za \u201ehoax\u201c! COVID-19.<\/p>\n<p>Pokud n\u00e1hodou p\u0159ece jen COVID-19 skon\u010d\u00ed, vyskytne se v podob\u011b n\u011bjak\u00e9 dal\u0161\u00ed mutace. Jin\u00fdmi slovy, nebude-li COVID-19, bude to zase n\u011bco, co bude jeho pokra\u010dovatelem. Nikdo si nem\u016f\u017ee b\u00fdt jist\u00fd, \u017ee ze situace, kterou dnes pro\u017e\u00edv\u00e1me se v\u016fbec kdy dostaneme, proto\u017ee nemus\u00ed b\u00fdt COVID-19, ale m\u016f\u017ee to b\u00fdt n\u011bco jin\u00e9ho, co n\u00e1m bude stejn\u011b jako COVID-19 komplikovat na\u0161e \u017eivoty.<br \/>\nVZP ve sv\u00e9m let\u00e1\u010dku tak\u00e9 uji\u0161\u0165uje seniory a d\u016fchodce, \u017ee o\u010dkov\u00e1n\u00ed proti nemoci COVID-19 je bezpe\u010dn\u00e9 a ov\u011b\u0159en\u00e9.<\/p>\n<p>V\u0161echny o\u010dkovac\u00ed l\u00e1tky pro\u0161ly p\u0159\u00edsn\u00fdm testov\u00e1n\u00edm s des\u00edtkami tis\u00edc dobrovoln\u00edk\u016f a jsou schv\u00e1len\u00e9 EMA, tedy Evropskou agenturou pro l\u00e9\u010div\u00e9 p\u0159\u00edpravky i na\u0161\u00edm St\u00e1tn\u00ednm \u00fastavem pro kontrolu l\u00e9\u010div! Pokud by n\u011bco takov\u00e9ho napsal n\u011bjak\u00fd oby\u010dejn\u00fd \u010dlov\u011bk, asi by byl pova\u017eov\u00e1n v lep\u0161\u00edm p\u0159\u00edpad\u011b za naivku, v hor\u0161\u00edm za hlup\u00e1ka. Chce snad VZP seniory uklidnit t\u00edm, \u017ee vakc\u00edny schv\u00e1lila EMA? Je toti\u017e smutn\u00e9 kdy\u017e si uv\u011bdom\u00edme, \u017ee odp\u016frci o\u010dkov\u00e1n\u00ed jako d\u016fvody uv\u00e1d\u011bj\u00ed pr\u00e1v\u011b ot\u00e1zku vzniku kvality vakc\u00edn, jejich kr\u00e1tkou dobu prov\u011b\u0159ov\u00e1n\u00ed a testov\u00e1n\u00ed, nebo\u0165 byly de facto vyvinut cca za necel\u00fd rok, v\u010detn\u011b \u00fadajn\u00fdch test\u016f.<\/p>\n<p>P\u0159esto politici a tak\u00e9 poji\u0161\u0165ovny budou tvrdit, \u017ee vakc\u00edny pro\u0161ly n\u00e1ro\u010dn\u00fdmi zkou\u0161kami, dokonce \u017ee je testovaly desetitis\u00edce dobrovoln\u00edk\u016f. Vakc\u00edny jsou bezpe\u010dn\u00e9, pokud nejsou aplikov\u00e1ny a jsou rovn\u011b\u017e ov\u011b\u0159en\u00e9, nebo\u0165 bylo zji\u0161t\u011bno nem\u00e1lo v\u00e1\u017en\u00fdch p\u0159\u00edpad\u016f vedlej\u0161\u00edch \u00fa\u010dink\u016f, dokonce s n\u00e1sledky \u00famrt\u00ed apod. Pro\u010d nejsou uvedeny fakta nap\u0159., \u017ee n\u011bkter\u00e9 st\u00e1ty pozastavily aplikaci vakc\u00edny AstraZeneca, \u017ee probl\u00e9my byly zji\u0161t\u011bny u vakc\u00edn Johnson and Johnson nebo u Moderny apod. O tom nen\u00ed v l\u00e9t\u00e1\u010dku VZP ani slov\u00ed\u010dko! Mysl\u00ed si snad VZP, \u017ee se k lidem nedostaly tyto informace?<\/p>\n<p>Maj\u00ed seniory a d\u016fchodce za m\u00e9n\u011b ch\u00e1pav\u00e9, kdy\u017e jim p\u0159edkl\u00e1daj\u00ed n\u011bco, co nen\u00ed v samotn\u00e9m principu pravda?Aprotp\u00f3, zat\u00edmco vakc\u00edny Made in USA byly Evropskou agenturou pro l\u00e9\u010div\u00e9 p\u0159\u00edpravky schv\u00e1leny (asi ve zkr\u00e1cen\u00e9m \u0159\u00edzen\u00ed!!!) za velmi enormn\u011b kr\u00e1tkou dobu, ruskou vakcinu Sputnik V atestuj\u00ed a prov\u011b\u0159uj\u00ed za \u00fa\u010delem jej\u00edho schv\u00e1len\u00ed ji\u017e p\u016fl roku! Pro\u010d se VZP nezasad\u00ed o jej\u00ed urychlen\u00e9 schv\u00e1len\u00ed? \u0158ada senior\u016f., m\u00e1-li se nechat o\u010dkovat, pak jedin\u011b vakcinou Sputnik V!<\/p>\n<p>Nakonec je\u0161t\u011b pozoruhodn\u00e1 pozn\u00e1mka pro \u201enatvrdl\u00e9\u201c a asi tak\u00e9 hloup\u00e9 seniory. VZP v let\u00e1\u010dku pou\u017eila jako p\u0159\u00edm\u011br kvality vakc\u00edny k o\u010dkov\u00e1n\u00ed t\u00edm, \u017ee \u010ceskoslovensko (notabene komunistick\u00e9) bylo prvn\u00ed zem\u00ed sv\u011bta, kter\u00e1 d\u00edky o\u010dkov\u00e1n\u00ed vym\u00fdtila d\u011btskou obrnu! Tak to je pro seniory, kte\u0159\u00ed tu dobu pro\u017eili, skute\u010dn\u00e1 bomba ! Zat\u00edmco ve \u0161kol\u00e1ch zav\u00e1d\u00ed inkluzi, d\u011btem tlu\u010dou do hlavy genderismus a r\u016fznost pohlav\u00ed, senior\u016fm se p\u0159ipom\u00edn\u00e1, jak se za socialismu bojovalo s d\u011btskou obrnou, sp\u00e1lou, plan\u00fdmi ne\u0161tovicemi, zard\u011bnkami atd.<\/p>\n<p>Velmi trapn\u00e9 zvl\u00e1\u0161t\u011b kdy\u017e VZP zapom\u00edn\u00e1 jednu podstatnou skute\u010dnost, \u017ee to nebyly vakc\u00edny americk\u00e9, ale vakc\u00edny vyvinut\u00e9 \u010deskoslovensk\u00fdmi lidmi, v\u00fdzkumn\u00edky, v\u011bdci, l\u00e9ka\u0159i a pracovn\u00edky, \u017ee to byly vakc\u00edny \u00fasp\u011b\u0161n\u00e9, kter\u00e9 dok\u00e1zaly \u0159adu nemoc\u00ed skute\u010dn\u011b kdy\u017e ne zcela vym\u00fdtit, tak do zna\u010dn\u00e9 m\u00edry eliminovat. N\u011bco takov\u00e9ho ze strany VZP p\u0159irovn\u00e1vat s o\u010dkov\u00e1n\u00edm proti COVIDU-19 je tedy opravdu velk\u00e1 troufalost, ne-li hloupost! Je tedy ot\u00e1zka, kolik senior\u016f d\u00e1 \u201ena rady sv\u00e9 VZP\u201c a nech\u00e1 se o\u010dkovat, nebo budou d\u00e1l \u010dekat na Sputnika V.!<\/p>\n<p>Ji\u0159\u00ed B a \u0165 a , 24. \u010dervence 2021<\/p>\n<p><img decoding=\"async\" loading=\"lazy\" class=\"alignnone  wp-image-1539\" src=\"http:\/\/www.infokuryr.cz\/n\/wp-content\/uploads\/2021\/05\/jiri-bata-225x300.jpg\" alt=\"\" width=\"165\" height=\"220\" srcset=\"https:\/\/www.infokuryr.cz\/n\/wp-content\/uploads\/2021\/05\/jiri-bata-225x300.jpg 225w, https:\/\/www.infokuryr.cz\/n\/wp-content\/uploads\/2021\/05\/jiri-bata.jpg 280w\" sizes=\"(max-width: 165px) 100vw, 165px\" \/><\/p>\n<p>&nbsp;<\/p>\n<p>&nbsp;<\/p>\n","protected":false},"excerpt":{"rendered":"<p>VZP jako nejv\u011bt\u0161\u00ed zdravotn\u00ed poji\u0161\u0165ovna v \u010cR je \u00fadajn\u011b spoluzodpov\u011bdna za to, \u017ee zvl\u00e1dne n\u00e1ro\u010dnou&#8230;<\/p>\n","protected":false},"author":2,"featured_media":3283,"comment_status":"closed","ping_status":"closed","sticky":false,"template":"","format":"standard","meta":[],"categories":[6],"tags":[28,29,213,942],"_links":{"self":[{"href":"https:\/\/www.infokuryr.cz\/n\/wp-json\/wp\/v2\/posts\/3572"}],"collection":[{"href":"https:\/\/www.infokuryr.cz\/n\/wp-json\/wp\/v2\/posts"}],"about":[{"href":"https:\/\/www.infokuryr.cz\/n\/wp-json\/wp\/v2\/types\/post"}],"author":[{"embeddable":true,"href":"https:\/\/www.infokuryr.cz\/n\/wp-json\/wp\/v2\/users\/2"}],"replies":[{"embeddable":true,"href":"https:\/\/www.infokuryr.cz\/n\/wp-json\/wp\/v2\/comments?post=3572"}],"version-history":[{"count":0,"href":"https:\/\/www.infokuryr.cz\/n\/wp-json\/wp\/v2\/posts\/3572\/revisions"}],"wp:featuredmedia":[{"embeddable":true,"href":"https:\/\/www.infokuryr.cz\/n\/wp-json\/wp\/v2\/media\/3283"}],"wp:attachment":[{"href":"https:\/\/www.infokuryr.cz\/n\/wp-json\/wp\/v2\/media?parent=3572"}],"wp:term":[{"taxonomy":"category","embeddable":true,"href":"https:\/\/www.infokuryr.cz\/n\/wp-json\/wp\/v2\/categories?post=3572"},{"taxonomy":"post_tag","embeddable":true,"href":"https:\/\/www.infokuryr.cz\/n\/wp-json\/wp\/v2\/tags?post=3572"}],"curies":[{"name":"wp","href":"https:\/\/api.w.org\/{rel}","templated":true}]}}