{"id":3563,"date":"2021-07-25T04:37:09","date_gmt":"2021-07-25T02:37:09","guid":{"rendered":"http:\/\/www.infokuryr.cz\/n\/?p=3563"},"modified":"2021-07-25T04:37:09","modified_gmt":"2021-07-25T02:37:09","slug":"zatkne-policie-vojtecha-za-poplasnou-zpravu-ze-olympionicka-skoro-umira-a-je-pripojena-na-pristrojich","status":"publish","type":"post","link":"https:\/\/www.infokuryr.cz\/n\/2021\/07\/25\/zatkne-policie-vojtecha-za-poplasnou-zpravu-ze-olympionicka-skoro-umira-a-je-pripojena-na-pristrojich\/","title":{"rendered":"Zatkne policie Vojt\u011bcha za popla\u0161nou zpr\u00e1vu, \u017ee olympioni\u010dka skoro um\u00edr\u00e1 a je p\u0159ipojena na p\u0159\u00edstroj\u00edch?"},"content":{"rendered":"<div id=\"fb-root\"><\/div>\n<div class=\"img-fulltext-left\">\n<div class=\"img_caption none\">\n<p class=\"img_caption\"><strong>Nepr\u016fst\u0159eln\u00fd (zat\u00edm) ministr&#8230;<\/strong><\/p>\n<\/div>\n<\/div>\n<div>\n<p class=\"font-extrabold text-xl md:text-3xl lg:text-4xl lg:text-4xl\">Olympioni\u010dka je na kysl\u00edku, tvrdil Vojt\u011bch. Vyd\u011bsil mili\u00f3ny lid\u00ed! A tomu lotrovi to projde, zat\u00edmco jin\u00e9, co sd\u00edlej\u00ed neov\u011b\u0159en\u00e9 informace, policie vy\u0161et\u0159uje? Kdo kryje Vojt\u011bchovi z\u00e1da?<\/p>\n<p><strong>Je norm\u00e1ln\u00ed, aby byl ministr za ANO mimo z\u00e1kon a v\u0161echny zlo\u010diny mu proch\u00e1zely?<\/strong><\/p>\n<p>Sta\u010d\u00ed si polo\u017eit na misky vah covidov\u00e9 teroristy a ty, co p\u0159edkl\u00e1daj\u00ed jasn\u00e9 d\u016fvody, pro\u010d se odm\u00edtaj\u00ed o\u010dkovat.<\/p>\n<table>\n<tbody>\n<tr>\n<td><strong>Ministr zdravotnictv\u00ed Adam Vojt\u011bch (za ANO)<\/strong>\u00a0ve \u010dtvrtek v televizi Nova tvrdil, \u017ee jedna ze sportovky\u0148 m\u00e1 dokonce t\u011b\u017e\u0161\u00ed pr\u016fb\u011bh a skon\u010dila v nemocnici na kysl\u00edku.<\/p>\n<p>Jedinou \u017eenou, u kter\u00e9 byla n\u00e1kaza potvrzena, je ale Mark\u00e9ta Nausch Slukov\u00e1 a ta je podle dostupn\u00fdch informac\u00ed na hotelu v povinn\u00e9 karant\u00e9n\u011b.<\/p>\n<p><b>Vojt\u011bch pr\u00fd pracoval s ve\u0159ejnou informac\u00ed, kter\u00e1 pr\u00fd zazn\u011bla ve vys\u00edl\u00e1n\u00ed \u010cesk\u00e9ho rozhlasu a pouze ji tlumo\u010dil.<\/b><\/p>\n<p>Mluv\u010d\u00ed \u010cesk\u00e9ho rozhlasu Ji\u0159\u00ed Ho\u0161na pop\u0159el, \u017ee by ve vys\u00edl\u00e1n\u00ed zazn\u011bla informace, kterou uvedl ministr Vojt\u011bch. &#8222;Ve vys\u00edl\u00e1n\u00ed Radio\u017eurn\u00e1lu ani Radio\u017eurn\u00e1lu sport nezazn\u011blo, \u017ee by m\u011bla Mark\u00e9ta Slukov\u00e1 t\u011b\u017e\u0161\u00ed pr\u016fb\u011bh nebo \u017ee by byla dokonce hospitalizov\u00e1na!<\/p>\n<p><strong>Kde je policie, kter\u00e1 zatkne ministra Vojt\u011bcha za popla\u0161nou zpr\u00e1vu?<\/strong><\/td>\n<\/tr>\n<\/tbody>\n<\/table>\n<p>Doktorka, kter\u00e1 tvrdila, \u017ee zem\u0159eli d\u016fchodci a \u00fadajn\u011b to p\u0159evzala z fale\u0161n\u00e9ho profilu, byla ud\u00e1na fanatick\u00fdm manipul\u00e1torem Cemperem a nap\u0159\u00ed\u010d covidisty dehonestov\u00e1na.<\/p>\n<p>Ministr Vojt\u011bch m\u016f\u017ee n\u00e1rodu vykl\u00e1dat jak\u00e1koliv zv\u011brstva a zat\u00edm policie nekon\u00e1.<\/p>\n<p>Jak je to mo\u017en\u00e9?<\/p>\n<p><strong>Nejsme si v\u0161ichni p\u0159ed z\u00e1konem rovni?<\/strong><\/p>\n<p><strong>Babi\u0161i, nejen Jourov\u00e1, Schillerov\u00e1, ale i Vojt\u011bch je va\u0161\u00ed vizitkou \u0161p\u00edny. A hradba ml\u010den\u00ed? Zu\u0159ivost podveden\u00fdch slu\u0161n\u00fdch lid\u00ed stoup\u00e1 a policie sama u\u017e toho m\u00e1 dost! Jak dlouho je\u0161t\u011b budete terorizovat ob\u010dany?<\/strong><\/p>\n<\/div>\n<p><img decoding=\"async\" src=\"https:\/\/www.skrytapravda.cz\/images\/covid\/Nezakonna-opatreni.jpg\" alt=\"\" \/><\/p>\n<p><a href=\"https:\/\/www.skrytapravda.cz\/domaci\/4151-zatkne-policie-vojtecha-za-poplasnou-zpravu-ze-olympionicka-skoro-umira-a-je-pripojena-na-pristrojich\">ZDROJ<\/a><\/p>\n<p>&nbsp;<\/p>\n","protected":false},"excerpt":{"rendered":"<p>Nepr\u016fst\u0159eln\u00fd (zat\u00edm) ministr&#8230; Olympioni\u010dka je na kysl\u00edku, tvrdil Vojt\u011bch. Vyd\u011bsil mili\u00f3ny lid\u00ed! A tomu lotrovi&#8230;<\/p>\n","protected":false},"author":2,"featured_media":2065,"comment_status":"closed","ping_status":"closed","sticky":false,"template":"","format":"standard","meta":[],"categories":[6],"tags":[28,788,483],"_links":{"self":[{"href":"https:\/\/www.infokuryr.cz\/n\/wp-json\/wp\/v2\/posts\/3563"}],"collection":[{"href":"https:\/\/www.infokuryr.cz\/n\/wp-json\/wp\/v2\/posts"}],"about":[{"href":"https:\/\/www.infokuryr.cz\/n\/wp-json\/wp\/v2\/types\/post"}],"author":[{"embeddable":true,"href":"https:\/\/www.infokuryr.cz\/n\/wp-json\/wp\/v2\/users\/2"}],"replies":[{"embeddable":true,"href":"https:\/\/www.infokuryr.cz\/n\/wp-json\/wp\/v2\/comments?post=3563"}],"version-history":[{"count":0,"href":"https:\/\/www.infokuryr.cz\/n\/wp-json\/wp\/v2\/posts\/3563\/revisions"}],"wp:featuredmedia":[{"embeddable":true,"href":"https:\/\/www.infokuryr.cz\/n\/wp-json\/wp\/v2\/media\/2065"}],"wp:attachment":[{"href":"https:\/\/www.infokuryr.cz\/n\/wp-json\/wp\/v2\/media?parent=3563"}],"wp:term":[{"taxonomy":"category","embeddable":true,"href":"https:\/\/www.infokuryr.cz\/n\/wp-json\/wp\/v2\/categories?post=3563"},{"taxonomy":"post_tag","embeddable":true,"href":"https:\/\/www.infokuryr.cz\/n\/wp-json\/wp\/v2\/tags?post=3563"}],"curies":[{"name":"wp","href":"https:\/\/api.w.org\/{rel}","templated":true}]}}