{"id":35628,"date":"2023-09-06T06:47:05","date_gmt":"2023-09-06T04:47:05","guid":{"rendered":"http:\/\/www.infokuryr.cz\/n\/?p=35628"},"modified":"2023-09-06T06:47:05","modified_gmt":"2023-09-06T04:47:05","slug":"americky-soudce-vynesl-dosud-nejdelsi-trest-za-nepokoje-v-kapitolu","status":"publish","type":"post","link":"https:\/\/www.infokuryr.cz\/n\/2023\/09\/06\/americky-soudce-vynesl-dosud-nejdelsi-trest-za-nepokoje-v-kapitolu\/","title":{"rendered":"Americk\u00fd soudce vynesl dosud nejdel\u0161\u00ed trest za nepokoje v Kapitolu"},"content":{"rendered":"<div id=\"fb-root\"><\/div>\n<p><span style=\"font-size: 18pt;\"><strong>B\u00fdval\u00fd v\u016fdce Proud Boys Enrique Tarrio dostal 22 let v\u011bzen\u00ed za pobu\u0159uj\u00edc\u00ed spiknut\u00ed<\/strong><\/span><\/p>\n<p><span>Enrique Tarrio, b\u00fdval\u00fd v\u016fdce pravicov\u00e9 aktivistick\u00e9 skupiny Proud Boys, byl odsouzen na 22 let do feder\u00e1ln\u00edho v\u011bzen\u00ed za svou roli p\u0159i organizov\u00e1n\u00ed nepokoj\u016f v Kapitolu v lednu 2021, kter\u00e9 m\u011bly naru\u0161it kongresovou certifikaci volebn\u00edho v\u00edt\u011bzstv\u00ed prezidenta Joea Bidena.<\/span><\/p>\n<p><span>Soudce americk\u00e9ho okresn\u00edho soudu Timothy Kelly vynesl rozsudek v \u00fater\u00fd ve Washingtonu, co\u017e je zat\u00edm nejdel\u0161\u00ed trest odn\u011bt\u00ed svobody mezi v\u00edce ne\u017e 1100 p\u0159\u00edpady nepokoj\u016f v Kapitolu.\u00a0Tarri\u016fv dlouh\u00fd trest za pobu\u0159uj\u00edc\u00ed spiknut\u00ed odr\u00e1\u017eel zji\u0161t\u011bn\u00ed soudce, \u017ee se dopustil teroristick\u00e9ho \u010dinu, p\u0159esto\u017ee v den nepokoj\u016f nebyl ve Washingtonu.<\/span><\/p>\n<p><em><span>&#8222;Nejsem politick\u00fd fanatik,&#8220;<\/span><\/em><span>\u00a0\u0159ekl Tarrio Kellymu na sv\u00e9m sly\u0161en\u00ed.\u00a0<\/span><em><span>\u201eUbl\u00ed\u017eit nebo zm\u011bnit v\u00fdsledky voleb nebylo m\u00fdm c\u00edlem.\u00a0Pros\u00edm, uka\u017e mi milost.\u00a0\u017d\u00e1d\u00e1m t\u011b, abys mi nebral m\u00fdch 40 let.&#8220;<\/span><\/em><\/p>\n<p><span>Tarrio byl b\u011bhem prolomen\u00ed Kapitolu v hotelov\u00e9m pokoji v Baltimoru, asi 40 mil od Washingtonu.\u00a0Byl pod soudn\u00edm p\u0159\u00edkazem z\u016fstat mimo m\u011bsto v souvislosti s nesouvisej\u00edc\u00edm zat\u010den\u00edm dva dny p\u0159ed nepokoji.<\/span><\/p>\n<div class=\"read-more large read-more__right\" data-has-alias=\"\"><img decoding=\"async\" loading=\"lazy\" class=\"wp-image-33819 aligncenter\" src=\"http:\/\/www.infokuryr.cz\/n\/wp-content\/uploads\/2023\/08\/ces1-300x157.jpg\" alt=\"\" width=\"1370\" height=\"717\" srcset=\"https:\/\/www.infokuryr.cz\/n\/wp-content\/uploads\/2023\/08\/ces1-300x157.jpg 300w, https:\/\/www.infokuryr.cz\/n\/wp-content\/uploads\/2023\/08\/ces1-1024x536.jpg 1024w, https:\/\/www.infokuryr.cz\/n\/wp-content\/uploads\/2023\/08\/ces1-768x402.jpg 768w, https:\/\/www.infokuryr.cz\/n\/wp-content\/uploads\/2023\/08\/ces1.jpg 1200w\" sizes=\"(max-width: 1370px) 100vw, 1370px\" \/><\/div>\n<p><span>\u017dalobci, kte\u0159\u00ed po\u017eadovali 33let\u00fd trest v\u011bzen\u00ed, tvrdili, \u017ee Tarrio byl v\u016fdcem spiknut\u00ed s c\u00edlem zastavit p\u0159ed\u00e1n\u00ed moci na Bidena od tehdej\u0161\u00edho prezidenta Donalda Trumpa.\u00a0Ze sv\u00e9ho hotelov\u00e9ho pokoje pos\u00edlal zpr\u00e1vy, kter\u00e9 povzbuzovaly \u010dleny Proud Boys, kte\u0159\u00ed se \u00fa\u010dastnili nepokoj\u016f.<\/span><\/p>\n<p><span>Des\u00edtky Proud Boys byly st\u00edh\u00e1ny za svou \u00fadajnou roli p\u0159i prolomen\u00ed Capitolu.\u00a0T\u0159i dal\u0161\u00ed \u010dlenov\u00e9 skupiny byli usv\u011bd\u010deni z pobu\u0159uj\u00edc\u00edho spiknut\u00ed a byli odsouzeni k trest\u016fm odn\u011bt\u00ed svobody v rozmez\u00ed od 15 do 18 let.\u00a0Stewart Rhodes, p\u0159edseda dal\u0161\u00ed aktivistick\u00e9 skupiny, Oath Keepers, byl tak\u00e9 odsouzen k 18 let\u016fm, co\u017e byl d\u0159\u00edve nejdel\u0161\u00ed trest odn\u011bt\u00ed svobody za odsouzen\u00ed za nepokoje.<\/span><\/p>\n<p><span>Republik\u00e1n\u0161t\u00ed z\u00e1konod\u00e1rci obvinili Bidenovu administrativu z vytvo\u0159en\u00ed\u00a0<\/span><em><span>\u201edvoustup\u0148ov\u00e9ho\u201c<\/span><\/em><span>\u00a0soudn\u00edho syst\u00e9mu, kter\u00fd tvrd\u011b trest\u00e1 Trumpovy p\u0159\u00edznivce obvin\u011bn\u00e9 z poru\u0161en\u00ed Kapitolu a propu\u0161t\u011bn\u00ed levicov\u00fdch aktivist\u016f zapojen\u00fdch do nepokoj\u016f Black Lives Matter v roce 2020, kter\u00e9 zap\u00e1lily m\u011bsta a vy\u00fastily v des\u00edtky \u00famrt\u00ed.\u00a0Pr\u016fzkum z minul\u00e9ho roku uk\u00e1zal, \u017ee 79 % americk\u00fdch voli\u010d\u016f v\u011b\u0159\u00ed, \u017ee n\u00e1rod m\u00e1\u00a0<\/span><em><span>\u201ejeden soubor z\u00e1kon\u016f pro politiky a Washington, DC, zasv\u011bcen\u00e9 vs. jeden soubor z\u00e1kon\u016f pro b\u011b\u017en\u00e9 Ameri\u010dany\u201c.<\/span><\/em><\/p>\n<p><span>Trump byl 13. ledna 2021 ob\u017ealov\u00e1n Sn\u011bmovnou reprezentant\u016f ovl\u00e1danou demokraty za jeho \u00fadajnou roli p\u0159i organizov\u00e1n\u00ed nepokoj\u016f.\u00a0Odm\u00edtl jak\u00e9koli pochyben\u00ed a trval na tom, \u017ee obvin\u011bn\u00ed byla politicky motivovan\u00e1.\u00a0Trump z\u00e1rove\u0148 nad\u00e1le tvrd\u00ed, \u017ee volby v roce 2020 skute\u010dn\u011b vyhr\u00e1l, ale v\u00edt\u011bzstv\u00ed\u00a0mu bylo\u00a0<\/span><em><span>\u201eukraden\u00e9\u201c .<\/span><\/em><\/p>\n<p><img decoding=\"async\" loading=\"lazy\" class=\"alignnone size-full wp-image-1185\" src=\"http:\/\/www.infokuryr.cz\/n\/wp-content\/uploads\/2021\/04\/kuryr-podpis.png\" alt=\"\" width=\"84\" height=\"24\" \/><\/p>\n<p>&nbsp;<\/p>\n<p><a href=\"https:\/\/stranapro.cz\/\"><img decoding=\"async\" loading=\"lazy\" class=\"wp-image-30218 aligncenter\" src=\"http:\/\/www.infokuryr.cz\/n\/wp-content\/uploads\/2023\/06\/PRO-banner-300x36.png\" alt=\"\" width=\"1367\" height=\"164\" srcset=\"https:\/\/www.infokuryr.cz\/n\/wp-content\/uploads\/2023\/06\/PRO-banner-300x36.png 300w, https:\/\/www.infokuryr.cz\/n\/wp-content\/uploads\/2023\/06\/PRO-banner-768x93.png 768w, https:\/\/www.infokuryr.cz\/n\/wp-content\/uploads\/2023\/06\/PRO-banner.png 849w\" sizes=\"(max-width: 1367px) 100vw, 1367px\" \/><\/a><\/p>\n<p>&nbsp;<\/p>\n<p>&nbsp;<\/p>\n<p>&nbsp;<\/p>\n","protected":false},"excerpt":{"rendered":"<p>B\u00fdval\u00fd v\u016fdce Proud Boys Enrique Tarrio dostal 22 let v\u011bzen\u00ed za pobu\u0159uj\u00edc\u00ed spiknut\u00ed Enrique Tarrio,&#8230;<\/p>\n","protected":false},"author":2,"featured_media":35629,"comment_status":"closed","ping_status":"closed","sticky":false,"template":"","format":"standard","meta":[],"categories":[7],"tags":[1675,815,520,37],"_links":{"self":[{"href":"https:\/\/www.infokuryr.cz\/n\/wp-json\/wp\/v2\/posts\/35628"}],"collection":[{"href":"https:\/\/www.infokuryr.cz\/n\/wp-json\/wp\/v2\/posts"}],"about":[{"href":"https:\/\/www.infokuryr.cz\/n\/wp-json\/wp\/v2\/types\/post"}],"author":[{"embeddable":true,"href":"https:\/\/www.infokuryr.cz\/n\/wp-json\/wp\/v2\/users\/2"}],"replies":[{"embeddable":true,"href":"https:\/\/www.infokuryr.cz\/n\/wp-json\/wp\/v2\/comments?post=35628"}],"version-history":[{"count":0,"href":"https:\/\/www.infokuryr.cz\/n\/wp-json\/wp\/v2\/posts\/35628\/revisions"}],"wp:featuredmedia":[{"embeddable":true,"href":"https:\/\/www.infokuryr.cz\/n\/wp-json\/wp\/v2\/media\/35629"}],"wp:attachment":[{"href":"https:\/\/www.infokuryr.cz\/n\/wp-json\/wp\/v2\/media?parent=35628"}],"wp:term":[{"taxonomy":"category","embeddable":true,"href":"https:\/\/www.infokuryr.cz\/n\/wp-json\/wp\/v2\/categories?post=35628"},{"taxonomy":"post_tag","embeddable":true,"href":"https:\/\/www.infokuryr.cz\/n\/wp-json\/wp\/v2\/tags?post=35628"}],"curies":[{"name":"wp","href":"https:\/\/api.w.org\/{rel}","templated":true}]}}