{"id":35613,"date":"2023-09-06T01:18:30","date_gmt":"2023-09-05T23:18:30","guid":{"rendered":"http:\/\/www.infokuryr.cz\/n\/?p=35613"},"modified":"2023-09-05T19:17:34","modified_gmt":"2023-09-05T17:17:34","slug":"jindrich-kulhavy-kdyz-prezijeme-tuto-vladu","status":"publish","type":"post","link":"https:\/\/www.infokuryr.cz\/n\/2023\/09\/06\/jindrich-kulhavy-kdyz-prezijeme-tuto-vladu\/","title":{"rendered":"Jind\u0159ich Kulhav\u00fd: Kdy\u017e p\u0159e\u017eijeme tuto vl\u00e1du\u2026"},"content":{"rendered":"<div id=\"fb-root\"><\/div>\n<p><span class=\"anotation\">\u2026zvl\u00e1dneme v\u0161e. Vycestoval li d\u0159\u00edve ob\u010dan \u010cesk\u00e9 republiky do zahrani\u010d\u00ed, \u0159\u00edkal si, jak dob\u0159e se u n\u00e1s \u017eije. Tedy aspo\u0148 co se t\u00fdk\u00e1 \u017eivotn\u00edch n\u00e1klad\u016f. To, kam n\u00e1s dovedla nejlep\u0161\u00ed vl\u00e1da Petra Fialy, je doslova alarmuj\u00edc\u00ed. Kdy\u017e u\u017e se n\u00e1m zd\u00e1 b\u00fdt levn\u011b i v\u00a0N\u011bmecku \u010di Francii, znamen\u00e1 to, \u017ee se z\u00a0na\u0161\u00ed zem\u011b stal vzor drahoty.<\/span><\/p>\n<div id=\"pagetext\">\n<p>\u00a0 \u0160patn\u00e1 ekonomick\u00e1 situace vznik\u00e1 pl\u00ed\u017eiv\u011b u\u017e dlouho. Dokud tu m\u011bli politici co rozprod\u00e1vat, da\u0159ilo se jim v\u00a0ur\u010dit\u00e9 m\u00ed\u0159e udr\u017eovat ceny na \u00fanosn\u00e9 m\u00ed\u0159e. Bohu\u017eel jsme z\u00e1hy ztratili v\u00fdhodu, kter\u00e1 byla nastartov\u00e1na za cenu potla\u010den\u00e9 obdoby Majdanu u\u017e v\u00a0roce 1968, kdy se konzervativn\u00ed komunist\u00e9 udr\u017eeli u moci za cenu pozv\u00e1n\u00ed vojsk Var\u0161avsk\u00e9 smlouvy. To byla ur\u010dit\u00e1 a v\u00fdrazn\u00e1 ka\u0148ka na n\u00e1sledn\u00e9 normalizaci, ne v\u0161ak jedin\u00e1. Nicm\u00e9n\u011b KS\u010c dok\u00e1zala udr\u017eet \u010cSSR na \u0161pici ve V\u00fdchodn\u00edm bloku a po roku 1989 p\u0159edala p\u0159i Majdanu 2 st\u00e1t v\u00a0relativn\u011b dobr\u00e9 ekonomick\u00e9 kondici. Bohu\u017eel z\u00e1padn\u00edch sup\u016f p\u0159ipraven\u00fdch n\u00e1s roztrhat na minisegmenty \u010dekalo hodn\u011b a s\u00a0nimi spolupracuj\u00edc\u00edch kolaborant\u016f se objevilo v\u00a0politice nadm\u00edru. V\u0161e dorazila privatizace, jej\u00ed\u017e p\u016fvodn\u00ed \u00famysl byl mo\u017en\u00e1 dobr\u00fd, ale \u010ce\u0161i nebyli nau\u010deni budovat n\u011bco sv\u00e9ho, tak\u017ee v\u0161e prodali. A\u017e na v\u00fdjimky. \u010cesk\u00fd pr\u016fmysl p\u0159estal existovat, pokud tu n\u011bco z\u016fstalo, je to Ital\u016f, N\u011bmc\u016f, \u010di Francouz\u016f, p\u0159\u00edpadn\u011b nad t\u00edm vl\u00e1dne Black Rock \u010di nadn\u00e1rodn\u00ed koncerny. A proto\u017ee se \u010dasto dr\u017eeli hesla nakup konkurenci a zru\u0161 ji, zaniklo mnohem v\u00edce firem, ne\u017e jich n\u011bjak v\u00a0ciz\u00edch ruk\u00e1ch vzkv\u00e9talo.<\/p>\n<p>P\u0159esto \u010ce\u0161i dlouho \u017eili v\u00a0ur\u010dit\u00e9 iluzi, \u017ee jsme st\u00e1le jistou \u0161lechtou mezi postsocialistick\u00fdmi pohrobky. Pod\u0159izov\u00e1n\u00ed se Z\u00e1padu zapo\u010dat\u00e9 V\u00e1clavem Havlem nejd\u0159\u00edve p\u0159ekr\u00fdvalo nad\u0161en\u00ed v\u00a0devades\u00e1tk\u00e1ch, kdy \u017eivot vypadal nad\u011bjn\u011b. Rozpadaj\u00edc\u00ed se ekonomiku a jej\u00ed rabov\u00e1n\u00ed jsme si moc nep\u0159ipou\u0161t\u011bli. Iluze se za\u010daly ztr\u00e1cet na p\u0159elomu tis\u00edcilet\u00ed, kdy expanze Ameri\u010dan\u016f za\u010dala sv\u011bt otravovat v\u00edce, ne\u017e jsme si uv\u011bdomovali. Vytvo\u0159en\u00e1 sv\u011btov\u00e1 krize odp\u00e1len\u00edm dvoj\u010dat v\u00a0New Yorku se n\u00e1s zpo\u010d\u00e1tku na prvn\u00ed pohled moc net\u00fdkala, ale nedostatek kvalitn\u00edch politik\u016f se projevil Grossem a \u0160pidlou na p\u0159edsednick\u00e9m postu, ov\u0161em a\u017e pozd\u011bj\u0161\u00ed Topol\u00e1nkovo vl\u00e1da u\u017e mnohem v\u00edce zatloukala h\u0159eby do rakve prosperity. Tento zaprodan\u00fd chachar zapo\u010dal tot\u00e1ln\u00ed z\u00e1vislost na N\u011bmecku a EU. Ne\u010dasova anab\u00e1ze s\u00a0Nagyovou odhalila nahotu ODS a dv\u011b vl\u00e1dy za \u00fa\u010dasti Babi\u0161e u\u017e jen p\u0159ipravovaly um\u00edr\u00e1\u010dek, kter\u00fd nyn\u00ed hraje Petr Fiala. Z\u00a0EU se stala ma\u0161ina na v\u00fdrobu omezuj\u00edc\u00edch sm\u011brnic a Leyenov\u00e1 vstoup\u00ed do an\u00e1l\u016f jako modern\u00ed dikt\u00e1tor vedouc\u00ed dosud suver\u00e9nn\u00ed evropsk\u00e9 st\u00e1ty do jak\u00e9hosi pod\u0159adn\u00e9ho postaven\u00ed str\u00e1daj\u00edc\u00ed nejen v\u00a0kontinent\u00e1ln\u00edm m\u011b\u0159\u00edtku, ale i v\u00a0tom celosv\u011btov\u00e9m. V nov\u011b\u00a0budovan\u00e9m svazu eurounijn\u00edch zem\u00ed se rozhodn\u011b nemaj\u00ed m\u00edt v\u0161ichni stejn\u011b.<\/p>\n<p><img decoding=\"async\" loading=\"lazy\" class=\"wp-image-33819 aligncenter\" src=\"http:\/\/www.infokuryr.cz\/n\/wp-content\/uploads\/2023\/08\/ces1-300x157.jpg\" alt=\"\" width=\"1368\" height=\"716\" srcset=\"https:\/\/www.infokuryr.cz\/n\/wp-content\/uploads\/2023\/08\/ces1-300x157.jpg 300w, https:\/\/www.infokuryr.cz\/n\/wp-content\/uploads\/2023\/08\/ces1-1024x536.jpg 1024w, https:\/\/www.infokuryr.cz\/n\/wp-content\/uploads\/2023\/08\/ces1-768x402.jpg 768w, https:\/\/www.infokuryr.cz\/n\/wp-content\/uploads\/2023\/08\/ces1.jpg 1200w\" sizes=\"(max-width: 1368px) 100vw, 1368px\" \/><\/p>\n<p>\u010cesk\u00e1 republika se v\u00fdvoji pln\u011b pod\u0159\u00eddila a na rozd\u00edl od Ma\u010far\u016f a Pol\u00e1k\u016f se jej\u00ed vl\u00e1dy nevzep\u0159ely dikt\u00e1tu. M\u00edsto aby aspo\u0148 \u010d\u00e1ste\u010dnou licitac\u00ed z\u00edsk\u00e1valy n\u011bjak\u00e9 aspo\u0148 d\u00edl\u010d\u00ed v\u00fdhody, jako jej\u00ed ,,partne\u0159i\u201c z\u00a0Visegr\u00e1dsk\u00e9 \u010dty\u0159ky (Slov\u00e1ci maj\u00ed stejn\u011b tup\u00e9 politiky jako my, jsou tak\u00e9 marn\u00ed), tak \u00fa\u0159edn\u00edci Fialovy vl\u00e1dy udr\u017euj\u00ed pozici podr\u017eta\u0161k\u016f oko\u0159en\u011bnou proukrajinskou hysteri\u00ed. Neschopn\u00fd politolog Fiala neust\u00e1le obhajuje rozklad \u010desk\u00e9 ekonomiky ve jm\u00e9nu budov\u00e1n\u00ed dobr\u00e9 pozice p\u0159i pl\u00e1novan\u00e9m obnovov\u00e1n\u00ed Ukrajiny. Tamn\u00ed ob\u010dan\u00e9 mezit\u00edm plundruj\u00ed n\u00e1\u0161 soci\u00e1ln\u00ed syst\u00e9m. Napadlo V\u00e1s n\u011bkdy si polo\u017eit ot\u00e1zku, kde v\u0161ude bydl\u00ed Ukrajinci, kdy\u017e jich p\u0159i\u0161lo k\u00a0milionu a u\u017e p\u0159ed t\u00edm tu byl nedostatek byt\u016f? A kolika z\u00a0v\u00e1s p\u0159ibyli nep\u0159izp\u016fsobiv\u00ed soused\u00e9 d\u011blaj\u00edc\u00ed nepo\u0159\u00e1dek? Kam se najednou ve\u0161la v\u0161echna ta dal\u0161\u00ed auta maj\u00edc\u00ed UA na esp\u00e9zetk\u00e1ch, kdy\u017e my jsme u\u017e p\u00e1r let parkovali na tr\u00e1vn\u00edc\u00edch?<\/p>\n<p>Odpov\u011b\u010f na ot\u00e1zku, kdo to v\u0161e plat\u00ed, n\u00e1m d\u00e1v\u00e1 pohled do vlastn\u00edch pen\u011b\u017eenek. Obrovsk\u00e1 inflace, poklesl\u00e1 kvalita prod\u00e1van\u00fdch potravin, nejdra\u017e\u0161\u00ed energie a plyn v\u00a0Evrop\u011b, kter\u00e9 atakuj\u00ed i dosud nedosti\u017en\u00e9 zem\u011b. Mohutn\u00e9 nav\u00fd\u0161en\u00ed dan\u00ed a r\u016fzn\u00fdch poplatk\u016f, nedostate\u010dn\u00e1 infrastruktura, idiocie a nepou\u010ditelnost lid\u00ed vol\u00edc\u00edch takov\u00e9 spolky, jak\u00fdmi jsou Pir\u00e1ti, Top09 \u010di STAN, se staly sou\u010dasnou normou. Relax \u010di pracovn\u00ed vyt\u00ed\u017een\u00ed v\u00a0zahrani\u010d\u00ed pot\u00e9 p\u0159in\u00e1\u0161\u00ed mo\u017enost srovn\u00e1n\u00ed s\u00a0realitou. Um\u011ble vytvo\u0159en\u00e1 pandemie covidu a ideologicky pomaten\u00fd Green Deal nastartovaly zm\u011bny. P\u0159edev\u0161\u00edm Evropa zab\u0159edla do marastu a sebedestrukce, ov\u0161em my jsme si toho v\u0161eho nalo\u017eili mnohem v\u00edce. Nejd\u0159\u00edve Babi\u0161, a pot\u00e9 Fiala z\u00a0n\u00e1s ud\u011blali evropskou kasi\u010dku, pozd\u011bji navrtanou je\u0161t\u011b modro\u017elut\u00fdm vrt\u00e1kem. Jsme pape\u017e\u0161t\u011bj\u0161\u00ed ne\u017e pape\u017e s\u00e1m. A to v\u00a0zelen\u00e9 hysterii, kdy pra\u017esk\u00e1 radnice d\u011bkuje za dialog s\u00a0idioty sed\u00edc\u00edmi na silnici, tak i v\u00a0nen\u00e1visti k\u00a0Rusku (na rozd\u00edl od s\u00a0n\u00edm nad\u00e1le spolupracuj\u00edc\u00edho Z\u00e1padu v\u010detn\u011b divadeln\u00edk\u016f z\u00a0USA), tak i v\u00a0podpo\u0159e fa\u0161istick\u00e9ho re\u017eimu v\u00a0Kyjev\u011b.<\/p>\n<p>Kalich ho\u0159kosti si tak dopijeme a\u017e do dna. P\u0159esto tu existuje z\u00e1stup slep\u00fdch lid\u00ed schopn\u00fdch nad\u00e1le obdivovat Fialu, Pekarovou Adamovou \u010di Raku\u0161ana, a ochotn\u00fdch skousnout i to, \u017ee n\u00e1s p\u0159ipravuj\u00ed na jadernou v\u00e1lku. Zeptejte se lid\u00ed, jak se \u017eije jinde. Kdysi zasl\u00edben\u00e9 USA, Kanada, Austr\u00e1lie sice u\u017e nejsou zdaleka tak atraktivn\u00ed destinac\u00ed, ale je plno dal\u0161\u00edch zem\u00ed, kde byste se m\u011bli mnohem l\u00e9pe. Nebo aspo\u0148 levn\u011bji. Z\u00e1pad se bort\u00ed s\u00e1m do sebe, m\u011bn\u00ed se sv\u011btov\u00e9 rozlo\u017een\u00ed sil. Bohu\u017eel, my jsme na \u00fapln\u00e9m dnu, na kter\u00e9 se \u0159\u00edt\u00ed ve\u0161ker\u00e9 ty trosky asi moment\u00e1ln\u011b nejintenzivn\u011bji. Pod\u011bkujme na\u0161im pseudoelit\u00e1m, kter\u00e9 jsme si v\u0161ak bohu\u017eel zvolili my samotn\u00ed.<\/p>\n<p><a href=\"https:\/\/www.inadhled.live\/uvaha-dne\/kdyz-prezijeme-tuto-vladu-\/\">Jind\u0159ich Kulhav\u00fd<\/a><\/p>\n<p><img decoding=\"async\" loading=\"lazy\" class=\"alignnone size-medium wp-image-22653\" src=\"http:\/\/www.infokuryr.cz\/n\/wp-content\/uploads\/2023\/02\/jindra-kulhavy-221x300.jpg\" alt=\"\" width=\"221\" height=\"300\" srcset=\"https:\/\/www.infokuryr.cz\/n\/wp-content\/uploads\/2023\/02\/jindra-kulhavy-221x300.jpg 221w, https:\/\/www.infokuryr.cz\/n\/wp-content\/uploads\/2023\/02\/jindra-kulhavy.jpg 311w\" sizes=\"(max-width: 221px) 100vw, 221px\" \/><\/p>\n<\/div>\n<p>&nbsp;<\/p>\n<p><a href=\"https:\/\/stranapro.cz\/\"><img decoding=\"async\" loading=\"lazy\" class=\"wp-image-30218 aligncenter\" src=\"http:\/\/www.infokuryr.cz\/n\/wp-content\/uploads\/2023\/06\/PRO-banner-300x36.png\" alt=\"\" width=\"1375\" height=\"165\" srcset=\"https:\/\/www.infokuryr.cz\/n\/wp-content\/uploads\/2023\/06\/PRO-banner-300x36.png 300w, https:\/\/www.infokuryr.cz\/n\/wp-content\/uploads\/2023\/06\/PRO-banner-768x93.png 768w, https:\/\/www.infokuryr.cz\/n\/wp-content\/uploads\/2023\/06\/PRO-banner.png 849w\" sizes=\"(max-width: 1375px) 100vw, 1375px\" \/><\/a><\/p>\n<p>&nbsp;<\/p>\n<p>&nbsp;<\/p>\n<p>&nbsp;<\/p>\n","protected":false},"excerpt":{"rendered":"<p>\u2026zvl\u00e1dneme v\u0161e. Vycestoval li d\u0159\u00edve ob\u010dan \u010cesk\u00e9 republiky do zahrani\u010d\u00ed, \u0159\u00edkal si, jak dob\u0159e se&#8230;<\/p>\n","protected":false},"author":2,"featured_media":6914,"comment_status":"closed","ping_status":"closed","sticky":false,"template":"","format":"standard","meta":[],"categories":[6],"tags":[41,3144,29,26,99],"_links":{"self":[{"href":"https:\/\/www.infokuryr.cz\/n\/wp-json\/wp\/v2\/posts\/35613"}],"collection":[{"href":"https:\/\/www.infokuryr.cz\/n\/wp-json\/wp\/v2\/posts"}],"about":[{"href":"https:\/\/www.infokuryr.cz\/n\/wp-json\/wp\/v2\/types\/post"}],"author":[{"embeddable":true,"href":"https:\/\/www.infokuryr.cz\/n\/wp-json\/wp\/v2\/users\/2"}],"replies":[{"embeddable":true,"href":"https:\/\/www.infokuryr.cz\/n\/wp-json\/wp\/v2\/comments?post=35613"}],"version-history":[{"count":0,"href":"https:\/\/www.infokuryr.cz\/n\/wp-json\/wp\/v2\/posts\/35613\/revisions"}],"wp:featuredmedia":[{"embeddable":true,"href":"https:\/\/www.infokuryr.cz\/n\/wp-json\/wp\/v2\/media\/6914"}],"wp:attachment":[{"href":"https:\/\/www.infokuryr.cz\/n\/wp-json\/wp\/v2\/media?parent=35613"}],"wp:term":[{"taxonomy":"category","embeddable":true,"href":"https:\/\/www.infokuryr.cz\/n\/wp-json\/wp\/v2\/categories?post=35613"},{"taxonomy":"post_tag","embeddable":true,"href":"https:\/\/www.infokuryr.cz\/n\/wp-json\/wp\/v2\/tags?post=35613"}],"curies":[{"name":"wp","href":"https:\/\/api.w.org\/{rel}","templated":true}]}}