{"id":3560,"date":"2021-07-25T04:31:13","date_gmt":"2021-07-25T02:31:13","guid":{"rendered":"http:\/\/www.infokuryr.cz\/n\/?p=3560"},"modified":"2021-07-25T04:33:48","modified_gmt":"2021-07-25T02:33:48","slug":"ministerstvo-nehodla-respektovat-rozhodnuti-soudu-ohledne-uznavani-protilatek","status":"publish","type":"post","link":"https:\/\/www.infokuryr.cz\/n\/2021\/07\/25\/ministerstvo-nehodla-respektovat-rozhodnuti-soudu-ohledne-uznavani-protilatek\/","title":{"rendered":"Ministerstvo nehodl\u00e1 respektovat rozhodnut\u00ed soudu ohledn\u011b uzn\u00e1v\u00e1n\u00ed protil\u00e1tek"},"content":{"rendered":"<div id=\"fb-root\"><\/div>\n<p>Ministerstvo zdravotnictv\u00ed nebude lidem uzn\u00e1vat protil\u00e1tky z\u00edskan\u00e9 po prod\u011bl\u00e1n\u00ed onemocn\u011bn\u00ed covid-19. Sv\u016fj p\u0159\u00edstup nezm\u011bn\u00ed ani pot\u00e9, co Nejvy\u0161\u0161\u00ed spr\u00e1vn\u00ed soud (NSS) na konci \u010dervna ve sv\u00e9m verdiktu konstatoval, \u017ee t\u00edm diskriminuje lidi, kte\u0159\u00ed potvrzen\u00ed o protil\u00e1tk\u00e1ch maj\u00ed. D\u016fvod m\u00e1 b\u00fdt ten, \u017ee v\u011bdci zat\u00edm nedok\u00e1zali ur\u010dit bezpe\u010dnou hladinu protil\u00e1tek.<\/p>\n<p>Z diskuse pod \u010dl\u00e1nkem:<\/p>\n<p>Pokud vl\u00e1da neuposlechne rozhodnut\u00ed NSS, mohu tedy kamkoliv chodit s testem na protil\u00e1tky? Kdy\u017e na m\u011b p\u0159ijde hygiena, tak je odk\u00e1\u017eu na rozsudek NSS, kde je definov\u00e1no, \u017ee jsem vl\u00e1dou diskriminov\u00e1n. Tedy to p\u016fjde do spr\u00e1vn\u00edho \u0159\u00edzen\u00ed a j\u00e1 vyhraji&#8230;<\/p>\n<p>Inu kdy\u017e vl\u00e1da nemus\u00ed poslouchat soud, j\u00e1 p\u0159eci nemus\u00edm poslouchat vl\u00e1du, ne?<\/p>\n<p><img decoding=\"async\" loading=\"lazy\" class=\"alignnone size-full wp-image-1185\" src=\"http:\/\/www.infokuryr.cz\/n\/wp-content\/uploads\/2021\/04\/kuryr-podpis.png\" alt=\"\" width=\"84\" height=\"24\" \/><\/p>\n<p>&nbsp;<\/p>\n","protected":false},"excerpt":{"rendered":"<p>Ministerstvo zdravotnictv\u00ed nebude lidem uzn\u00e1vat protil\u00e1tky z\u00edskan\u00e9 po prod\u011bl\u00e1n\u00ed onemocn\u011bn\u00ed covid-19. Sv\u016fj p\u0159\u00edstup nezm\u011bn\u00ed ani&#8230;<\/p>\n","protected":false},"author":2,"featured_media":3562,"comment_status":"closed","ping_status":"closed","sticky":false,"template":"","format":"standard","meta":[],"categories":[6],"tags":[76,937,520],"_links":{"self":[{"href":"https:\/\/www.infokuryr.cz\/n\/wp-json\/wp\/v2\/posts\/3560"}],"collection":[{"href":"https:\/\/www.infokuryr.cz\/n\/wp-json\/wp\/v2\/posts"}],"about":[{"href":"https:\/\/www.infokuryr.cz\/n\/wp-json\/wp\/v2\/types\/post"}],"author":[{"embeddable":true,"href":"https:\/\/www.infokuryr.cz\/n\/wp-json\/wp\/v2\/users\/2"}],"replies":[{"embeddable":true,"href":"https:\/\/www.infokuryr.cz\/n\/wp-json\/wp\/v2\/comments?post=3560"}],"version-history":[{"count":0,"href":"https:\/\/www.infokuryr.cz\/n\/wp-json\/wp\/v2\/posts\/3560\/revisions"}],"wp:featuredmedia":[{"embeddable":true,"href":"https:\/\/www.infokuryr.cz\/n\/wp-json\/wp\/v2\/media\/3562"}],"wp:attachment":[{"href":"https:\/\/www.infokuryr.cz\/n\/wp-json\/wp\/v2\/media?parent=3560"}],"wp:term":[{"taxonomy":"category","embeddable":true,"href":"https:\/\/www.infokuryr.cz\/n\/wp-json\/wp\/v2\/categories?post=3560"},{"taxonomy":"post_tag","embeddable":true,"href":"https:\/\/www.infokuryr.cz\/n\/wp-json\/wp\/v2\/tags?post=3560"}],"curies":[{"name":"wp","href":"https:\/\/api.w.org\/{rel}","templated":true}]}}