{"id":35558,"date":"2023-09-05T01:03:28","date_gmt":"2023-09-04T23:03:28","guid":{"rendered":"http:\/\/www.infokuryr.cz\/n\/?p=35558"},"modified":"2023-09-04T21:33:53","modified_gmt":"2023-09-04T19:33:53","slug":"petr-hannig-do-prvniho-obdobi-se-petr-pavel-promlcel-do-druheho-se-provaha","status":"publish","type":"post","link":"https:\/\/www.infokuryr.cz\/n\/2023\/09\/05\/petr-hannig-do-prvniho-obdobi-se-petr-pavel-promlcel-do-druheho-se-provaha\/","title":{"rendered":"Petr Hannig: Do prvn\u00edho obdob\u00ed se Petr Pavel proml\u010del. Do druh\u00e9ho se prov\u00e1h\u00e1?"},"content":{"rendered":"<div id=\"fb-root\"><\/div>\n<div class=\"opener\"><strong>Budu vetovat. Nepodep\u00ed\u0161u. Podep\u00ed\u0161u. Mo\u017en\u00e1. Z\u00edtra. Nen\u00ed nad to, m\u00edt v \u010dele st\u00e1tu \u010dlov\u011bka, r\u00e1zn\u00e9ho voj\u00e1ka, kter\u00fd v\u010das vyslov\u00ed z\u00e1vazn\u00e1 slova. Nen\u00ed nad to, m\u00edt rozhodn\u00e9ho prezidenta.<\/strong><\/div>\n<div id=\"art-text\" class=\"text\">\n<p>Jde p\u0159ece o to, aby se v\u0161ichni mohli podle toho, jestli z\u00e1kon podep\u00ed\u0161e, \u010di nikoliv, rozhodovat a za\u0159\u00eddit. U\u017e v podstat\u011b dvakr\u00e1t, nejd\u0159\u00edve u zru\u0161en\u00ed z\u00e1konn\u00fdch valorizac\u00ed a nyn\u00ed v souvislosti se zm\u011bnou podm\u00ednek pro p\u0159ed\u010dasn\u00e9 d\u016fchody a dal\u0161\u00ed zm\u011bnou valorizac\u00ed d\u016fchod\u016f, se do posledn\u00ed chv\u00edle nev\u011bd\u011blo, jak to bude.<\/p>\n<p>Prezidentova mluv\u010d\u00ed je\u0161t\u011b ve\u010der (31.8.) po jedn\u00e1n\u00ed prezidenta Pavla s premi\u00e9rem Fialou ozn\u00e1mila dal\u0161\u00ed postup hlavy st\u00e1tu: \u201eRozhodne se bu\u010f pro veto, nebo pro podpis v n\u00e1sleduj\u00edc\u00edch dnech\u201c. To jsou skute\u010dn\u011b rozhodn\u00e1 slova gener\u00e1la. Bu\u010fto ano, nebo ne.<\/p>\n<p>Prezident m\u011bl z\u00e1kon podepsat do p\u016flnoci 31.8. Cht\u011bl si nechat je\u0161t\u011b n\u011bjak\u00fd \u010das na rozmy\u0161lenou. Ov\u0161em druh\u00fd den r\u00e1no bylo v m\u00e9di\u00edch ozn\u00e1meno, \u017ee prezident vl\u00e1dn\u00ed n\u00e1vrh, kter\u00fd ji\u017e byl schv\u00e1len Parlamentem \u010cR, podepsal, tedy schv\u00e1lil.<\/p>\n<p>U \u0159adov\u00e9ho ob\u010dana by si \u010dlov\u011bk \u0159ek v\u011bti\u010dku: \u201eNev\u00ed, co chce\u201c. Spousta lid\u00ed, zvl\u00e1\u0161t\u011b \u017een, volila Petra Pavla z d\u016fvod\u016f, \u017ee si myslela, \u017ee jako voj\u00e1k, chlap, bude m\u00edt schopnost se rozhodovat v\u010das a jasn\u011b. Zat\u00edm se v\u0161ak zd\u00e1, \u017ee ona o\u010dek\u00e1van\u00e1 rozhodnost se projevuje pouze na prezidentsk\u00fdch portr\u00e9tech, kdy si m\u016f\u017ee ob\u010dan \u010desk\u00e9 republiky \u0159\u00edkat, m\u00e1me pohledn\u00e9ho prezidenta. \u0160koda, \u017ee americk\u00fd \u010dasopis Time ned\u011bl\u00e1 anketu, kde se vyb\u00edral nejhez\u010d\u00ed prezident sv\u011bta. Kdysi v \u0161edes\u00e1t\u00fdch letech ji vyhr\u00e1l n\u00e1\u0161 Anton\u00edn Novotn\u00fd:<\/p>\n<p>Jist\u00e1 podoba tu je. Ost\u0159e \u0159ezan\u00e1 tv\u00e1\u0159, rozhodn\u00fd pohled:\u00a0<a href=\"https:\/\/www.hrad.cz\/cs\/prezident-cr\/prezidenti-v-minulosti\/antonin-novotny\">ZDE<\/a><\/p>\n<p><img decoding=\"async\" loading=\"lazy\" class=\"wp-image-33819 aligncenter\" src=\"http:\/\/www.infokuryr.cz\/n\/wp-content\/uploads\/2023\/08\/ces1-300x157.jpg\" alt=\"\" width=\"1359\" height=\"711\" srcset=\"https:\/\/www.infokuryr.cz\/n\/wp-content\/uploads\/2023\/08\/ces1-300x157.jpg 300w, https:\/\/www.infokuryr.cz\/n\/wp-content\/uploads\/2023\/08\/ces1-1024x536.jpg 1024w, https:\/\/www.infokuryr.cz\/n\/wp-content\/uploads\/2023\/08\/ces1-768x402.jpg 768w, https:\/\/www.infokuryr.cz\/n\/wp-content\/uploads\/2023\/08\/ces1.jpg 1200w\" sizes=\"(max-width: 1359px) 100vw, 1359px\" \/><\/p>\n<p>Pokud by takov\u00e1 anketa je\u0161t\u011b existovala, mohli bychom b\u00fdt v n\u011b\u010dem pozitivn\u011b prvn\u00ed. M\u00e1me nejhez\u010d\u00edho prezidenta. Nevad\u00ed, \u017ee inflace je u n\u00e1s t\u00e9m\u011b\u0159 nejvy\u0161\u0161\u00ed v EU. \u017de zadlu\u017een\u00ed st\u00e1tu roste, \u017ee lid\u00e9 maj\u00ed hloub\u011bji do kapsy. Prezident je frajer.<\/p>\n<p>A to, \u017ee prezident sv\u00fdm rozhodov\u00e1n\u00edm \u2013 nerozhodov\u00e1n\u00edm d\u011bl\u00e1 probl\u00e9my vl\u00e1d\u011b? To je p\u0159ece dob\u0159e, vl\u00e1d\u011b stejn\u011b v\u011b\u0159\u00ed pevn\u011b jenom 2% lid\u00ed a vla\u017en\u011b dal\u0161\u00edch 23%. Takov\u00e9 po\u0161\u0165ouchnut\u00ed v\u016f\u010di nepopul\u00e1rn\u00ed vl\u00e1d\u011b zase zv\u00fd\u0161\u00ed oblibu prezidenta, kter\u00e1 je nyn\u00ed na neuv\u011b\u0159iteln\u00fdch 78%.<\/p>\n<p>Sv\u00fdm zp\u016fsobem t\u00edmto alespo\u0148 m\u011bs\u00ed\u010dn\u00edm posunut\u00edm platnosti nepopul\u00e1rn\u00edch krok\u016f vl\u00e1dy si z\u00edsk\u00e1 ty, kte\u0159\u00ed je\u0161t\u011b na posledn\u00ed moment mohou nakr\u00e1\u010det do p\u0159ed\u010dasn\u00e9ho d\u016fchodu za sou\u010dasn\u00fdch v\u00fdhodn\u00fdch podm\u00ednek.<\/p>\n<p>N\u011bkdy mi tyto v\u011bci p\u0159ipom\u00ednaj\u00ed z\u00e1v\u011br filmu \u010cern\u00ed baroni: \u201ePovedzte voj\u00edn Kefal\u00edn, \u010do je to tak\u00e9 absurdn\u00e9\u201c. Mo\u017en\u00e1, \u017ee jsem tu legend\u00e1rn\u00ed v\u011btu neinterpretoval p\u0159esn\u011b. Tak\u017ee rad\u0161i star\u00fd \u017eidovsk\u00fd vtip (\u017eidovsk\u00e9 vtipy m\u011bl tak r\u00e1d Karel Gott), kdy si um\u00edraj\u00edc\u00ed sta\u0159e\u0161ina rodu pozve sv\u00e9ho syna k l\u016f\u017eku, aby mu po\u0161eptal pravdu, ke kter\u00e9 dosp\u011bl za sv\u016fj cel\u00fd \u017eivot: \u201eV\u0161echno je jinak\u201c.<\/p>\n<p>Pro\u010d to p\u00ed\u0161u na z\u00e1v\u011br? Pro n\u011bkoho to ot\u00e1len\u00ed s podpisem a prezidentova nerozhodnost je vlastn\u011b pozitivn\u00ed zpr\u00e1va. Lep\u0161\u00ed by bylo veto. Ale alespo\u0148 takto. Nevad\u00ed, \u017ee nepr\u0161\u00ed, alespo\u0148 \u017ee tro\u0161inku kape. Do prvn\u00edho volebn\u00edho obdob\u00ed se n\u00e1\u0161 sou\u010dasn\u00fd prezident v diskuz\u00edch proml\u010del a do toho druh\u00e9ho se prov\u00e1h\u00e1.<\/p>\n<p>A proto\u017ee s koncem l\u00e9ta a pr\u00e1zdnin je v du\u0161i zaset smutek, tak mi dovolte, abych zde hudebn\u011b ocitoval p\u00edse\u0148 skladatele Pavla Vacul\u00edka v interpretaci V\u00edt\u011bzslava V\u00e1vry, \u201eKonec pr\u00e1zdnin\u201c, i kdy\u017e oba protagonist\u00e9 ji\u017e mezi n\u00e1mi nejsou. Trocha romantiky po neradostn\u00e9m politick\u00e9m trm\u00e1cen\u00ed nikoho nezabije: https:\/\/www.youtube.com\/watch?v=1dAqZ3PnfUU<\/p>\n<p><em><strong>Mgr. Petr Hannig, p\u0159edseda ROZUMN\u00ddCH<\/strong><\/em><\/p>\n<\/div>\n<p>&nbsp;<\/p>\n<p><a href=\"https:\/\/stranapro.cz\/\"><img decoding=\"async\" loading=\"lazy\" class=\"wp-image-30218 aligncenter\" src=\"http:\/\/www.infokuryr.cz\/n\/wp-content\/uploads\/2023\/06\/PRO-banner-300x36.png\" alt=\"\" width=\"1358\" height=\"163\" srcset=\"https:\/\/www.infokuryr.cz\/n\/wp-content\/uploads\/2023\/06\/PRO-banner-300x36.png 300w, https:\/\/www.infokuryr.cz\/n\/wp-content\/uploads\/2023\/06\/PRO-banner-768x93.png 768w, https:\/\/www.infokuryr.cz\/n\/wp-content\/uploads\/2023\/06\/PRO-banner.png 849w\" sizes=\"(max-width: 1358px) 100vw, 1358px\" \/><\/a><\/p>\n<p>&nbsp;<\/p>\n<p>&nbsp;<\/p>\n<p>&nbsp;<\/p>\n","protected":false},"excerpt":{"rendered":"<p>Budu vetovat. Nepodep\u00ed\u0161u. Podep\u00ed\u0161u. Mo\u017en\u00e1. Z\u00edtra. Nen\u00ed nad to, m\u00edt v \u010dele st\u00e1tu \u010dlov\u011bka, r\u00e1zn\u00e9ho&#8230;<\/p>\n","protected":false},"author":2,"featured_media":823,"comment_status":"closed","ping_status":"closed","sticky":false,"template":"","format":"standard","meta":[],"categories":[6],"tags":[29,1173,122,165],"_links":{"self":[{"href":"https:\/\/www.infokuryr.cz\/n\/wp-json\/wp\/v2\/posts\/35558"}],"collection":[{"href":"https:\/\/www.infokuryr.cz\/n\/wp-json\/wp\/v2\/posts"}],"about":[{"href":"https:\/\/www.infokuryr.cz\/n\/wp-json\/wp\/v2\/types\/post"}],"author":[{"embeddable":true,"href":"https:\/\/www.infokuryr.cz\/n\/wp-json\/wp\/v2\/users\/2"}],"replies":[{"embeddable":true,"href":"https:\/\/www.infokuryr.cz\/n\/wp-json\/wp\/v2\/comments?post=35558"}],"version-history":[{"count":0,"href":"https:\/\/www.infokuryr.cz\/n\/wp-json\/wp\/v2\/posts\/35558\/revisions"}],"wp:featuredmedia":[{"embeddable":true,"href":"https:\/\/www.infokuryr.cz\/n\/wp-json\/wp\/v2\/media\/823"}],"wp:attachment":[{"href":"https:\/\/www.infokuryr.cz\/n\/wp-json\/wp\/v2\/media?parent=35558"}],"wp:term":[{"taxonomy":"category","embeddable":true,"href":"https:\/\/www.infokuryr.cz\/n\/wp-json\/wp\/v2\/categories?post=35558"},{"taxonomy":"post_tag","embeddable":true,"href":"https:\/\/www.infokuryr.cz\/n\/wp-json\/wp\/v2\/tags?post=35558"}],"curies":[{"name":"wp","href":"https:\/\/api.w.org\/{rel}","templated":true}]}}