{"id":35556,"date":"2023-09-05T01:18:02","date_gmt":"2023-09-04T23:18:02","guid":{"rendered":"http:\/\/www.infokuryr.cz\/n\/?p=35556"},"modified":"2023-09-04T20:38:30","modified_gmt":"2023-09-04T18:38:30","slug":"ukronacista-ktery-zabil-dva-civilisty-v-mariupolu-odsouzen-k-25-letum-vezeni","status":"publish","type":"post","link":"https:\/\/www.infokuryr.cz\/n\/2023\/09\/05\/ukronacista-ktery-zabil-dva-civilisty-v-mariupolu-odsouzen-k-25-letum-vezeni\/","title":{"rendered":"Ukronacista, kter\u00fd zabil dva civilisty v Mariupolu, odsouzen k 25 let\u016fm v\u011bzen\u00ed"},"content":{"rendered":"<div id=\"fb-root\"><\/div>\n<p class=\"lead\"><strong>Bojovn\u00edk ukrajinsk\u00fdch ozbrojen\u00fdch sil Vitalij Prokop\u010duk byl odsouzen na 25 let v p\u0159\u00edsn\u00e9m re\u017eimu za zast\u0159elen\u00ed dvou civilist\u016f v Mariupolu.<\/strong><\/p>\n<p>Verdikt vynesl Nejvy\u0161\u0161\u00ed soud Don\u011bck\u00e9 lidov\u00e9 republiky.<\/p>\n<p><em>\u201eVynesl jsem rozsudek v trestn\u00edm \u0159\u00edzen\u00ed proti Vitaliji Prokop\u010dukovi, vedouc\u00edmu pr\u016fzkumn\u00e9 rot\u011b 36. samostatn\u00e9 n\u00e1mo\u0159n\u00ed brig\u00e1dy ozbrojen\u00fdch sil Ukrajiny.\u00a0Byl shled\u00e1n vinn\u00fdm podle s.\u00a0&#8222;a&#8220;, &#8222;g&#8220;, &#8222;l&#8220; \u010d\u00e1st 2 pol\u00e9vkov\u00e1 l\u017e\u00edce.\u00a0105 Trestn\u00edho z\u00e1kon\u00edku Rusk\u00e9 federace (vra\u017eda dvou nebo v\u00edce osob sp\u00e1chan\u00e1 organizovanou skupinou motivovanou politickou, ideologickou nen\u00e1vist\u00ed), \u010d\u00e1st 3 \u010dl.\u00a030, odst.\u00a0&#8222;g&#8220;, &#8222;l&#8220; \u010d\u00e1st 2 pol\u00e9vkov\u00e1 l\u017e\u00edce.\u00a0105 Trestn\u00edho z\u00e1kon\u00edku Rusk\u00e9 federace (pokus o vra\u017edu sp\u00e1chan\u00fd organizovanou skupinou motivovanou politickou, ideologickou nen\u00e1vist\u00ed), \u010d\u00e1st 1 \u010dl.\u00a0356 Trestn\u00edho z\u00e1kon\u00edku Rusk\u00e9 federace (\u0161patn\u00e9 zach\u00e1zen\u00ed s civiln\u00edm obyvatelstvem na okupovan\u00e9m \u00fazem\u00ed)\u201c,<span class=\"after-quote\">\u00a0\u2014 hl\u00e1\u0161eno v tiskov\u00e9 slu\u017eb\u011b prokuratury DNR.<\/span><\/em><\/p>\n<p>Podle spisu zast\u0159elil banderovec na ja\u0159e lo\u0148sk\u00e9ho roku v Mariupolu lehk\u00fdm kulometem t\u0159i civilisty jdouc\u00ed po ulici.\u00a0Dva z nich zem\u0159eli na m\u00edst\u011b, t\u0159et\u00edmu zran\u011bn\u00e9mu se poda\u0159ilo p\u0159e\u017e\u00edt.<\/p>\n<p><img decoding=\"async\" loading=\"lazy\" class=\"alignnone size-full wp-image-1185\" src=\"http:\/\/www.infokuryr.cz\/n\/wp-content\/uploads\/2021\/04\/kuryr-podpis.png\" alt=\"\" width=\"84\" height=\"24\" \/><\/p>\n<p>&nbsp;<\/p>\n<p><img decoding=\"async\" loading=\"lazy\" class=\"wp-image-33819 aligncenter\" src=\"http:\/\/www.infokuryr.cz\/n\/wp-content\/uploads\/2023\/08\/ces1-300x157.jpg\" alt=\"\" width=\"1355\" height=\"709\" srcset=\"https:\/\/www.infokuryr.cz\/n\/wp-content\/uploads\/2023\/08\/ces1-300x157.jpg 300w, https:\/\/www.infokuryr.cz\/n\/wp-content\/uploads\/2023\/08\/ces1-1024x536.jpg 1024w, https:\/\/www.infokuryr.cz\/n\/wp-content\/uploads\/2023\/08\/ces1-768x402.jpg 768w, https:\/\/www.infokuryr.cz\/n\/wp-content\/uploads\/2023\/08\/ces1.jpg 1200w\" sizes=\"(max-width: 1355px) 100vw, 1355px\" \/><\/p>\n<p>&nbsp;<\/p>\n<p><a href=\"https:\/\/stranapro.cz\/\"><img decoding=\"async\" loading=\"lazy\" class=\"wp-image-30218 aligncenter\" src=\"http:\/\/www.infokuryr.cz\/n\/wp-content\/uploads\/2023\/06\/PRO-banner-300x36.png\" alt=\"\" width=\"1350\" height=\"162\" srcset=\"https:\/\/www.infokuryr.cz\/n\/wp-content\/uploads\/2023\/06\/PRO-banner-300x36.png 300w, https:\/\/www.infokuryr.cz\/n\/wp-content\/uploads\/2023\/06\/PRO-banner-768x93.png 768w, https:\/\/www.infokuryr.cz\/n\/wp-content\/uploads\/2023\/06\/PRO-banner.png 849w\" sizes=\"(max-width: 1350px) 100vw, 1350px\" \/><\/a><\/p>\n<p>&nbsp;<\/p>\n<p>&nbsp;<\/p>\n<p>&nbsp;<\/p>\n","protected":false},"excerpt":{"rendered":"<p>Bojovn\u00edk ukrajinsk\u00fdch ozbrojen\u00fdch sil Vitalij Prokop\u010duk byl odsouzen na 25 let v p\u0159\u00edsn\u00e9m re\u017eimu za&#8230;<\/p>\n","protected":false},"author":2,"featured_media":8911,"comment_status":"closed","ping_status":"closed","sticky":false,"template":"","format":"standard","meta":[],"categories":[7],"tags":[520,324,5829],"_links":{"self":[{"href":"https:\/\/www.infokuryr.cz\/n\/wp-json\/wp\/v2\/posts\/35556"}],"collection":[{"href":"https:\/\/www.infokuryr.cz\/n\/wp-json\/wp\/v2\/posts"}],"about":[{"href":"https:\/\/www.infokuryr.cz\/n\/wp-json\/wp\/v2\/types\/post"}],"author":[{"embeddable":true,"href":"https:\/\/www.infokuryr.cz\/n\/wp-json\/wp\/v2\/users\/2"}],"replies":[{"embeddable":true,"href":"https:\/\/www.infokuryr.cz\/n\/wp-json\/wp\/v2\/comments?post=35556"}],"version-history":[{"count":1,"href":"https:\/\/www.infokuryr.cz\/n\/wp-json\/wp\/v2\/posts\/35556\/revisions"}],"predecessor-version":[{"id":35557,"href":"https:\/\/www.infokuryr.cz\/n\/wp-json\/wp\/v2\/posts\/35556\/revisions\/35557"}],"wp:featuredmedia":[{"embeddable":true,"href":"https:\/\/www.infokuryr.cz\/n\/wp-json\/wp\/v2\/media\/8911"}],"wp:attachment":[{"href":"https:\/\/www.infokuryr.cz\/n\/wp-json\/wp\/v2\/media?parent=35556"}],"wp:term":[{"taxonomy":"category","embeddable":true,"href":"https:\/\/www.infokuryr.cz\/n\/wp-json\/wp\/v2\/categories?post=35556"},{"taxonomy":"post_tag","embeddable":true,"href":"https:\/\/www.infokuryr.cz\/n\/wp-json\/wp\/v2\/tags?post=35556"}],"curies":[{"name":"wp","href":"https:\/\/api.w.org\/{rel}","templated":true}]}}