{"id":35549,"date":"2023-09-05T01:15:47","date_gmt":"2023-09-04T23:15:47","guid":{"rendered":"http:\/\/www.infokuryr.cz\/n\/?p=35549"},"modified":"2023-09-04T20:19:11","modified_gmt":"2023-09-04T18:19:11","slug":"vudce-gabonskeho-prevratu-slozil-prisahu-jako-prozatimni-prezident","status":"publish","type":"post","link":"https:\/\/www.infokuryr.cz\/n\/2023\/09\/05\/vudce-gabonskeho-prevratu-slozil-prisahu-jako-prozatimni-prezident\/","title":{"rendered":"V\u016fdce gabonsk\u00e9ho p\u0159evratu slo\u017eil p\u0159\u00edsahu jako prozat\u00edmn\u00ed prezident"},"content":{"rendered":"<div id=\"fb-root\"><\/div>\n<p><span style=\"font-size: 18pt;\"><strong>Nov\u00fd vojensk\u00fd re\u017eim m\u00e1 v \u00famyslu p\u0159en\u00e9st moc na civilisty organizov\u00e1n\u00edm nov\u00fdch svobodn\u00fdch a d\u016fv\u011bryhodn\u00fdch voleb, \u0159\u00edk\u00e1 gener\u00e1l Nguema<\/strong><\/span><\/p>\n<p><span>Gabonsk\u00fd arm\u00e1dn\u00ed gener\u00e1l Brice Oligui Nguema, kter\u00fd minul\u00fd t\u00fdden vedl pu\u010d s c\u00edlem sesadit prezidenta Aliho Bonga, slo\u017eil p\u0159\u00edsahu jako prozat\u00edmn\u00ed v\u016fdce nov\u00e9 vojensk\u00e9 vl\u00e1dy zem\u011b.<\/span><\/p>\n<p><span>Nguema v pond\u011bl\u00ed slo\u017eil p\u0159\u00edsahu p\u0159ed soudci \u00dastavn\u00edho soudu, \u017ee bude\u00a0\u201e\u00a0<\/span><em><span>v\u011brn\u011b zachov\u00e1vat republik\u00e1nsk\u00fd re\u017eim \u201c, p\u0159i\u010dem\u017e sl\u00edbil \u201e\u00a0<\/span><\/em><em><span>svobodn\u00e9<\/span><\/em><span>\u00a0\u201c a \u201e\u00a0<\/span><em><span>transparentn\u00ed volby<\/span><\/em><span>\u00a0\u201c, ani\u017e by up\u0159esnil datum.<\/span><\/p>\n<p><span>D\u016fstojn\u00edci gabonsk\u00fdch ozbrojen\u00fdch sil\u00a0<\/span><a href=\"https:\/\/www.rt.com\/africa\/582068-gabon-military-regime-elections\/\"><span>svrhli<\/span><\/a><span>\u00a0Bonga, 64, ve st\u0159edu, chv\u00edli pot\u00e9, co byl prohl\u00e1\u0161en za v\u00edt\u011bze sporn\u00fdch prezidentsk\u00fdch voleb v zemi, a um\u00edstili ho do dom\u00e1c\u00edho v\u011bzen\u00ed.<\/span><\/p>\n<p><span>Prezidentovo v\u00edt\u011bzstv\u00ed se 64 % hlas\u016f bylo podvodn\u00e9, tvrdili pu\u010dist\u00e9 a dodali, \u017ee jeho 14let\u00e1 vl\u00e1da zhor\u0161ila \u201e\u00a0<\/span><em><span>soci\u00e1ln\u00ed soudr\u017enost<\/span><\/em><span>\u00a0\u201c, co\u017e p\u0159edstavuje hrozbu pro stabilitu n\u00e1roda.<\/span><\/p>\n<p><span>Nguema, \u0161\u00e9f Republik\u00e1nsk\u00e9 gardy, byl ve \u010dtvrtek\u00a0<\/span><a href=\"https:\/\/www.rt.com\/africa\/582160-new-gabon-military-ruler-appointment\/\"><span>jmenov\u00e1n<\/span><\/a><span>\u00a0nov\u00fdm vl\u00e1dcem t\u00e9to st\u0159edoafrick\u00e9 zem\u011b bohat\u00e9 na ropu pot\u00e9, co p\u0159evrat ukon\u010dil vl\u00e1du Bong\u016f, rodiny, kter\u00e1 Gabonu vl\u00e1dla od roku 1967.<\/span><\/p>\n<p><span>Ve sv\u00e9m inaugura\u010dn\u00edm\u00a0<\/span><a href=\"https:\/\/www.gabonmediatime.com\/gabon-discours-dinvestiture-du-president-de-la-transition-general-de-brigade-brice-clotaire-oligui-nguema\/\" target=\"_blank\" rel=\"noopener noreferrer\"><span>projevu<\/span><\/a><span>\u00a0v\u016fdce p\u0159evratu uvedl, \u017ee voj\u00e1ci jednali proti \u201evolebn\u00edmu p\u0159evratu\u201c, kter\u00fd vyplynul z \u201e\u00a0<\/span><em><span>nesm\u00edrn\u011b zaujat\u00e9ho<\/span><\/em><span>\u00a0\u201c volebn\u00edho procesu.<\/span><\/p>\n<p><span>\u201e\u00a0<\/span><em><span>Obrann\u00e9 a bezpe\u010dnostn\u00ed s\u00edly m\u011bly dvoj\u00ed volbu: bu\u010f zab\u00edt Gabonce, kte\u0159\u00ed by legitimn\u011b demonstrovali, nebo ukon\u010dit zmanipulovan\u00fd volebn\u00ed proces, jeho\u017e podm\u00ednky neumo\u017e\u0148ovaly demokratick\u00e9 vyj\u00e1d\u0159en\u00ed,\u201c trval na sv\u00e9m Nguema<\/span><\/em><span>\u00a0.<\/span><\/p>\n<div class=\"rtcode\">\n<div class=\"twitter-tweet twitter-tweet-rendered\"><iframe id=\"twitter-widget-0\" class=\"\" title=\"Twitter Tweet\" src=\"https:\/\/platform.twitter.com\/embed\/Tweet.html?creatorScreenName=RT_com&amp;dnt=false&amp;embedId=twitter-widget-0&amp;features=eyJ0ZndfdGltZWxpbmVfbGlzdCI6eyJidWNrZXQiOltdLCJ2ZXJzaW9uIjpudWxsfSwidGZ3X2ZvbGxvd2VyX2NvdW50X3N1bnNldCI6eyJidWNrZXQiOnRydWUsInZlcnNpb24iOm51bGx9LCJ0ZndfdHdlZXRfZWRpdF9iYWNrZW5kIjp7ImJ1Y2tldCI6Im9uIiwidmVyc2lvbiI6bnVsbH0sInRmd19yZWZzcmNfc2Vzc2lvbiI6eyJidWNrZXQiOiJvbiIsInZlcnNpb24iOm51bGx9LCJ0ZndfZm9zbnJfc29mdF9pbnRlcnZlbnRpb25zX2VuYWJsZWQiOnsiYnVja2V0Ijoib24iLCJ2ZXJzaW9uIjpudWxsfSwidGZ3X21peGVkX21lZGlhXzE1ODk3Ijp7ImJ1Y2tldCI6InRyZWF0bWVudCIsInZlcnNpb24iOm51bGx9LCJ0ZndfZXhwZXJpbWVudHNfY29va2llX2V4cGlyYXRpb24iOnsiYnVja2V0IjoxMjA5NjAwLCJ2ZXJzaW9uIjpudWxsfSwidGZ3X3Nob3dfYmlyZHdhdGNoX3Bpdm90c19lbmFibGVkIjp7ImJ1Y2tldCI6Im9uIiwidmVyc2lvbiI6bnVsbH0sInRmd19kdXBsaWNhdGVfc2NyaWJlc190b19zZXR0aW5ncyI6eyJidWNrZXQiOiJvbiIsInZlcnNpb24iOm51bGx9LCJ0ZndfdXNlX3Byb2ZpbGVfaW1hZ2Vfc2hhcGVfZW5hYmxlZCI6eyJidWNrZXQiOiJvbiIsInZlcnNpb24iOm51bGx9LCJ0ZndfdmlkZW9faGxzX2R5bmFtaWNfbWFuaWZlc3RzXzE1MDgyIjp7ImJ1Y2tldCI6InRydWVfYml0cmF0ZSIsInZlcnNpb24iOm51bGx9LCJ0ZndfbGVnYWN5X3RpbWVsaW5lX3N1bnNldCI6eyJidWNrZXQiOnRydWUsInZlcnNpb24iOm51bGx9LCJ0ZndfdHdlZXRfZWRpdF9mcm9udGVuZCI6eyJidWNrZXQiOiJvbiIsInZlcnNpb24iOm51bGx9fQ%3D%3D&amp;frame=false&amp;hideCard=false&amp;hideThread=false&amp;id=1698649465421517155&amp;lang=cs&amp;origin=https%3A%2F%2Fwww.rt.com%2Fafrica%2F582366-gabon-coup-leader-inauguration%2F&amp;sessionId=dfcc1e62d0364f42cbf52cb315b5407575967e13&amp;siteScreenName=RT_com&amp;theme=light&amp;widgetsVersion=aaf4084522e3a%3A1674595607486&amp;width=550px\" frameborder=\"0\" scrolling=\"no\" allowfullscreen=\"allowfullscreen\" data-tweet-id=\"1698649465421517155\" data-mce-fragment=\"1\"><\/iframe><\/div>\n<\/div>\n<p><span>\u0158ekl, \u017ee nov\u00e1 vl\u00e1da bude sestavena b\u011bhem \u201e\u00a0<\/span><em><span>n\u011bkolika dn\u00ed<\/span><\/em><span>\u00a0\u201c a navrhl reformy, jako je referendum o revidovan\u00e9 \u00fastav\u011b, nov\u00e9 volebn\u00ed z\u00e1kony a trestn\u00ed z\u00e1kon\u00edk a opat\u0159en\u00ed pro hospod\u00e1\u0159sk\u00fd rozvoj.<\/span><\/p>\n<p><span>Nguema d\u00e1le ozn\u00e1mil, \u017ee na\u0159\u00eddil \u201e\u00a0<\/span><em><span>budouc\u00ed vl\u00e1d\u011b<\/span><\/em><span>\u00a0\u201c, aby \u201e\u00a0<\/span><em><span>bezodkladn\u011b p\u0159em\u00fd\u0161lela<\/span><\/em><span>\u00a0\u201c o usnadn\u011bn\u00ed n\u00e1vratu v\u0161ech \u201e\u00a0<\/span><em><span>politick\u00fdch exulant\u016f<\/span><\/em><span>\u00a0\u201c a ud\u011blen\u00ed amnestie \u201e\u00a0<\/span><em><span>v\u011bz\u0148\u016fm sv\u011bdom\u00ed\u201c.\u00a0<\/span><\/em><span>\u201c<\/span><\/p>\n<div class=\"read-more read-more__right\" data-has-alias=\"\"><img decoding=\"async\" loading=\"lazy\" class=\"wp-image-33819 aligncenter\" src=\"http:\/\/www.infokuryr.cz\/n\/wp-content\/uploads\/2023\/08\/ces1-300x157.jpg\" alt=\"\" width=\"1364\" height=\"714\" srcset=\"https:\/\/www.infokuryr.cz\/n\/wp-content\/uploads\/2023\/08\/ces1-300x157.jpg 300w, https:\/\/www.infokuryr.cz\/n\/wp-content\/uploads\/2023\/08\/ces1-1024x536.jpg 1024w, https:\/\/www.infokuryr.cz\/n\/wp-content\/uploads\/2023\/08\/ces1-768x402.jpg 768w, https:\/\/www.infokuryr.cz\/n\/wp-content\/uploads\/2023\/08\/ces1.jpg 1200w\" sizes=\"(max-width: 1364px) 100vw, 1364px\" \/><\/div>\n<p><span>Slavnostn\u00ed p\u0159\u00edsahy, kter\u00e1 se konala v Prezidentsk\u00e9m pal\u00e1ci v hlavn\u00edm m\u011bst\u011b Libreville, se \u00fadajn\u011b za j\u00e1sotu p\u0159\u00edznivc\u016f z\u00fa\u010dastnilo n\u011bkolik p\u0159edstavitel\u016f svr\u017een\u00e9 vl\u00e1dy, v\u010detn\u011b viceprezidenta a premi\u00e9ra.<\/span><\/p>\n<p><span>P\u0159evrat v Gabonu je posledn\u00edm z \u0159ady vojensk\u00fdch p\u0159evrat\u016f v z\u00e1padn\u00ed a st\u0159edn\u00ed Africe.\u00a0Vojen\u0161t\u00ed v\u016fdci p\u0159evzali moc v Nigeru v \u010dervenci, Burkina Faso v roce 2022 a \u010cad, Guinea a Mali v roce 2021, v\u0161echny b\u00fdval\u00e9 francouzsk\u00e9 kolonie.<\/span><\/p>\n<p><span>Rada pro m\u00edr a bezpe\u010dnost Africk\u00e9 unie ve \u010dtvrtek pozastavila \u010dinnost Libreville pot\u00e9, co byl Bongo odstran\u011bn.\u00a0Hospod\u00e1\u0159sk\u00e9 spole\u010denstv\u00ed st\u0159edoafrick\u00fdch st\u00e1t\u016f i b\u00fdval\u00fd gabonsk\u00fd koloniz\u00e1tor Francie\u00a0tento pu\u010d \u201e\u00a0<\/span><em><span>tvrd\u011b \u201c odsoudily.<\/span><\/em><\/p>\n<p><img decoding=\"async\" loading=\"lazy\" class=\"alignnone size-full wp-image-1185\" src=\"http:\/\/www.infokuryr.cz\/n\/wp-content\/uploads\/2021\/04\/kuryr-podpis.png\" alt=\"\" width=\"84\" height=\"24\" \/><\/p>\n<p>&nbsp;<\/p>\n<p><a href=\"https:\/\/stranapro.cz\/\"><img decoding=\"async\" loading=\"lazy\" class=\"wp-image-30218 aligncenter\" src=\"http:\/\/www.infokuryr.cz\/n\/wp-content\/uploads\/2023\/06\/PRO-banner-300x36.png\" alt=\"\" width=\"1375\" height=\"165\" srcset=\"https:\/\/www.infokuryr.cz\/n\/wp-content\/uploads\/2023\/06\/PRO-banner-300x36.png 300w, https:\/\/www.infokuryr.cz\/n\/wp-content\/uploads\/2023\/06\/PRO-banner-768x93.png 768w, https:\/\/www.infokuryr.cz\/n\/wp-content\/uploads\/2023\/06\/PRO-banner.png 849w\" sizes=\"(max-width: 1375px) 100vw, 1375px\" \/><\/a><\/p>\n<p>&nbsp;<\/p>\n<p>&nbsp;<\/p>\n<p>&nbsp;<\/p>\n","protected":false},"excerpt":{"rendered":"<p>Nov\u00fd vojensk\u00fd re\u017eim m\u00e1 v \u00famyslu p\u0159en\u00e9st moc na civilisty organizov\u00e1n\u00edm nov\u00fdch svobodn\u00fdch a d\u016fv\u011bryhodn\u00fdch&#8230;<\/p>\n","protected":false},"author":2,"featured_media":35550,"comment_status":"closed","ping_status":"closed","sticky":false,"template":"","format":"standard","meta":[],"categories":[7],"tags":[5788,165,921],"_links":{"self":[{"href":"https:\/\/www.infokuryr.cz\/n\/wp-json\/wp\/v2\/posts\/35549"}],"collection":[{"href":"https:\/\/www.infokuryr.cz\/n\/wp-json\/wp\/v2\/posts"}],"about":[{"href":"https:\/\/www.infokuryr.cz\/n\/wp-json\/wp\/v2\/types\/post"}],"author":[{"embeddable":true,"href":"https:\/\/www.infokuryr.cz\/n\/wp-json\/wp\/v2\/users\/2"}],"replies":[{"embeddable":true,"href":"https:\/\/www.infokuryr.cz\/n\/wp-json\/wp\/v2\/comments?post=35549"}],"version-history":[{"count":1,"href":"https:\/\/www.infokuryr.cz\/n\/wp-json\/wp\/v2\/posts\/35549\/revisions"}],"predecessor-version":[{"id":35551,"href":"https:\/\/www.infokuryr.cz\/n\/wp-json\/wp\/v2\/posts\/35549\/revisions\/35551"}],"wp:featuredmedia":[{"embeddable":true,"href":"https:\/\/www.infokuryr.cz\/n\/wp-json\/wp\/v2\/media\/35550"}],"wp:attachment":[{"href":"https:\/\/www.infokuryr.cz\/n\/wp-json\/wp\/v2\/media?parent=35549"}],"wp:term":[{"taxonomy":"category","embeddable":true,"href":"https:\/\/www.infokuryr.cz\/n\/wp-json\/wp\/v2\/categories?post=35549"},{"taxonomy":"post_tag","embeddable":true,"href":"https:\/\/www.infokuryr.cz\/n\/wp-json\/wp\/v2\/tags?post=35549"}],"curies":[{"name":"wp","href":"https:\/\/api.w.org\/{rel}","templated":true}]}}