{"id":35542,"date":"2023-09-05T01:12:54","date_gmt":"2023-09-04T23:12:54","guid":{"rendered":"http:\/\/www.infokuryr.cz\/n\/?p=35542"},"modified":"2023-09-04T20:04:04","modified_gmt":"2023-09-04T18:04:04","slug":"hlavni-mesto-indie-prochazi-pred-summitem-g20-zasadni-premenou","status":"publish","type":"post","link":"https:\/\/www.infokuryr.cz\/n\/2023\/09\/05\/hlavni-mesto-indie-prochazi-pred-summitem-g20-zasadni-premenou\/","title":{"rendered":"Hlavn\u00ed m\u011bsto Indie proch\u00e1z\u00ed p\u0159ed summitem G20 z\u00e1sadn\u00ed p\u0159em\u011bnou"},"content":{"rendered":"<div id=\"fb-root\"><\/div>\n<p><span style=\"font-size: 18pt;\"><strong>Maloobchodn\u00edci v Dill\u00ed najali p\u0159ekladatele, aby se postarali o stovky hodnost\u00e1\u0159\u016f G20, kte\u0159\u00ed pravd\u011bpodobn\u011b nav\u0161t\u00edv\u00ed jejich obchody b\u011bhem summitu koncem tohoto t\u00fddne<\/strong><\/span><\/p>\n<p>Brijesh Goyal, p\u0159edseda Obchodn\u00ed a pr\u016fmyslov\u00e9 komory a \u010dlen strany Aam Aadmi Party (AAP), kter\u00e1 \u0159\u00edd\u00ed m\u011bstsk\u00fd st\u00e1t Dill\u00ed, m\u00e1 pln\u00e9 ruce pr\u00e1ce.<\/p>\n<p>Leto\u0161n\u00ed summit G20, kter\u00fd se bude konat 9. a\u017e 10. z\u00e1\u0159\u00ed, by mohl b\u00fdt ran\u00fdm Diwali \u2013 ka\u017edoro\u010dn\u00edm hinduistick\u00fdm festivalem sv\u011btel a hlavn\u00ed sez\u00f3nou pro podnik\u00e1n\u00ed \u2013 pro stovky obchodn\u00edk\u016f p\u0159idru\u017een\u00fdch k jeho cechu na stalet\u00fdch trz\u00edch Chandni Chowk ve star\u00e9m Dill\u00ed. .<\/p>\n<p>Zat\u00edmco se Indie, rotuj\u00edc\u00ed p\u0159edseda G20, p\u0159ipravuje na po\u0159\u00e1d\u00e1n\u00ed sv\u00e9 nejv\u011bt\u0161\u00ed geopolitick\u00e9 akce od summitu Hnut\u00ed nez\u00fa\u010dastn\u011bn\u00fdch zem\u00ed v b\u0159eznu 1983, Chandni Chowk, univerz\u00e1ln\u00ed destinace pro etnick\u00e9 zbo\u017e\u00ed, pravd\u011bpodobn\u011b p\u0159il\u00e1k\u00e1 v\u011bt\u0161inu zahrani\u010dn\u00edch deleg\u00e1t\u016f.<\/p>\n<h2>Jazyk bez li\u0161ty<\/h2>\n<p>Obchodn\u00edci v Chandni Chowk, kte\u0159\u00ed ovl\u00e1daj\u00ed indick\u00fd n\u00e1rodn\u00ed jazyk hind\u0161tina, se sna\u017e\u00ed p\u0159ekonat jazykovou bari\u00e9ru a z\u00e1rove\u0148 vyj\u00edt vst\u0159\u00edc zahrani\u010dn\u00edm klient\u016fm.\u00a0Do\u010dasn\u011b naj\u00edmaj\u00ed 1000 tlumo\u010dn\u00edk\u016f, v\u010detn\u011b student\u016f a mlad\u00fdch profesion\u00e1l\u016f, kte\u0159\u00ed um\u00ed komunikovat v angli\u010dtin\u011b, ru\u0161tin\u011b, francouz\u0161tin\u011b, n\u011bm\u010din\u011b, arab\u0161tin\u011b, mandar\u00edn\u0161tin\u011b a \u0161pan\u011bl\u0161tin\u011b, aby p\u0159il\u00e1kali zahrani\u010dn\u00ed z\u00e1kazn\u00edky.<\/p>\n<div class=\"article__cover\">\n<div class=\"media\">\n<picture><source srcset=\"https:\/\/mf.b37mrtl.ru\/files\/2023.09\/original\/64f54ed085f540246e2341f5.jpg\" sizes=\"991px\" data-srcset=\"https:\/\/mf.b37mrtl.ru\/files\/2023.09\/original\/64f54ed085f540246e2341f5.jpg\" \/><img decoding=\"async\" loading=\"lazy\" class=\"read-more__cover lazyautosizes lazyloaded aligncenter\" src=\"https:\/\/mf.b37mrtl.ru\/files\/2023.09\/original\/64f54ed085f540246e2341f5.jpg\" sizes=\"991px\" alt=\"RT\" width=\"987\" height=\"657\" data-sizes=\"auto\" data-src=\"https:\/\/mf.b37mrtl.ru\/files\/2023.09\/original\/64f54ed085f540246e2341f5.jpg\" \/><\/picture>\n<div class=\"media__footer media__footer_bottom \">\n<div class=\"media__title media__title_footer\" style=\"text-align: center;\"><em>Pohled na p\u0159epracovan\u00fd trh Dill\u00ed Haat p\u0159ed summitem G20 v INA, 30. srpna 2023 v New Delhi, Indie \u00a9 Sanchit Khanna\/Hindustan Times prost\u0159ednictv\u00edm Getty Images<\/em><\/div>\n<\/div>\n<\/div>\n<\/div>\n<p><em>\u201eT\u00e9to akce se z\u00fa\u010dastn\u00ed hlavy st\u00e1t\u016f a deleg\u00e1ti z p\u0159ibli\u017en\u011b 40 zem\u00ed a mnoha sv\u011btov\u00fdch organizac\u00ed.\u00a0Tak\u017ee pro na\u0161e obchodn\u00edky, kte\u0159\u00ed mohou vyu\u017e\u00edt pomoc od t\u011bchto tlumo\u010dn\u00edk\u016f, je to ran\u00e1 bonanza Diwali.\u00a0Sl\u00e1va Chandni Chowk se pravd\u011bpodobn\u011b roz\u0161\u00ed\u0159\u00ed po cel\u00e9m sv\u011bt\u011b, proto\u017ee b\u011bhem t\u011bchto \u010dty\u0159 dn\u016f o\u010dek\u00e1v\u00e1me masivn\u00ed n\u00e1stup<\/em>\u00a0,\u201c \u0159ekl Goyal RT.<\/p>\n<p>Existuj\u00ed v\u0161ak obchodn\u00edci, kte\u0159\u00ed cht\u011bj\u00ed u\u0161et\u0159it na n\u00e1kladech na tlumo\u010dn\u00edky.<\/p>\n<p>Suresh Seth, kter\u00fd na stejn\u00e9m trhu prod\u00e1v\u00e1 tradi\u010dn\u00ed indick\u00e9 d\u00e1msk\u00e9 oble\u010den\u00ed, \u0159ekl televizi NDTV, \u017ee jeho d\u011bti mu pomohou vyjedn\u00e1vat se zahrani\u010dn\u00edmi kupci.<\/p>\n<p>\u201e\u00a0<em>Rozum\u00edm anglicky, ale neum\u00edm plynn\u011b mluvit.\u00a0Po\u017e\u00e1dal jsem sv\u00e9ho syna a dceru, aby byli v obchod\u011b a mohli komunikovat se zahrani\u010dn\u00edmi klienty.\u00a0Oba um\u00ed anglicky a moje dcera um\u00ed i n\u011bmecky<\/em>\u00a0,\u201c \u0159ekl Seth.<\/p>\n<h2>\u017d\u00e1dn\u00e1 opice<\/h2>\n<p>Ob\u010dansk\u00e9 \u00fa\u0159ady se p\u0159ipravuj\u00ed na hrozbu opice rhesus \u2013 n\u011bco, \u010d\u00edm je hlavn\u00ed m\u011bsto Indie zn\u00e1m\u00e9 po cel\u00e9m sv\u011bt\u011b.\u00a0Langura, v\u011bt\u0161\u00edho prim\u00e1ta s ebenovou tv\u00e1\u0159\u00ed, se opice rhesus boj\u00ed, a tak se jeho podoba v ob\u0159\u00edch v\u00fd\u0159ezech objevila na hlavn\u00edch dopravn\u00edch tepn\u00e1ch ve m\u011bst\u011b.\u00a0Mnoh\u00e9 z nich jsou um\u00edst\u011bny v bl\u00edzkosti kongresov\u00e9ho a v\u00fdstavn\u00edho centra Bharat Mandapam ve tvaru lastury na Pragati Maidan, d\u011bji\u0161t\u011b nadch\u00e1zej\u00edc\u00edho summitu, postaven\u00e9ho za odhadem 300 milion\u016f dolar\u016f s kapacitou pro v\u00edce ne\u017e 3000 deleg\u00e1t\u016f.<\/p>\n<div class=\"article__cover\">\n<div class=\"media\">\n<picture><source srcset=\"https:\/\/mf.b37mrtl.ru\/files\/2023.09\/original\/64f546922030273a2769f2c4.jpg\" sizes=\"991px\" data-srcset=\"https:\/\/mf.b37mrtl.ru\/files\/2023.09\/original\/64f546922030273a2769f2c4.jpg\" \/><img decoding=\"async\" loading=\"lazy\" class=\"read-more__cover lazyautosizes lazyloaded aligncenter\" src=\"https:\/\/mf.b37mrtl.ru\/files\/2023.09\/original\/64f546922030273a2769f2c4.jpg\" sizes=\"991px\" alt=\"RT\" width=\"978\" height=\"652\" data-sizes=\"auto\" data-src=\"https:\/\/mf.b37mrtl.ru\/files\/2023.09\/original\/64f546922030273a2769f2c4.jpg\" \/><\/picture>\n<div class=\"media__footer media__footer_bottom \">\n<div class=\"media__title media__title_footer\" style=\"text-align: center;\"><em>Mu\u017e proj\u00ed\u017ed\u00ed kolem opic, kter\u00e9 sed\u00ed na vrcholu zdi pod\u00e9l ulice v Nov\u00e9m Dill\u00ed 30. srpna 2023, p\u0159ed summitem G20 v Indii \u00a9 Arun SANKAR \/ AFP<\/em><\/div>\n<\/div>\n<\/div>\n<\/div>\n<p>Satish Upadhyay, m\u00edstop\u0159edseda M\u011bstsk\u00e9 korporace New Delhi, zv\u00e1\u017eil v\u00fdzvy opi\u010d\u00ed hrozby.<\/p>\n<p>\u201e Jsme v\u00e1z\u00e1ni z\u00e1konem o ochran\u011b p\u0159\u00edrody\u00a0<em>(\u00a0<\/em><em>Wildlife (Protection) Act) z roku 1972. Sna\u017e\u00edme se zajistit, aby se nepou\u0161t\u011bli bl\u00ed\u017ee k m\u00edstu kon\u00e1n\u00ed a jin\u00fdm p\u0159epln\u011bn\u00fdm \u010d\u00e1stem m\u011bsta<\/em>\u00a0,\u201c \u0159ekl RT.\u00a0<em>zalesn\u011bn\u00e9 oblasti. Doufejme, \u017ee je ob\u0159\u00ed v\u00fd\u0159ezy langur\u016f zastra\u0161\u00ed, co\u017e byla \u00fasp\u011b\u0161n\u00e1 taktika b\u011bhem her Commonwealthu v roce 2010.<\/em>\u00a0\u201c<\/p>\n<p>Ob\u010dansk\u00e9 sdru\u017een\u00ed tak\u00e9 inovovalo zp\u016fsob, jak udr\u017eet opice rhesus na uzd\u011b.\u00a0Kolem ob\u0159\u00edch v\u00fd\u0159ez\u016f bylo rozm\u00edst\u011bno kolem 40 lid\u00ed, kte\u0159\u00ed p\u016fsob\u00ed jako napodobitel\u00e9 langur\u016f, aby oklamali opice.\u00a0Upadhyay \u0159\u00edk\u00e1, \u017ee cvi\u010den\u00ed, kter\u00e9 za\u010dalo p\u0159ed t\u00fddnem, p\u0159ineslo \u201e\u00a0<em>pozitivn\u00ed v\u00fdsledky<\/em>\u00a0\u201c.<\/p>\n<h2>Zkr\u00e1\u0161lovac\u00ed j\u00edzda<\/h2>\n<p>St\u00e1tn\u00ed spr\u00e1va a centr\u00e1ln\u00ed vl\u00e1da v \u010dele s premi\u00e9rem Narendrou Modim se p\u0159ed mark\u00fdzovou akc\u00ed vydaly na zkr\u00e1\u0161lovac\u00ed j\u00edzdu ve m\u011bst\u011b.\u00a0Ve m\u011bst\u011b s 33 miliony obyvatel, t\u0159et\u00edm nejlidnat\u011bj\u0161\u00edm na sv\u011bt\u011b po Tokiu a Jakart\u011b, je rozm\u00edst\u011bno velk\u00e9 mno\u017estv\u00ed sanita\u010dn\u00edho person\u00e1lu a mechanizovan\u00fdch zametac\u00edch stroj\u016f, ale v\u011bt\u0161inou v t\u011bch oblastech, kam deleg\u00e1ti pravd\u011bpodobn\u011b zav\u00edtaj\u00ed.<\/p>\n<div class=\"article__cover\">\n<div class=\"media\">\n<picture><source srcset=\"https:\/\/mf.b37mrtl.ru\/files\/2023.09\/original\/64f546ee85f5403d617d8b34.jpg\" sizes=\"991px\" data-srcset=\"https:\/\/mf.b37mrtl.ru\/files\/2023.09\/original\/64f546ee85f5403d617d8b34.jpg\" \/><img decoding=\"async\" loading=\"lazy\" class=\"read-more__cover lazyautosizes lazyloaded aligncenter\" src=\"https:\/\/mf.b37mrtl.ru\/files\/2023.09\/original\/64f546ee85f5403d617d8b34.jpg\" sizes=\"991px\" alt=\"RT\" width=\"918\" height=\"612\" data-sizes=\"auto\" data-src=\"https:\/\/mf.b37mrtl.ru\/files\/2023.09\/original\/64f546ee85f5403d617d8b34.jpg\" \/><\/picture>\n<div class=\"media__footer media__footer_bottom \">\n<div class=\"media__title media__title_footer\" style=\"text-align: center;\"><em>Mezin\u00e1rodn\u00ed kongresov\u00e9 centrum &#8218;Bharat Mandapam&#8216;, m\u00edsto kon\u00e1n\u00ed nadch\u00e1zej\u00edc\u00edho summitu G20, kter\u00fd se m\u00e1 konat p\u0159\u00ed\u0161t\u00ed m\u011bs\u00edc, na sn\u00edmku v Dill\u00ed 31. srpna 2023 \u00a9 Sajjad HUSSAIN \/ AFP<\/em><\/div>\n<\/div>\n<\/div>\n<\/div>\n<p>V\u00edce ne\u017e 60 dopravn\u00edch tepen a kruhov\u00fdch objezd\u016f v kl\u00ed\u010dov\u00fdch \u00fasec\u00edch vedouc\u00edch k m\u00edstu kon\u00e1n\u00ed bylo vyzdobeno p\u0159ibli\u017en\u011b 700 000 kvetouc\u00edmi rostlinami a hrnkov\u00fdmi ke\u0159i.\u00a0P\u0159\u00edrodn\u00ed expozice upout\u00e1 pozornost n\u00e1v\u0161t\u011bvn\u00edk\u016f ve chv\u00edli, kdy vstoup\u00ed do Sardar Patel Marg spojuj\u00edc\u00ed m\u011bsto s mezin\u00e1rodn\u00edm leti\u0161t\u011bm Indiry Gandhiov\u00e9 (IGI).\u00a0Nadporu\u010d\u00edk Dill\u00ed VK Saxena osobn\u011b dohl\u00ed\u017e\u00ed na \u00fasil\u00ed.<\/p>\n<p>Um\u011bl\u00e9 vodop\u00e1dy lemuj\u00ed strany leti\u0161tn\u00ed silnice od termin\u00e1lu t\u0159i k tunelov\u00e9 silnici, kter\u00e1 vede do m\u011bsta.\u00a0Pod\u00e9l leti\u0161tn\u00edho \u00faseku byl vytvo\u0159en t\u0159\u00edvrstv\u00fd zelen\u00fd p\u00e1s dopln\u011bn\u00fd hrnkov\u00fdmi rostlinami a barevn\u00fdmi sez\u00f3nn\u00edmi kv\u011btinami.\u00a0Estetick\u00e1 zm\u011bna Nov\u00e9ho Dill\u00ed se odr\u00e1\u017e\u00ed ve 49 tematick\u00fdch soch\u00e1ch, soch\u00e1ch zv\u00ed\u0159at, font\u00e1n\u00e1ch a \u201eshivlingech\u201c \u2013 symbolizuj\u00edc\u00edch hinduistick\u00e9ho boha P\u00e1na \u0160ivu, co\u017e tak\u00e9 vyvolalo spor mezi Bharatiya Janata Party premi\u00e9ra Modiho a opozic\u00ed.<\/p>\n<p>Pod\u00e9l leti\u0161tn\u00ed silnice a na cest\u011b k m\u00edstu kon\u00e1n\u00ed je instalov\u00e1no kolem 40 soch vysok\u00fdch a\u017e 16 stop.\u00a0Sc\u00e9nick\u00fd \u00fasek lemuj\u00ed font\u00e1ny r\u016fzn\u00fdch barev a t\u00e9mat, jako jsou sopky, lvi, kon\u011b atd.\u00a0Ob\u010dansk\u00e9 \u00fa\u0159ady pracuj\u00ed na osvobozen\u00ed m\u00edsta od kom\u00e1r\u016f, v\u010detn\u011b varianty Aedes, kter\u00e1 v sou\u010dasn\u00e9 sez\u00f3n\u011b, kdy monzun ustupuje ze severn\u00ed Indie, zp\u016fsobuje nemoci p\u0159en\u00e1\u0161en\u00e9 vektory, jako je dengue a chikungunya.<\/p>\n<h2>Matka demokracie<\/h2>\n<p>V Rajghatu, kde byl 31. ledna 1948 zpopeln\u011bn otec n\u00e1roda Mah\u00e1tma G\u00e1ndh\u00ed a kde je ulo\u017een v\u011b\u010dn\u00fd plamen, byla instalov\u00e1na 115metrov\u00e1 indick\u00e1 vlajka.\u00a0Je to v\u017edy v itiner\u00e1\u0159i hostuj\u00edc\u00edch hodnost\u00e1\u0159\u016f.\u00a0\u00dasek mezi historickou \u010dervenou pevnost\u00ed a Rajghatem na b\u0159ehu \u0159eky Jamuna byl upraven.\u00a0Font\u00e1ny, sou\u010dasn\u00e9 pouli\u010dn\u00ed um\u011bn\u00ed, otev\u0159en\u00e1 m\u00edsta k sezen\u00ed a osv\u011btlen\u00ed umocnily facelift.<\/p>\n<div class=\"article__cover\">\n<div class=\"media\">\n<picture><source srcset=\"https:\/\/mf.b37mrtl.ru\/files\/2023.09\/original\/64f549b020302733e21f15c1.jpg\" sizes=\"991px\" data-srcset=\"https:\/\/mf.b37mrtl.ru\/files\/2023.09\/original\/64f549b020302733e21f15c1.jpg\" \/><img decoding=\"async\" loading=\"lazy\" class=\"read-more__cover lazyautosizes lazyloaded aligncenter\" src=\"https:\/\/mf.b37mrtl.ru\/files\/2023.09\/original\/64f549b020302733e21f15c1.jpg\" sizes=\"991px\" alt=\"RT\" width=\"1034\" height=\"688\" data-sizes=\"auto\" data-src=\"https:\/\/mf.b37mrtl.ru\/files\/2023.09\/original\/64f549b020302733e21f15c1.jpg\" \/><\/picture>\n<div class=\"media__footer media__footer_bottom \">\n<div class=\"media__title media__title_footer\" style=\"text-align: center;\"><em>Nov\u00fd vzhled Gandhi Darshan, kde jsou nov\u00e9 instalace spolu se sochami um\u00edst\u011bny p\u0159ed summitem G20 v Rajghat 1. z\u00e1\u0159\u00ed 2023 v New Delhi, Indie \u00a9 Raj K Raj\/Hindustan Times prost\u0159ednictv\u00edm Getty Images<\/em><\/div>\n<\/div>\n<\/div>\n<\/div>\n<p>V\u00fdstava, kter\u00e1 se kryje se summitem, uk\u00e1\u017ee, jak byla demokracie zako\u0159en\u011bna v indick\u00e9 kultu\u0159e od starov\u011bku.\u00a0S n\u00e1zvem \u201eMatka demokracie\u201c je inspirov\u00e1n projevem premi\u00e9ra Modiho p\u0159ed dv\u011bma lety.\u00a0\u201e\u00a0<em>My\u0161lenka volen\u00fdch v\u016fdc\u016f byla b\u011b\u017en\u00fdm rysem ve starov\u011bk\u00e9 Indii, d\u00e1vno p\u0159ed zbytkem sv\u011bta.\u00a0V na\u0161em starov\u011bk\u00e9m eposu Mah\u00e1bh\u00e1rata je prvn\u00ed povinnost\u00ed ob\u010dan\u016f pops\u00e1na volba vlastn\u00edho v\u016fdce<\/em>\u00a0,\u201c \u0159ekl premi\u00e9r.<\/p>\n<p>Jde o roz\u0161\u00ed\u0159en\u00ed vl\u00e1dn\u00ed snahy prom\u00edtnout Indii jako z\u00e1\u0159n\u00fd p\u0159\u00edklad liber\u00e1ln\u00ed demokracie.\u00a0Sna\u017e\u00ed se tak\u00e9 uk\u00e1zat, jak byly vl\u00e1dn\u00ed n\u00e1stroje nasazeny p\u0159i demokratizaci mechanism\u016f poskytov\u00e1n\u00ed slu\u017eeb, v nep\u0159\u00edm\u00e9m odkazu na populistick\u00e9 pl\u00e1ny premi\u00e9ra M\u00f3d\u00edho p\u0159ed kl\u00ed\u010dov\u00fdm volebn\u00edm rokem.<\/p>\n<p>Muktesh Pardeshi, vedouc\u00ed operac\u00ed a logistiky indick\u00e9ho sekretari\u00e1tu G20, \u0159ekl ANI, \u017ee vl\u00e1da na summitu tak\u00e9 upozorn\u00ed na masivn\u00ed digit\u00e1ln\u00ed transformaci zem\u011b, um\u011bleckou n\u00e1dheru a kulin\u00e1\u0159skou rozmanitost.\u00a0Proso, obiln\u00e1 plodina, najde p\u0159edn\u00ed m\u00edsto mezi pokrmy, kter\u00e9 budou pod\u00e1v\u00e1ny deleg\u00e1t\u016fm uprost\u0159ed vl\u00e1dn\u00edho tlaku na popularizaci, aby se zm\u00edrnila glob\u00e1ln\u00ed potravinov\u00e1 krize a obavy ze zm\u011bny klimatu.<\/p>\n<h2>Spolehliv\u00e9 zabezpe\u010den\u00ed<\/h2>\n<p>P\u0159ibli\u017en\u011b 130 000 bezpe\u010dnostn\u00edch pracovn\u00edk\u016f, v\u010detn\u011b 80 000 z dill\u00edsk\u00e9 policie, bude hl\u00eddat m\u011bsto na v\u00fdznamn\u00e9 ud\u00e1losti.\u00a0Ve v\u00fd\u0161kov\u00fdch budov\u00e1ch budou rozm\u00edst\u011bna komanda N\u00e1rodn\u00ed bezpe\u010dnostn\u00ed str\u00e1\u017ee (NSG) \u2013 elitn\u00ed protiteroristick\u00e1 jednotka \u2013 a odst\u0159elova\u010di indick\u00e9 arm\u00e1dy.\u00a0NSG tak\u00e9 nasad\u00ed syst\u00e9my proti dron\u016fm, aby \u010delila jak\u00fdmkoli potenci\u00e1ln\u00edm vzdu\u0161n\u00fdm hrozb\u00e1m.<\/p>\n<p>Zpravodajsk\u00e9 agentury v\u010detn\u011b CIA, MI-6 a \u010d\u00ednsk\u00e9 MSS jsou ve m\u011bst\u011b pro pr\u016fzkumn\u00e9 mise.\u00a0Indick\u00e9 letectvo a indick\u00e1 arm\u00e1da nasad\u00ed vrtuln\u00edky, kter\u00e9 budou hl\u00eddkovat na obloze nad m\u011bstem.\u00a0V pohotovosti bude asi 400 hasi\u010d\u016f.\u00a0Vl\u00e1da tak\u00e9 pronajala 20 nepr\u016fst\u0159eln\u00fdch limuz\u00edn za cenu 2,18 milionu dolar\u016f pro v\u016fdce trajekt\u016f, uvedla agentura Reuters.<\/p>\n<div class=\"article__cover\">\n<div class=\"media\">\n<picture><source srcset=\"https:\/\/mf.b37mrtl.ru\/files\/2023.09\/original\/64f54b472030273a3064f352.jpg\" sizes=\"991px\" data-srcset=\"https:\/\/mf.b37mrtl.ru\/files\/2023.09\/original\/64f54b472030273a3064f352.jpg\" \/><img decoding=\"async\" loading=\"lazy\" class=\"read-more__cover lazyautosizes lazyloaded aligncenter\" src=\"https:\/\/mf.b37mrtl.ru\/files\/2023.09\/original\/64f54b472030273a3064f352.jpg\" sizes=\"991px\" alt=\"RT\" width=\"927\" height=\"618\" data-sizes=\"auto\" data-src=\"https:\/\/mf.b37mrtl.ru\/files\/2023.09\/original\/64f54b472030273a3064f352.jpg\" \/><\/picture>\n<div class=\"media__footer media__footer_bottom \">\n<div class=\"media__title media__title_footer\" style=\"text-align: center;\"><em>Cvi\u010den\u00ed klouzav\u00e9ho pohybu vrtuln\u00edkem provedla druh\u00e1 skupina cvi\u010dn\u00fdch komand dill\u00edsk\u00e9 policie na Policejn\u00ed akademii p\u0159ed summitem G-20 1. z\u00e1\u0159\u00ed 2023 v Nov\u00e9m Dill\u00ed v Indii \u00a9 Sanjeev Verma\/Hindustan Times via Getty Images<\/em><\/div>\n<\/div>\n<\/div>\n<\/div>\n<h2>Dozn\u00edvaj\u00edc\u00ed \u00fa\u010dinek summitu<\/h2>\n<p>Zd\u00e1 se, \u017ee po summitu se blok G20, vytvo\u0159en\u00fd ve Washingtonu v roce 1999, aby uspokojil z\u00e1jmy Z\u00e1padu, kdy\u017e se pot\u00fdkaly s ekonomick\u00fdmi probl\u00e9my, ub\u00edral opa\u010dn\u00fdm sm\u011brem a podtrhoval geopolitiku 21. stolet\u00ed v multipol\u00e1rn\u00edm sv\u011bt\u011b.<\/p>\n<p>Minul\u00fd rok Indon\u00e9sie, odch\u00e1zej\u00edc\u00ed p\u0159edsedkyn\u011b seskupen\u00ed, hovo\u0159ila na t\u00e9ma \u201eSpole\u010dn\u011b se zotavte, obnovte se siln\u011bj\u0161\u00ed\u201c a odr\u00e1\u017eela tak sv\u011bt, kter\u00fd se vyrovn\u00e1v\u00e1 s n\u00e1sledky pandemie Covid-19.\u00a0Indie letos logicky postupuje k \u201eJedna zem\u011b, jedna rodina, jedna budoucnost\u201c tv\u00e1\u0159\u00ed v tv\u00e1\u0159 glob\u00e1ln\u00ed nejistot\u011b a mo\u017en\u00e1 ohla\u0161uje konec z\u00e1padn\u00ed hegemonie.<\/p>\n<p>Dal\u0161\u00ed dva p\u0159edsedov\u00e9 G20 \u2013 Braz\u00edlie a Jihoafrick\u00e1 republika \u2013 budou tak\u00e9 \u010dleny BRICS, tak\u017ee \u010dty\u0159i roky po sob\u011b budou v centru pozornosti seskupen\u00ed rozv\u00edjej\u00edc\u00ed se ekonomiky.<\/p>\n<p>A zahrnut\u00ed Africk\u00e9 unie na leto\u0161n\u00edm summitu m\u016f\u017ee znamenat posun v jej\u00edch hlavn\u00edch c\u00edlech uprost\u0159ed m\u011bn\u00edc\u00edho se sv\u011btov\u00e9ho \u0159\u00e1du.<\/p>\n<p><em>Autor\u00a0\u00a0<strong>Joydeep Sen Gupta,<\/strong>\u00a0asijsk\u00fd redaktor<\/em><\/p>\n<p>&nbsp;<\/p>\n<p><img decoding=\"async\" loading=\"lazy\" class=\"wp-image-33819 aligncenter\" src=\"http:\/\/www.infokuryr.cz\/n\/wp-content\/uploads\/2023\/08\/ces1-300x157.jpg\" alt=\"\" width=\"1372\" height=\"718\" srcset=\"https:\/\/www.infokuryr.cz\/n\/wp-content\/uploads\/2023\/08\/ces1-300x157.jpg 300w, https:\/\/www.infokuryr.cz\/n\/wp-content\/uploads\/2023\/08\/ces1-1024x536.jpg 1024w, https:\/\/www.infokuryr.cz\/n\/wp-content\/uploads\/2023\/08\/ces1-768x402.jpg 768w, https:\/\/www.infokuryr.cz\/n\/wp-content\/uploads\/2023\/08\/ces1.jpg 1200w\" sizes=\"(max-width: 1372px) 100vw, 1372px\" \/><\/p>\n<p>&nbsp;<\/p>\n<p><a href=\"https:\/\/stranapro.cz\/\"><img decoding=\"async\" loading=\"lazy\" class=\"wp-image-30218 aligncenter\" src=\"http:\/\/www.infokuryr.cz\/n\/wp-content\/uploads\/2023\/06\/PRO-banner-300x36.png\" alt=\"\" width=\"1367\" height=\"164\" srcset=\"https:\/\/www.infokuryr.cz\/n\/wp-content\/uploads\/2023\/06\/PRO-banner-300x36.png 300w, https:\/\/www.infokuryr.cz\/n\/wp-content\/uploads\/2023\/06\/PRO-banner-768x93.png 768w, https:\/\/www.infokuryr.cz\/n\/wp-content\/uploads\/2023\/06\/PRO-banner.png 849w\" sizes=\"(max-width: 1367px) 100vw, 1367px\" \/><\/a><\/p>\n<p>&nbsp;<\/p>\n<p>&nbsp;<\/p>\n<p>&nbsp;<\/p>\n","protected":false},"excerpt":{"rendered":"<p>Maloobchodn\u00edci v Dill\u00ed najali p\u0159ekladatele, aby se postarali o stovky hodnost\u00e1\u0159\u016f G20, kte\u0159\u00ed pravd\u011bpodobn\u011b nav\u0161t\u00edv\u00ed&#8230;<\/p>\n","protected":false},"author":2,"featured_media":35543,"comment_status":"closed","ping_status":"closed","sticky":false,"template":"","format":"standard","meta":[],"categories":[7],"tags":[50,79,623],"_links":{"self":[{"href":"https:\/\/www.infokuryr.cz\/n\/wp-json\/wp\/v2\/posts\/35542"}],"collection":[{"href":"https:\/\/www.infokuryr.cz\/n\/wp-json\/wp\/v2\/posts"}],"about":[{"href":"https:\/\/www.infokuryr.cz\/n\/wp-json\/wp\/v2\/types\/post"}],"author":[{"embeddable":true,"href":"https:\/\/www.infokuryr.cz\/n\/wp-json\/wp\/v2\/users\/2"}],"replies":[{"embeddable":true,"href":"https:\/\/www.infokuryr.cz\/n\/wp-json\/wp\/v2\/comments?post=35542"}],"version-history":[{"count":1,"href":"https:\/\/www.infokuryr.cz\/n\/wp-json\/wp\/v2\/posts\/35542\/revisions"}],"predecessor-version":[{"id":35544,"href":"https:\/\/www.infokuryr.cz\/n\/wp-json\/wp\/v2\/posts\/35542\/revisions\/35544"}],"wp:featuredmedia":[{"embeddable":true,"href":"https:\/\/www.infokuryr.cz\/n\/wp-json\/wp\/v2\/media\/35543"}],"wp:attachment":[{"href":"https:\/\/www.infokuryr.cz\/n\/wp-json\/wp\/v2\/media?parent=35542"}],"wp:term":[{"taxonomy":"category","embeddable":true,"href":"https:\/\/www.infokuryr.cz\/n\/wp-json\/wp\/v2\/categories?post=35542"},{"taxonomy":"post_tag","embeddable":true,"href":"https:\/\/www.infokuryr.cz\/n\/wp-json\/wp\/v2\/tags?post=35542"}],"curies":[{"name":"wp","href":"https:\/\/api.w.org\/{rel}","templated":true}]}}