{"id":35529,"date":"2023-09-05T01:03:01","date_gmt":"2023-09-04T23:03:01","guid":{"rendered":"http:\/\/www.infokuryr.cz\/n\/?p=35529"},"modified":"2023-09-04T19:13:26","modified_gmt":"2023-09-04T17:13:26","slug":"po-zahajeni-ockovaci-kampane-zemrely-v-thajsku-tisice-lidi-a-vlada-jiz-odskodnila-17-000-pripadu","status":"publish","type":"post","link":"https:\/\/www.infokuryr.cz\/n\/2023\/09\/05\/po-zahajeni-ockovaci-kampane-zemrely-v-thajsku-tisice-lidi-a-vlada-jiz-odskodnila-17-000-pripadu\/","title":{"rendered":"Po zah\u00e1jen\u00ed o\u010dkovac\u00ed kampan\u011b zem\u0159ely v Thajsku tis\u00edce lid\u00ed a vl\u00e1da ji\u017e od\u0161kodnila 17 000 p\u0159\u00edpad\u016f"},"content":{"rendered":"<div id=\"fb-root\"><\/div>\n<div class=\"elementor-element elementor-element-1fb4c2c elementor-widget elementor-widget-theme-post-content\" data-id=\"1fb4c2c\" data-element_type=\"widget\" data-widget_type=\"theme-post-content.default\">\n<div class=\"elementor-widget-container\">\n<p><span style=\"font-size: 18pt;\"><strong>O\u010dkov\u00e1n\u00ed proti Covid-19 v Thajsku: p\u0159eva\u017euj\u00ed rizika nad p\u0159\u00ednosy?<\/strong><\/span><\/p>\n<p><span>Mimo \u010c\u00ednu bylo Thajsko prvn\u00ed zem\u00ed, kter\u00e1 nahl\u00e1sila p\u0159\u00edpad Covid-19.\u00a0[P\u0159ed zaveden\u00edm hromadn\u00e9ho o\u010dkov\u00e1n\u00ed byl Covid-19 v Thajsku omezen na n\u011bkolik p\u0159\u00edpad\u016f a mal\u00fdch, lokalizovan\u00fdch ohnisek.\u00a0S postupn\u00fdm otev\u00edr\u00e1n\u00edm zem\u011b bylo Thajsko u\u0161et\u0159eno velk\u00fdch ohnisek Covid 19.\u00a01. \u010dervence 2020 otev\u0159ely sv\u00e9 br\u00e1ny a obnovily provoz bary, hospody, n\u00e1kupn\u00ed centra, internetov\u00e9 kav\u00e1rny, obchody s potravinami a \u0161koly.\u00a0[1] Omezen\u00ed mezin\u00e1rodn\u00edho cestov\u00e1n\u00ed z\u016fstala v platnosti a\u017e do konce roku a cestovn\u00ed ruch byl nad\u00e1le ovliv\u0148ov\u00e1n, i kdy\u017e od \u0159\u00edjna byla omezen\u00ed postupn\u011b uvol\u0148ov\u00e1na.\u00a0[2] B\u011bhem n\u00e1sleduj\u00edc\u00edch \u0161esti m\u011bs\u00edc\u016f se zd\u00e1lo, \u017ee Thajsko je na spr\u00e1vn\u00e9 cest\u011b k hospod\u00e1\u0159sk\u00e9mu o\u017eiven\u00ed,<\/span><\/p>\n<p><span>V roce 2020 Thajsko zaznamenalo 120 \u00famrt\u00ed a 6 331 nemoc\u00ed.\u00a0V dob\u011b, kdy byl 14. \u00fanora 2021 zah\u00e1jen o\u010dkovac\u00ed program, Thajsko zaznamenalo asi 24 400 p\u0159\u00edpad\u016f a 80 \u00famrt\u00ed b\u011bhem 11 m\u011bs\u00edc\u016f po prvn\u00edm hl\u00e1\u0161en\u00e9m p\u0159\u00edpadu.\u00a0Jak se v\u0161ak imunizace zvy\u0161ovala, Thajsko v n\u00e1sleduj\u00edc\u00edch 11 m\u011bs\u00edc\u00edch zaznamenalo 20 445 \u00famrt\u00ed a 2 252 976 p\u0159\u00edpad\u016f.\u00a0To p\u0159edstavuje 92n\u00e1sobn\u00fd n\u00e1r\u016fst p\u0159\u00edpad\u016f a 256n\u00e1sobn\u00fd n\u00e1r\u016fst \u00famrt\u00ed b\u011bhem 11 m\u011bs\u00edc\u016f po o\u010dkov\u00e1n\u00ed ve srovn\u00e1n\u00ed s 11 m\u011bs\u00edci p\u0159ed o\u010dkov\u00e1n\u00edm.\u00a0Bylo pozorov\u00e1no, \u017ee p\u0159\u00edpady a \u00famrt\u00ed Covid-19 \u00fazce \u010dasov\u011b souvisely s implementac\u00ed o\u010dkovac\u00edho programu.\u00a0S odkazem na ve\u0159ejn\u011b dostupn\u00e1 data a publikovan\u00e9 studie autor v tomto \u010dl\u00e1nku tvrdil, \u017ee\u00a0\u017ee masivn\u00ed vlny Covid-19 v n\u011bkolika zem\u00edch byly z\u0159ejm\u011b vyvol\u00e1ny hromadn\u00fdm o\u010dkov\u00e1n\u00edm, p\u0159i\u010dem\u017e ti, kte\u0159\u00ed byli o\u010dkovan\u00ed jednou d\u00e1vkou, pravd\u011bpodobn\u011b infikovali bl\u00edzk\u00e9 kontakty, co\u017e zp\u016fsobilo propuknut\u00ed.\u00a0K dne\u0161n\u00edmu dni Thajsko ohl\u00e1silo 34 453 \u00famrt\u00ed na Covid-19, z nich\u017e 34 373 nebo 99,8 % nastalo po zah\u00e1jen\u00ed hromadn\u00e9ho o\u010dkov\u00e1n\u00ed.<\/span><\/p>\n<div class=\"wp-block-image\">\n<figure class=\"aligncenter size-large\"><img decoding=\"async\" class=\"jetpack-lazy-image jetpack-lazy-image--handled aligncenter\" src=\"https:\/\/imagedelivery.net\/WEWiZyGwyq-Q4qn_WluYYg\/301fd78d-41fa-4cf1-50e2-3e426b369000\/articleImageDefault\" alt=\"\" data-lazy-loaded=\"1\" \/><\/figure>\n<\/div>\n<div class=\"wp-block-image\">\n<figure class=\"aligncenter size-large\"><img decoding=\"async\" class=\"jetpack-lazy-image jetpack-lazy-image--handled aligncenter\" src=\"https:\/\/imagedelivery.net\/WEWiZyGwyq-Q4qn_WluYYg\/cda6b2bb-e0bb-4479-356c-071933720b00\/public\" alt=\"\" data-lazy-loaded=\"1\" \/><\/figure>\n<\/div>\n<p><span>Dal\u0161\u00ed d\u016fle\u017eitou statistikou t\u00e9to o\u010dkovac\u00ed kampan\u011b je po\u010det lid\u00ed od\u0161kodn\u011bn\u00fdch za zran\u011bn\u00ed zp\u016fsoben\u00e1 vakc\u00ednou.\u00a0K 9. z\u00e1\u0159\u00ed 2022 po\u017e\u00e1dalo o od\u0161kodn\u011bn\u00ed za zran\u011bn\u00ed zp\u016fsoben\u00e1 vakc\u00ednou 21 139 lid\u00ed, z toho 17 559 se kvalifikovalo pro od\u0161kodn\u011bn\u00ed.\u00a0Rodiny 4 441 lid\u00ed byly od\u0161kodn\u011bny za smrt nebo invaliditu po o\u010dkov\u00e1n\u00ed.\u00a0[3] Nejm\u00e9n\u011b 3 670 rodin bylo od\u0161kodn\u011bno za \u00famrt\u00ed po o\u010dkov\u00e1n\u00ed.\u00a0[4]<\/span><\/p>\n<p><span style=\"font-size: 18pt;\"><strong>Z\u00e1v\u011br:<\/strong><\/span><\/p>\n<ul>\n<li><span>Navzdory \u0161irok\u00e9mu otev\u0159en\u00ed thajsk\u00e9 ekonomiky v \u010dervenci 2020 bylo Thajsko v n\u00e1sleduj\u00edc\u00edch \u0161esti m\u011bs\u00edc\u00edch a\u017e do zah\u00e1jen\u00ed o\u010dkovac\u00ed kampan\u011b z velk\u00e9 \u010d\u00e1sti bez ohnisek Covid-19.<\/span><\/li>\n<li><span>K 99,8 % v\u0161ech \u00famrt\u00ed na Covid-19 v Thajsku do\u0161lo po zah\u00e1jen\u00ed programu hromadn\u00e9ho o\u010dkov\u00e1n\u00ed, kter\u00fd \u00fazce souvis\u00ed s o\u010dkovac\u00ed kampan\u00ed.<\/span><\/li>\n<li><span>O od\u0161kodn\u011bn\u00ed za \u00farazy zp\u016fsoben\u00e9 o\u010dkov\u00e1n\u00edm po\u017e\u00e1dalo 21 139 lid\u00ed, z toho 17 559 ji\u017e bylo nebo bude od\u0161kodn\u011bno.<\/span><\/li>\n<li><span>4 441 lid\u00ed utrp\u011blo smrt nebo invaliditu po o\u010dkov\u00e1n\u00ed, za co\u017e byly od\u0161kodn\u011bny jejich rodiny.<\/span><\/li>\n<li><\/li>\n<\/ul>\n<p><span>Co lze z v\u00fd\u0161e uveden\u00fdch skute\u010dnost\u00ed vyvodit o v\u00fdsledku o\u010dkovac\u00edho programu proti Covid-19 v Thajsku?<\/span><\/p>\n<p><span style=\"font-size: 18pt;\"><strong>Prameny:<\/strong><\/span><\/p>\n<ul>\n<li><span>0.\u00a0\u00a0<\/span><a href=\"https:\/\/www.cidrap.umn.edu\/covid-19\/thailand-finds-wuhan-novel-coronavirus-traveler-china\" target=\"_blank\" rel=\"noreferrer noopener\"><span>https:\/\/www.cidrap.umn.edu\/covid-19\/thailand-finds-wuhan-novel-coronavirus-traveler-china<\/span><\/a><\/li>\n<li><span>1.\u00a0<\/span><\/li>\n<li><a href=\"https:\/\/asia.nikkei.com\/Spotlight\/Coronavirus\/Thailand-stays-under-COVID-19-emergency-with-third-extention\"><span>https:\/\/asia.nikkei.com\/Spotlight\/Coronavirus\/Thailand-stays-under-COVID-19-emergency-with-third-extention<\/span><\/a><\/li>\n<li><span>2.\u00a0<\/span><\/li>\n<li><a href=\"https:\/\/www.traveldailymedia.com\/thailand-gets-first-international-visitors-in-7-months-plans-to-ease-more-rules-to-attract-foreign-tourists\/\"><span>https:\/\/www.traveldailymedia.com\/thailand-gets-first-international-visitors-in-7-months-plans-to-ease-more-rules-to-attract-foreign-tourists\/<\/span><\/a><\/li>\n<li><span>3.\u00a0<\/span><a href=\"https:\/\/www.bangkokpost.com\/thailand\/general\/2389325\/nhso-halts-jab-compensation\"><span>https:\/\/www.bangkokpost.com\/thailand\/general\/2389325\/nhso-halts-jab-compensation<\/span><\/a><\/li>\n<li><span>4.\u00a0<\/span><a href=\"https:\/\/www.bangkokpost.com\/thailand\/general\/2292514\"><span>https:\/\/www.bangkokpost.com\/thailand\/general\/2292514<\/span><\/a><\/li>\n<\/ul>\n<\/div>\n<\/div>\n<div class=\"elementor-element elementor-element-8c57238 quelle dc-has-condition dc-condition-empty elementor-widget elementor-widget-heading\" data-id=\"8c57238\" data-element_type=\"widget\" data-widget_type=\"heading.default\">\n<div class=\"elementor-widget-container\">\n<h3 class=\"elementor-heading-title elementor-size-default\"><span style=\"font-size: 8pt;\"><a href=\"https:\/\/www.trialsitenews.com\/a\/covid-19-vaccinations-in-thailand-risks-outweighed-benefits-ee887774\" target=\"_blank\" rel=\"nofollow noopener\">ZDROJ<\/a><\/span><\/h3>\n<\/div>\n<\/div>\n<p>&nbsp;<\/p>\n<p><img decoding=\"async\" loading=\"lazy\" class=\"wp-image-33819 aligncenter\" src=\"http:\/\/www.infokuryr.cz\/n\/wp-content\/uploads\/2023\/08\/ces1-300x157.jpg\" alt=\"\" width=\"1374\" height=\"719\" srcset=\"https:\/\/www.infokuryr.cz\/n\/wp-content\/uploads\/2023\/08\/ces1-300x157.jpg 300w, https:\/\/www.infokuryr.cz\/n\/wp-content\/uploads\/2023\/08\/ces1-1024x536.jpg 1024w, https:\/\/www.infokuryr.cz\/n\/wp-content\/uploads\/2023\/08\/ces1-768x402.jpg 768w, https:\/\/www.infokuryr.cz\/n\/wp-content\/uploads\/2023\/08\/ces1.jpg 1200w\" sizes=\"(max-width: 1374px) 100vw, 1374px\" \/><\/p>\n<p>&nbsp;<\/p>\n<p><a href=\"https:\/\/stranapro.cz\/\"><img decoding=\"async\" loading=\"lazy\" class=\"wp-image-30218 aligncenter\" src=\"http:\/\/www.infokuryr.cz\/n\/wp-content\/uploads\/2023\/06\/PRO-banner-300x36.png\" alt=\"\" width=\"1367\" height=\"164\" srcset=\"https:\/\/www.infokuryr.cz\/n\/wp-content\/uploads\/2023\/06\/PRO-banner-300x36.png 300w, https:\/\/www.infokuryr.cz\/n\/wp-content\/uploads\/2023\/06\/PRO-banner-768x93.png 768w, https:\/\/www.infokuryr.cz\/n\/wp-content\/uploads\/2023\/06\/PRO-banner.png 849w\" sizes=\"(max-width: 1367px) 100vw, 1367px\" \/><\/a><\/p>\n<p>&nbsp;<\/p>\n<p>&nbsp;<\/p>\n<p>&nbsp;<\/p>\n","protected":false},"excerpt":{"rendered":"<p>O\u010dkov\u00e1n\u00ed proti Covid-19 v Thajsku: p\u0159eva\u017euj\u00ed rizika nad p\u0159\u00ednosy? Mimo \u010c\u00ednu bylo Thajsko prvn\u00ed zem\u00ed,&#8230;<\/p>\n","protected":false},"author":2,"featured_media":6066,"comment_status":"closed","ping_status":"closed","sticky":false,"template":"","format":"standard","meta":[],"categories":[7],"tags":[353,213,1301,1525],"_links":{"self":[{"href":"https:\/\/www.infokuryr.cz\/n\/wp-json\/wp\/v2\/posts\/35529"}],"collection":[{"href":"https:\/\/www.infokuryr.cz\/n\/wp-json\/wp\/v2\/posts"}],"about":[{"href":"https:\/\/www.infokuryr.cz\/n\/wp-json\/wp\/v2\/types\/post"}],"author":[{"embeddable":true,"href":"https:\/\/www.infokuryr.cz\/n\/wp-json\/wp\/v2\/users\/2"}],"replies":[{"embeddable":true,"href":"https:\/\/www.infokuryr.cz\/n\/wp-json\/wp\/v2\/comments?post=35529"}],"version-history":[{"count":0,"href":"https:\/\/www.infokuryr.cz\/n\/wp-json\/wp\/v2\/posts\/35529\/revisions"}],"wp:featuredmedia":[{"embeddable":true,"href":"https:\/\/www.infokuryr.cz\/n\/wp-json\/wp\/v2\/media\/6066"}],"wp:attachment":[{"href":"https:\/\/www.infokuryr.cz\/n\/wp-json\/wp\/v2\/media?parent=35529"}],"wp:term":[{"taxonomy":"category","embeddable":true,"href":"https:\/\/www.infokuryr.cz\/n\/wp-json\/wp\/v2\/categories?post=35529"},{"taxonomy":"post_tag","embeddable":true,"href":"https:\/\/www.infokuryr.cz\/n\/wp-json\/wp\/v2\/tags?post=35529"}],"curies":[{"name":"wp","href":"https:\/\/api.w.org\/{rel}","templated":true}]}}