{"id":35527,"date":"2023-09-05T01:01:02","date_gmt":"2023-09-04T23:01:02","guid":{"rendered":"http:\/\/www.infokuryr.cz\/n\/?p=35527"},"modified":"2023-09-04T18:58:50","modified_gmt":"2023-09-04T16:58:50","slug":"zlovestny-cil-agendy-zmeny-klimatu-uplna-kontrola-nad-vylidnenou-populaci","status":"publish","type":"post","link":"https:\/\/www.infokuryr.cz\/n\/2023\/09\/05\/zlovestny-cil-agendy-zmeny-klimatu-uplna-kontrola-nad-vylidnenou-populaci\/","title":{"rendered":"Zlov\u011bstn\u00fd c\u00edl agendy \u201ezm\u011bny klimatu\u201c: \u00fapln\u00e1 kontrola nad vylidn\u011bnou populac\u00ed"},"content":{"rendered":"<div id=\"fb-root\"><\/div>\n<div class=\"elementor-element elementor-element-1fb4c2c elementor-widget elementor-widget-theme-post-content\" data-id=\"1fb4c2c\" data-element_type=\"widget\" data-widget_type=\"theme-post-content.default\">\n<div class=\"elementor-widget-container\">\n<p><span>\u201eZm\u011bna klimatu\u201c nakonec nen\u00ed o fosiln\u00edch palivech a prodeji elektrick\u00fdch vozidel.\u00a0M\u00edsto toho je to prost\u0159edek k dosa\u017een\u00ed c\u00edle, \u010f\u00e1belsk\u00fd a zlov\u011bstn\u00fd c\u00edl kontroly ve prosp\u011bch elity: depopulace.<\/span><\/p>\n<p><span>Sou\u010dasn\u00e9 vl\u00e1dy to pova\u017euj\u00ed za mnohem d\u016fle\u017eit\u011bj\u0161\u00ed, dalekos\u00e1hlej\u0161\u00ed a dalekos\u00e1hlej\u0161\u00ed p\u0159\u00edle\u017eitost, kter\u00e1 ve skute\u010dnosti nen\u00ed nic jin\u00e9ho ne\u017e p\u0159estupek na pen\u011b\u017en\u00ed hrnce a mocensk\u00e9 pozice sv\u00fdch ob\u010dan\u016f \u2013 zp\u016fsob, jak p\u0159erozd\u011blit bohatstv\u00ed politick\u00fdm d\u00e1rc\u016fm a podporovatel\u016fm. a z\u00e1rove\u0148 z\u00edskat v\u00edce autorit\u00e1\u0159sk\u00e9 kontroly.<\/span><\/p>\n<p><span>Tato podvodn\u00e1 hra vnucen\u00e1 Americe a sv\u011btu m\u00e1 dva prvky.<\/span><\/p>\n<p><span>Prvn\u00ed je p\u0159\u00edm\u011bj\u0161\u00ed a zjevn\u011bj\u0161\u00ed cvi\u010den\u00ed, kter\u00e9 plyne z r\u00e9toriky a jedn\u00e1n\u00ed.<\/span><\/p>\n<p><span>Zasahov\u00e1n\u00ed do ve\u0159ejn\u00e9ho \u017eivota je evidentn\u00ed, kdy\u017e vl\u00e1da k\u0159i\u010d\u00ed KLIMATICK\u00c1 KRIZE a podnik\u00e1 kroky, jak ji\u017e u\u010dinila: opat\u0159en\u00ed zalo\u017een\u00e9 na tvrzen\u00edch, \u017ee zne\u010di\u0161t\u011bn\u00ed fosiln\u00edmi palivy je p\u0159\u00edli\u0161 velk\u00e9, mo\u0159e stoup\u00e1, v\u00fdsledkem jsou z\u00e1plavy, hurik\u00e1ny, po\u017e\u00e1ry a zni\u010den\u00ed sv\u011bta. .\u00a0Z toho plyne jejich dikt\u00e1t skoncovat s plynov\u00fdmi kamny, oh\u0159\u00edva\u010di vody, krby a seka\u010dkami na tr\u00e1vu a dokonce zak\u00e1zat auta se spalovac\u00edm motorem a propagovat EV spolu s jejich \u010dist\u0161\u00ed, ale m\u00e9n\u011b \u00fa\u010dinnou v\u011btrnou a sol\u00e1rn\u00ed energi\u00ed.<\/span><\/p>\n<p><span>Od prvn\u00edho dne v B\u00edl\u00e9m dom\u011b prezident zastavil a omezil plynovody a v\u00fdrobu plynu.\u00a0Pozor na na\u0159\u00edzen\u00ed o \u201eklimatick\u00e9 nouzi\u201c.<\/span><\/p>\n<p><span>Anal\u00fdzy ned\u00e1vn\u00fdch po\u017e\u00e1r\u016f na Havaji jsou roz\u0161\u00ed\u0159en\u00edm t\u00e9to klimatick\u00e9 r\u00e9toriky.\u00a0B\u011bhem n\u011bkolika hodin n\u011bkte\u0159\u00ed prohl\u00e1sili \u201eglob\u00e1ln\u00ed oteplov\u00e1n\u00ed\/klimatickou krizi\u201c za p\u0159\u00ed\u010dinu ni\u010den\u00ed a ztr\u00e1t na \u017eivotech.\u00a0Na vin\u011b by mohla b\u00fdt rozhodnut\u00ed \u201ezelen\u00e9ho nov\u00e9ho \u00fad\u011blu\/udr\u017eitelnosti\u201c ze strany energetick\u00fdch spole\u010dnost\u00ed, kter\u00e9 odm\u00edtly \u0159\u00e1dn\u011b \u0159\u00eddit p\u0159er\u016fst\u00e1n\u00ed sv\u00e9 infrastruktury, m\u00edsto toho nasm\u011brovaly sv\u00e9 \u00fasil\u00ed a pen\u00edze na n\u00e1kup sol\u00e1rn\u00edch panel\u016f z \u010c\u00edny a hled\u00e1n\u00ed jin\u00fdch energetick\u00fdch alternativ.<\/span><\/p>\n<p><span>Tak\u00e9 \u201esoci\u00e1ln\u00ed obavy\u201c se rozzu\u0159ily, kdy\u017e havajsk\u00e9 ministerstvo vodn\u00edch zdroj\u016f, kter\u00e9 se v\u00edce zaj\u00edmalo o \u201espravedlnost vody\u201c pro rostliny ne\u017e o vyu\u017e\u00edv\u00e1n\u00ed vody k ochran\u011b majetku a \u017eivota v Lahain\u011b, ji nedalo k dispozici hasi\u010d\u016fm.<\/span><\/p>\n<p><span>Dopady zm\u011bny klimatu se nad\u00e1le projevuj\u00ed ve form\u011b zv\u00fd\u0161en\u00fdch cen benz\u00ednu u pumpy, proto\u017ee se sni\u017euje nab\u00eddka a zvy\u0161uj\u00ed se celkov\u00e9 n\u00e1klady.\u00a0Je t\u0159eba p\u0159ipomenout, \u017ee prakticky 72 procent zbo\u017e\u00ed je dod\u00e1v\u00e1no kamiony a asi 28 procent po \u017eeleznici \u2013 oboj\u00ed jezd\u00ed na motorovou naftu.<\/span><\/p>\n<p><span>S rostouc\u00edmi n\u00e1klady na pohonn\u00e9 hmoty rostou i n\u00e1klady na zbo\u017e\u00ed, kter\u00e9 se jako z\u00e1t\u011b\u017e p\u0159en\u00e1\u0161\u00ed na spot\u0159ebitele.\u00a0N\u00e1klady na palivo a souvisej\u00edc\u00ed hnojiva?\u00a0Pro zem\u011bd\u011blce se ceny v roce 2022 oproti roku 2021 zv\u00fd\u0161\u00ed o 71 procent, co\u017e n\u00e1sledn\u011b zvy\u0161uje n\u00e1klady na jejich produkt \u2013 potraviny.<\/span><\/p>\n<p><span>Se\u010dteno a podtr\u017eeno: zdra\u017ete v\u011bci, vytv\u00e1\u0159ejte nedostatky a katastrofy, vrhejte fosiln\u00ed paliva do \u0161patn\u00e9ho sv\u011btla, uka\u017ete, \u017ee je t\u0159eba sn\u00ed\u017eit nebo odstranit jejich pou\u017e\u00edv\u00e1n\u00ed\u2026 prosadit agendu.<\/span><\/p>\n<p><span>Nad\u0161en\u00ed pro elektromobily opad\u00e1, proto\u017ee st\u00e1le v\u00edce zpr\u00e1v ukazuje, \u017ee jsou potenci\u00e1ln\u011b nebezpe\u010dn\u00e9 a spont\u00e1nn\u011b exploduj\u00ed v gar\u00e1\u017e\u00edch.\u00a0Tak\u00e9 jim vznikaj\u00ed vysok\u00e9 n\u00e1klady na opravy a \u00fadr\u017ebu, jsou m\u00e9n\u011b efektivn\u00ed, ne\u017e by si ve\u0159ejnost p\u0159\u00e1la, a postr\u00e1daj\u00ed pot\u0159ebnou infrastrukturu.<\/span><\/p>\n<p><span>Po ztr\u00e1t\u011b 1 miliardy dolar\u016f v minul\u00e9m \u010dtvrtlet\u00ed a p\u0159edpokl\u00e1dan\u00e9 ztr\u00e1t\u011b 3 miliard dolar\u016f za rok Ford ned\u00e1vno sn\u00ed\u017eil ceny kv\u016fli nedostatku popt\u00e1vky po sv\u00fdch tolik vychvalovan\u00fdch elektrick\u00fdch vozech.<\/span><\/p>\n<p><img decoding=\"async\" loading=\"lazy\" class=\"wp-image-33819 aligncenter\" src=\"http:\/\/www.infokuryr.cz\/n\/wp-content\/uploads\/2023\/08\/ces1-300x157.jpg\" alt=\"\" width=\"1361\" height=\"712\" srcset=\"https:\/\/www.infokuryr.cz\/n\/wp-content\/uploads\/2023\/08\/ces1-300x157.jpg 300w, https:\/\/www.infokuryr.cz\/n\/wp-content\/uploads\/2023\/08\/ces1-1024x536.jpg 1024w, https:\/\/www.infokuryr.cz\/n\/wp-content\/uploads\/2023\/08\/ces1-768x402.jpg 768w, https:\/\/www.infokuryr.cz\/n\/wp-content\/uploads\/2023\/08\/ces1.jpg 1200w\" sizes=\"(max-width: 1361px) 100vw, 1361px\" \/><\/p>\n<p><span>Gener\u00e1ln\u00ed \u0159editel Fordu Jim Farley m\u00e1 sv\u00e9 vlastn\u00ed zku\u0161enosti s elektromobily a majitel F-150 Dalbir Bala vyhodil sv\u016fj elektrick\u00fd n\u00e1kla\u010f\u00e1k kv\u016fli probl\u00e9m\u016fm s nab\u00edjen\u00edm na v\u00fdlet\u011b a p\u0159ehnan\u00fdm \u00fa\u010dt\u016fm za opravy.<\/span><\/p>\n<p><span>V hork\u00e9m prost\u0159ed\u00ed mohou elektromobily ztratit a\u017e 30 procent sv\u00e9ho dojezdu p\u0159i teplot\u00e1ch kolem 100 stup\u0148\u016f.\u00a0V l\u00e9t\u011b v Arizon\u011b, kde jsme ned\u00e1vno m\u011bli 51 dn\u00ed nad 43 stupni a t\u0159i dny nad 48 stupni, m\u016f\u017ee elektromobil ztratit 40 a\u017e 60 procent dojezdu.<\/span><\/p>\n<p><span>Pot\u00e9, co se do odv\u011btv\u00ed EV nalily miliardy, p\u0159edn\u00ed v\u00fdrobce EV autobus\u016f Proterra vyhl\u00e1sil bankrot a v\u0161ichni jsme vid\u011bli exploduj\u00edc\u00ed EV autobus ve zpr\u00e1v\u00e1ch.<\/span><\/p>\n<p><span>Toto a \u201eGreen New Deal\u201c jako sou\u010d\u00e1st klimatick\u00e9ho podvodu nejsou pro Ameriku dobr\u00e9.\u00a0Z\u00e1kaz \u017e\u00e1rovek, omezov\u00e1n\u00ed spot\u0159ebi\u010d\u016f, prosazov\u00e1n\u00ed program\u016f nen\u00ed to, co ve\u0159ejnost chce, proto\u017ee se to t\u00fdk\u00e1 7 procent voli\u010d\u016f.\u00a0Na druhou stranu jsou d\u016fle\u017eit\u00fdm probl\u00e9mem vy\u0161\u0161\u00ed ceny benz\u00ednu a komodit.<\/span><\/p>\n<p><span>Druh\u00fd prvek, podvratn\u011bj\u0161\u00ed a \u010f\u00e1belsk\u00fd, se op\u00edr\u00e1 o des\u00edtky let skryt\u00fdch pl\u00e1n\u016f.<\/span><\/p>\n<p><span>N\u011bkte\u0159\u00ed tyto \u010f\u00e1belsk\u00e9 koncepty zavrhnou jako konspirativn\u00ed, ale politika pln\u011bn\u00ed p\u0159\u00e1n\u00ed elity, kter\u00e1 po desetilet\u00ed \u010d\u00edhala ve st\u00ednu progresivn\u00edho v\u011bdom\u00ed, se kone\u010dn\u011b celosv\u011btov\u011b prosazuje.<\/span><\/p>\n<p><span>Skute\u010dn\u00e9 klimatick\u00e9 chov\u00e1n\u00ed m\u00e1 mnohem hroziv\u011bj\u0161\u00ed, nebezpe\u010dn\u011bj\u0161\u00ed a zr\u00e1dn\u011bj\u0161\u00ed c\u00edl, splnit pl\u00e1ny elit chtiv\u00fdch moci na exkluzivitu a jejich sev\u0159en\u00ed ob\u010dan\u016f sv\u011bta.<\/span><\/p>\n<p><span>Z\u00e1klad?\u00a0\u201eAntihumanismus\u201c [depopulace], kter\u00fd se datuje od Thomase Malthuse a roz\u0161\u00ed\u0159en\u00ed malthusi\u00e1nsk\u00fdch p\u0159esv\u011bd\u010den\u00ed o populaci.<\/span><\/p>\n<p><span>N\u00e1\u0161 hloubkov\u00fd rozhovor s Jeromem Corsim, Ph.D., n\u00e1m poskytl ur\u010dit\u00fd pohled na tento ohavn\u00fd z\u00e1klad \u201eklimatick\u00e9 krize\u201c.\u00a0Jejich agenda se neztratila v \u010dase, ale v dne\u0161n\u00edm sv\u011bt\u011b se rozv\u00edj\u00ed expanz\u00ed globalist\u016f, neokon\u016f a marxist\u016f.<\/span><\/p>\n<p><span>\u201eZm\u011bna klimatu\u201c nakonec nen\u00ed o fosiln\u00edch palivech a prodeji elektrick\u00fdch vozidel.\u00a0M\u00edsto toho je to prost\u0159edek k dosa\u017een\u00ed c\u00edle, \u010f\u00e1belsk\u00fd a zlov\u011bstn\u00fd c\u00edl kontroly ve prosp\u011bch elity: depopulace.<\/span><\/p>\n<p><span>O tomto zlu byly naps\u00e1ny knihy.\u00a0Z prostorov\u00fdch d\u016fvod\u016f zde nem\u016f\u017eeme j\u00edt do podrobnost\u00ed;\u00a0kl\u00ed\u010dov\u00e9 body jsou v\u0161ak z\u0159ejm\u00e9 a d\u016fle\u017eit\u00e9 je poznamenat.<\/span><\/p>\n<p><span>Jak vysv\u011btluje Corsi, \u201eekologick\u00e9 hnut\u00ed rozkvetlo na konci druh\u00e9 sv\u011btov\u00e9 v\u00e1lky, veden\u00e9 aktivisty odhodlan\u00fdmi zm\u011bnit n\u00e1\u0161 sv\u011bt.\u201c<\/span><\/p>\n<p><span>Harrison Brown, v\u011bdec, pracoval na projektu Manhattan.\u00a0V roce 1954 napsal The Challenge of Man&#8217;s Future, kde uvedl, \u017ee \u201eje p\u0159\u00edli\u0161 mnoho lid\u00ed a my spot\u0159ebov\u00e1v\u00e1me v\u0161echny zdroje na Zemi;\u00a0\u017ee v podstat\u011b pl\u00fdtv\u00e1me budoucnost\u00ed Zem\u011b, proto\u017ee j\u00ed nen\u00ed dost pro v\u0161echny.\u201c<\/span><\/p>\n<p><span>Dal\u0161\u00edm byl Paul Ehrlich.\u00a0Ve sv\u00e9 knize The Population Bomb z roku 1968 tvrdil, \u017ee lidsk\u00e1 populace je p\u0159\u00edli\u0161 velk\u00e1.\u00a0Jeho n\u00e1zor: \u201eU\u017e si nem\u016f\u017eeme dovolit l\u00e9\u010dit p\u0159\u00edznaky rakoviny popula\u010dn\u00edho r\u016fstu, rakovina samotn\u00e1 mus\u00ed b\u00fdt odstran\u011bna.\u00a0Jedinou odpov\u011bd\u00ed je kontrola populace.&#8220;<\/span><\/p>\n<p><span>Pod\u00edvejte se na selektivn\u00ed, eugenikou \u0159\u00edzen\u00fd pl\u00e1n depopulace Margaret Sanger v akci v modern\u00ed tov\u00e1rn\u011b na potraty Planned Parenthood.<\/span><\/p>\n<p><span>Obamou jmenovan\u00fd John Holdren zastupoval jeho pozice v popula\u010dn\u00ed politice.\u00a0V roce 1977 Holdren a jeho kolegov\u00e9 \u2013 ano, Paul a Anne Ehrlichovi \u2013 publikovali Ecoscience, ve kter\u00e9m Holdren a jeho spoluauto\u0159i obhajovali v\u00e1\u017en\u00e9 zv\u00e1\u017een\u00ed radik\u00e1ln\u00edch opat\u0159en\u00ed ke sn\u00ed\u017een\u00ed lidsk\u00e9 populace.<\/span><\/p>\n<p><span>Aby dos\u00e1hli sv\u00e9ho c\u00edle vylidn\u011bn\u00ed, pot\u0159ebovali dostate\u010dn\u011b siln\u00e9 kladivo, aby p\u0159im\u011blo ve\u0159ejnost jednat, a to bylo \u2013 zm\u011bna klimatu.<\/span><\/p>\n<p><span>Ehrlich a Holdren se zam\u011b\u0159ili na klima a do\u0161li k z\u00e1v\u011bru, \u017ee pou\u017e\u00edv\u00e1n\u00ed uhlovod\u00edkov\u00fdch paliv, kter\u00e1 vypou\u0161t\u011bj\u00ed oxid uhli\u010dit\u00fd, p\u0159edstavuje empirickou nebezpe\u010dnou environment\u00e1ln\u00ed hrozbu sklen\u00edkov\u00fdch plyn\u016f.\u00a0Zp\u016fsobilo by to, \u017ee by Zem\u011b byla bu\u010f p\u0159\u00edli\u0161 studen\u00e1, nebo p\u0159\u00edli\u0161 tepl\u00e1.\u00a0\u201eM\u016f\u017eeme donutit lidi, aby p\u0159estali pou\u017e\u00edvat uhlovod\u00edkov\u00e1 paliva.\u00a0(Vid\u00ed\u0161, \u017ee to p\u0159ich\u00e1z\u00ed?)<\/span><\/p>\n<p><span>Dokonce za\u0161li tak daleko, \u017ee tvrdili, \u017ee lid\u00e9, kte\u0159\u00ed \u201ep\u0159isp\u00edvaj\u00ed k soci\u00e1ln\u00ed degradaci, mohou b\u00fdt pr\u00e1vn\u011b nuceni p\u0159evz\u00edt reproduk\u010dn\u00ed odpov\u011bdnost\u201c.<\/span><\/p>\n<p><span>Dokonce i \u201eKissingerova zpr\u00e1va\u201c z 10. prosince 1974 (kdysi utajovan\u00e1 a zn\u00e1m\u00e1 jako National Security Study Memorandum 200) poukazuje na dopad r\u016fstu sv\u011btov\u00e9 populace na bezpe\u010dnost USA.\u00a0Kissinger argumentuje t\u00edm, co tvrdil Ehrlich ji\u017e v roce 1968, \u017ee je p\u0159\u00edli\u0161 mnoho lid\u00ed, a \u0159\u00edk\u00e1: &#8222;Mus\u00edme omezit po\u010det.&#8220;<\/span><\/p>\n<p><span>O Agend\u011b 21 Organizace spojen\u00fdch n\u00e1rod\u016f, kter\u00e1 se prom\u011bnila v Agendu 2030, nen\u00ed mnoho sly\u0161et.\u00a0Hluboce se no\u0159\u00ed do spole\u010dnost\u00ed s ru\u0161iv\u00fdmi glob\u00e1ln\u00edmi aspiracemi, do men\u0161\u00edch 15minutov\u00fdch m\u011bst, zakazuje prodej plynov\u00fdch vozidel a postupn\u011b vy\u0159azuje spot\u0159ebi\u010de na plyn.\u00a0N\u011bco pro maxim\u00e1ln\u00ed kontrolu?<\/span><\/p>\n<p><span>Kdy\u017e v\u00e1\u0161 \u017eivot z\u00e1vis\u00ed na zdroji energie pro cestov\u00e1n\u00ed, pr\u00e1ci, z\u00e1bavu a domov, jste v rozmaru toho, kdo p\u0159epne vyp\u00edna\u010d.\u00a0A pokud bude \u017e\u00edt lep\u0161\u00ed, svobodn\u011bj\u0161\u00ed \u017eivot v pohodl\u00ed sv\u00e9ho vzne\u0161en\u00e9ho p\u0159\u00edbytku, odd\u011blen\u00fd od nevoln\u00edk\u016f sv\u011bta, pak bude za sv\u00e9 \u201eochrann\u00e9, pokrokov\u00e9 my\u0161len\u00ed\u201c odm\u011bn\u011bn z\u00e1chranou sv\u011bta p\u0159ed sklen\u00edkov\u00fdmi plyny.<\/span><\/p>\n<p><span>Podvod, kter\u00fd se hraje Ameri\u010dan\u016fm, nen\u00ed o \u010dist\u00e9m vzduchu, odstra\u0148ov\u00e1n\u00ed p\u0159\u00edrodn\u00edch katastrof nebo ochran\u011b spole\u010dnosti.\u00a0Jde o tot\u00e1ln\u00ed a absolutn\u00ed kontrolu nad ka\u017ed\u00fdm aspektem vlastn\u00edho \u017eivota, pr\u00e1ce a hry \u2013 dokonce i nad na\u0161\u00ed samotnou existenc\u00ed na t\u00e9to planet\u011b.<\/span><\/p>\n<p><span>Po\u010das\u00ed se m\u011bn\u00ed.\u00a0Klima je pom\u011brn\u011b konstantn\u00ed a nem\u011blo by b\u00fdt pou\u017e\u00edv\u00e1no jako beranidlo pro soci\u00e1ln\u00ed zm\u011bny nebo politick\u00e9 man\u00e9vry.\u00a0Zem\u011b byla v\u017edy teplej\u0161\u00ed a chladn\u011bj\u0161\u00ed a bude se i v budoucnu m\u011bnit, ale pokus \u010dlov\u011bka ji ovl\u00e1dat?\u00a0Bezv\u00fdznamn\u00e9 \u00fasil\u00ed.<\/span><\/p>\n<p><span>Rozpozn\u00e1n\u00ed tohoto vl\u00e1dn\u00edho podvodu za to, co je, umo\u017e\u0148uje lidem porozum\u011bt relevantn\u00edm a nezkreslen\u00fdm informac\u00edm.\u00a0Zdroj pro tento faktick\u00fd popis a dal\u0161\u00ed lze nal\u00e9zt v Corsiho nejnov\u011bj\u0161\u00ed knize Pravda o energii, glob\u00e1ln\u00edm oteplov\u00e1n\u00ed a zm\u011bn\u011b klimatu: Odhalov\u00e1n\u00ed l\u017e\u00ed v klimatu ve v\u011bku dezinformac\u00ed.<\/span><\/p>\n<p><span>M\u00e1m r\u00e1d sv\u00e9 auto, krb a sv\u016fj st\u0159edn\u011b siln\u00fd steak.\u00a0M\u011bli bychom naj\u00edt zp\u016fsoby, jak udr\u017eet na\u0161e \u017eivoty a z\u00e1rove\u0148 zachovat \u010distou a zelenou planetu \u2013 ale ne zab\u00edjen\u00edm na\u0161ich bli\u017en\u00edch.<\/span><\/p>\n<p><span>Existenci\u00e1ln\u00ed hrozbou nen\u00ed zm\u011bna klimatu.\u00a0Je to klimatick\u00fd podvod.<\/span><\/p>\n<\/div>\n<\/div>\n<div class=\"elementor-element elementor-element-8c57238 quelle dc-has-condition dc-condition-empty elementor-widget elementor-widget-heading\" data-id=\"8c57238\" data-element_type=\"widget\" data-widget_type=\"heading.default\">\n<div class=\"elementor-widget-container\">\n<h3 class=\"elementor-heading-title elementor-size-default\"><span style=\"font-size: 8pt;\"><a href=\"https:\/\/www.lifesitenews.com\/opinion\/the-sinister-goal-of-the-climate-change-agenda-total-control-over-a-depopulated-citizenry\/?utm_source=most_recent&amp;utm_campaign=usa\" target=\"_blank\" rel=\"nofollow noopener\">ZDROJ<\/a><\/span><\/h3>\n<\/div>\n<\/div>\n<p>&nbsp;<\/p>\n<p><a href=\"https:\/\/stranapro.cz\/\"><img decoding=\"async\" loading=\"lazy\" class=\"wp-image-30218 aligncenter\" src=\"http:\/\/www.infokuryr.cz\/n\/wp-content\/uploads\/2023\/06\/PRO-banner-300x36.png\" alt=\"\" width=\"1367\" height=\"164\" srcset=\"https:\/\/www.infokuryr.cz\/n\/wp-content\/uploads\/2023\/06\/PRO-banner-300x36.png 300w, https:\/\/www.infokuryr.cz\/n\/wp-content\/uploads\/2023\/06\/PRO-banner-768x93.png 768w, https:\/\/www.infokuryr.cz\/n\/wp-content\/uploads\/2023\/06\/PRO-banner.png 849w\" sizes=\"(max-width: 1367px) 100vw, 1367px\" \/><\/a><\/p>\n<p>&nbsp;<\/p>\n<p>&nbsp;<\/p>\n","protected":false},"excerpt":{"rendered":"<p>\u201eZm\u011bna klimatu\u201c nakonec nen\u00ed o fosiln\u00edch palivech a prodeji elektrick\u00fdch vozidel.\u00a0M\u00edsto toho je to prost\u0159edek&#8230;<\/p>\n","protected":false},"author":2,"featured_media":28437,"comment_status":"closed","ping_status":"closed","sticky":false,"template":"","format":"standard","meta":[],"categories":[7],"tags":[873,2320,794,3284],"_links":{"self":[{"href":"https:\/\/www.infokuryr.cz\/n\/wp-json\/wp\/v2\/posts\/35527"}],"collection":[{"href":"https:\/\/www.infokuryr.cz\/n\/wp-json\/wp\/v2\/posts"}],"about":[{"href":"https:\/\/www.infokuryr.cz\/n\/wp-json\/wp\/v2\/types\/post"}],"author":[{"embeddable":true,"href":"https:\/\/www.infokuryr.cz\/n\/wp-json\/wp\/v2\/users\/2"}],"replies":[{"embeddable":true,"href":"https:\/\/www.infokuryr.cz\/n\/wp-json\/wp\/v2\/comments?post=35527"}],"version-history":[{"count":0,"href":"https:\/\/www.infokuryr.cz\/n\/wp-json\/wp\/v2\/posts\/35527\/revisions"}],"wp:featuredmedia":[{"embeddable":true,"href":"https:\/\/www.infokuryr.cz\/n\/wp-json\/wp\/v2\/media\/28437"}],"wp:attachment":[{"href":"https:\/\/www.infokuryr.cz\/n\/wp-json\/wp\/v2\/media?parent=35527"}],"wp:term":[{"taxonomy":"category","embeddable":true,"href":"https:\/\/www.infokuryr.cz\/n\/wp-json\/wp\/v2\/categories?post=35527"},{"taxonomy":"post_tag","embeddable":true,"href":"https:\/\/www.infokuryr.cz\/n\/wp-json\/wp\/v2\/tags?post=35527"}],"curies":[{"name":"wp","href":"https:\/\/api.w.org\/{rel}","templated":true}]}}