{"id":35521,"date":"2023-09-04T06:43:07","date_gmt":"2023-09-04T04:43:07","guid":{"rendered":"http:\/\/www.infokuryr.cz\/n\/?p=35521"},"modified":"2023-11-10T19:28:49","modified_gmt":"2023-11-10T18:28:49","slug":"michael-svatos-sok-eu-se-zmeni-na-ee-evropskou-exekutivu-cesi-a-slovaci-budou-zbaveni-sveho-obcanstvi","status":"publish","type":"post","link":"https:\/\/www.infokuryr.cz\/n\/2023\/09\/04\/michael-svatos-sok-eu-se-zmeni-na-ee-evropskou-exekutivu-cesi-a-slovaci-budou-zbaveni-sveho-obcanstvi\/","title":{"rendered":"Michael Svato\u0161: \u0160OK! EU se zm\u011bn\u00ed na EE \u2013 Evropskou Exekutivu! \u010ce\u0161i a Slov\u00e1ci budou zbaveni sv\u00e9ho ob\u010danstv\u00ed&#8230;"},"content":{"rendered":"<div id=\"fb-root\"><\/div>\n<p><span style=\"font-size: 14pt;\"><strong>\u0160OK! EU se zm\u011bn\u00ed na EE \u2013 Evropskou Exekutivu! \u010ce\u0161i a Slov\u00e1ci budou zbaveni sv\u00e9ho ob\u010danstv\u00ed a stanou se ob\u010dany Bruselsk\u00e9 Exekutivy! Ta bude m\u00edt v\u00fdlu\u010dn\u00e9 pr\u00e1vo vyhla\u0161ovat v\u00e1lky a mobilizace, a diktovat z\u00e1kony! V\u00fdznamn\u00fd Eurokrat si nechal p\u0159id\u011blit dotaci 327 784 EUR na zateplen\u00ed sv\u00e9 luxusn\u00ed vily! Neuv\u011b\u0159iteln\u00e9 video! Jeho drzost \u017e\u00e1dn\u00e9mu z na\u0161ich politik\u016f nevad\u00ed, a je\u0161t\u011b se s n\u00edm kamar\u00e1d\u00ed!<\/strong><\/span><\/p>\n<p>Omlouv\u00e1m se za v\u00fdpadek anal\u00fdz 2. a 3. z\u00e1\u0159\u00ed. Zl\u00fd \u201c<em><a href=\"https:\/\/www.odpovedi.cz\/otazky\/co-je-moribundus-mam-strach-o-sve-zdravi\">moribundus<\/a><\/em>\u201d mne srazil na 48 hodin do postele.<\/p>\n<p><a href=\"https:\/\/www.politico.eu\/article\/eu-lawmakers-pitch-far-reaching-treaty-reform-plan\/\">Evropsk\u00e1 Unie se m\u00e1 p\u0159ejmenovat na Evropskou Exekutivu<\/a>, jak o v\u00edkendu potvrdil v\u00fdznamn\u00fd bruselsk\u00fd diplomat! Nejde o nic jin\u00e9ho, ne\u017e rychle p\u0159ed\u011blat EU na st\u00e1t podobn\u00fd Rusk\u00e9 federaci, ve kter\u00e9m parlament EU a brusel\u0161t\u00ed Exekuto\u0159i budou m\u00edt v\u00fdsadn\u00ed pr\u00e1vo vnutit v\u0161em ostatn\u00edm zem\u00edm EU nov\u00e9 z\u00e1kony a na\u0159\u00edzen\u00ed!<\/p>\n<ul>\n<li>Exekutiva EU, (b\u00fdval\u00e1 komise EU), m\u00e1 z\u00edskat pr\u00e1vo jednat za jednotliv\u00e9 zem\u011b EU a uzav\u00edrat za n\u011b pr\u00e1vn\u011b z\u00e1vazn\u00e9 smlouvy se v\u0161emi d\u016fsledky! Nap\u0159\u00edklad o\u00a0<a href=\"https:\/\/www.michalapetr.com\/map-1590-brusel-se-chysta-zabavit-vsechny-ceske-polske-a-slovenske-lesy-novela-zakona-je-uz-pripravena-ke-schvaleni\/\">privatizaci a zabaven\u00ed \u010desk\u00fdch st\u00e1tn\u00edch les\u016f<\/a>, jak jsme informovali v MAP 1590 v \u00fanoru. Exekutiva m\u00e1 nap\u0159\u00ed\u0161t\u011b\u00a0<em><a href=\"https:\/\/www.politico.eu\/article\/eu-lawmakers-pitch-far-reaching-treaty-reform-plan\/\">v\u00fdhradn\u011b rozhodovat<\/a>\u00a0o z\u00e1le\u017eitostech \u017eivotn\u00edho prost\u0159ed\u00ed a klimatu<\/em>!<\/li>\n<li>Rozhodovat o z\u00e1konech EU se u\u017e nebude jednomysln\u00fdm souhlasem v\u0161ech vl\u00e1d zem\u00ed EU,\u00a0<a href=\"https:\/\/www.consilium.europa.eu\/cs\/council-eu\/voting-system\/qualified-majority\/\">ale kvalifikovanou v\u011bt\u0161inou EU<\/a>! Z\u00e1padu EU nebude v\u00fdchod EU moci vzdorovat, a bude se muset pod\u0159\u00eddit! N\u011bmecko a Francii nikdo nep\u0159ehlasuje!! Na zablokov\u00e1n\u00ed na\u0159\u00edzen\u00ed EU bude t\u0159eba nejm\u00e9n\u011b 5 st\u00e1t\u016f se 157 miliony obyvatel.\u00a0<a href=\"https:\/\/european-union.europa.eu\/principles-countries-history\/key-facts-and-figures\/life-eu_cs\">Zem\u011b b\u00fdval\u00e9 v\u00fdchodn\u00ed Evropy maj\u00ed jen necel\u00fdch 100 milion\u016f obyvatel<\/a>! N\u011bmecko a Francie maj\u00ed spole\u010dn\u011b 152 milion\u016f a sta\u010d\u00ed jim za sliby miliardov\u00fdch dotac\u00ed nakoupit t\u0159i mal\u00e9 zem\u011b EU a maj\u00ed vystar\u00e1no! Nikdo proti jejich v\u016fli nic nepo\u0159\u00edd\u00ed! Pr\u00e1vo VETA tomuto rozhodov\u00e1n\u00ed o n\u00e1s za n\u00e1s br\u00e1nilo, proto m\u00e1 b\u00fdt odstran\u011bno!<\/li>\n<li>Touto kvalifikovanou v\u011bt\u0161inou se m\u00e1\u00a0<em><a href=\"https:\/\/www.politico.eu\/article\/eu-lawmakers-pitch-far-reaching-treaty-reform-plan\/\">rozhodovat kompletn\u011b o ot\u00e1zk\u00e1ch<\/a>\u00a0obrany, dan\u00ed a zahrani\u010dn\u00ed politiky<\/em>! V podstat\u011b by tak Parlament \u010cR ztratil sv\u00e9 v\u00fdhradn\u00ed pr\u00e1vo vyhla\u0161ovat v\u00e1lky! Brusel by zavelel a \u010de\u0161t\u00ed i sloven\u0161t\u00ed voj\u00e1ci by u\u017e ma\u0161\u00edrovali, a ob\u010dan\u00e9 by byli podrobeni mobilizaci, bez ohledu na to, co si o tom mysl\u00ed jimi zvolen\u00ed politici!<\/li>\n<li>Pravomoci Parlamentu EU se\u00a0<a href=\"https:\/\/www.politico.eu\/article\/eu-lawmakers-pitch-far-reaching-treaty-reform-plan\/\"><em>maj\u00ed drasticky roz\u0161\u00ed\u0159it<\/em><\/a>, a\u00a0<a href=\"https:\/\/www.politico.eu\/article\/eu-lawmakers-pitch-far-reaching-treaty-reform-plan\/\"><em>instituc\u00edm EU se m\u00e1 ud\u011blit v\u00fdlu\u010dn\u00e1 pravomoc rozhodovat o ot\u00e1zk\u00e1ch t\u0159eba klimatu nebo \u017eivotn\u00edho prost\u0159ed\u00ed<\/em><\/a>, atd! Instituce EU to jsou \u00fa\u0159edn\u00edci EU! M\u00edsto politik\u016f, kter\u00e9 vol\u00edme ve volb\u00e1ch, tak maj\u00ed o na\u0161ich \u017eivotech a dan\u00edch rozhodovat nik\u00fdm nevolen\u00ed \u00fa\u0159edn\u00edci EU!<\/li>\n<\/ul>\n<p><a href=\"https:\/\/www.politico.eu\/article\/eu-lawmakers-pitch-far-reaching-treaty-reform-plan\/\">Cel\u00fd pl\u00e1n vymysleli tito poslanci EU<\/a>\u00a0\u2013 hlavn\u00ed je belgick\u00fd liber\u00e1l Guy Verhofstadt,\u00a0<a href=\"https:\/\/www.europarl.europa.eu\/meps\/cs\/97058\/GUY_VERHOFSTADT\/cv#detailedcardmep\">\u010dlen veden\u00ed fondu Alexeje Navaln\u00e9ho<\/a>. Verhofstadt je zavil\u00fdm nep\u0159\u00edtelem \u010cesk\u00e9ho st\u00e1tu i Slovenska. Ve sv\u00e9 knize\u00a0<a href=\"https:\/\/livre.fnac.com\/a4745483\/Daniel-Cohn-Bendit-Debout-l-Europe\" target=\"_blank\" rel=\"external noopener noreferrer\" data-wpel-link=\"external\">Debout l\u2019Europe!<\/a> vysv\u011btluje budouc\u00ed v\u00fdvoj Evropy takto \u2013 V\u0161echny zem\u011b EU odejdou z OSN, v EU budou zru\u0161eny st\u00e1ty a zavedeno jednotn\u00e9\u00a0 <a href=\"https:\/\/www.schengenvisainfo.com\/eu-citizenship\/\">evropsk\u00e9 ob\u010danstv\u00ed<\/a>! EU opust\u00ed Sv\u011btovou banku, Mezin\u00e1rodn\u00ed m\u011bnov\u00fd fond, a v\u0161echny evropsk\u00e9 vl\u00e1dy i parlamenty budou zru\u0161eny. V\u0161emu bude vl\u00e1dnout bruselsk\u00e1 exekutiva a parlament EU! Verhofstadt je mazan\u00fd Eurokrat \u2013\u00a0<a href=\"https:\/\/www.knack.be\/nieuws\/verhofstadt-krijgt-restauratiepremie-van-327-784-euro-voor-privewoning\/\">v roce 2012 si nechal p\u0159id\u011blit ve\u0159ejnou dotaci 327 784 EUR<\/a>, (8.2 milionu CZK), na renovaci vily, kterou si koupil, a ve kter\u00e9 bydl\u00ed, aby ji p\u0159ipravil na \u201cbudouc\u00ed zdra\u017eov\u00e1n\u00ed energi\u00ed\u201d! Verhofstadt m\u00e1 u\u017e 11 let za evropsk\u00e9 pen\u00edze \u201czateplenou luxusn\u00ed vilu\u201d, a od t\u00e9 doby je hlavn\u00edm bojovn\u00edkem za zdra\u017eov\u00e1n\u00ed energi\u00ed! A nikomu z politik\u016f to samoz\u0159ejm\u011b nevad\u00ed! Dole na fotce vila mazan\u00e9ho politika Verhofstadta: (<a href=\"https:\/\/civilek.info\/en\/2022\/09\/06\/the-magyargyulolo-brussels-politician-demands-sanctions-but-he-bought-the-luxury-villa-with-taxpayers-39-money\/\">zdroj<\/a>), (<a href=\"https:\/\/youtu.be\/qQrQprZ9_I0\">video<\/a>, m\u00e1 u vily i motorov\u00fd \u010dlun).<\/p>\n<p><img decoding=\"async\" loading=\"lazy\" class=\"wp-image-5841 aligncenter\" src=\"https:\/\/www.michalapetr.com\/wp-content\/uploads\/2023\/09\/Guy-Verhofstadt-villaja.jpg\" sizes=\"(max-width: 730px) 100vw, 730px\" srcset=\"https:\/\/www.michalapetr.com\/wp-content\/uploads\/2023\/09\/Guy-Verhofstadt-villaja.jpg 730w, https:\/\/www.michalapetr.com\/wp-content\/uploads\/2023\/09\/Guy-Verhofstadt-villaja-300x169.jpg 300w, https:\/\/www.michalapetr.com\/wp-content\/uploads\/2023\/09\/Guy-Verhofstadt-villaja-705x397.jpg 705w, https:\/\/www.michalapetr.com\/wp-content\/uploads\/2023\/09\/Guy-Verhofstadt-villaja-450x253.jpg 450w\" alt=\"\" width=\"832\" height=\"468\" \/><\/p>\n<p>Verhofstadt je fanatick\u00fdm p\u0159\u00edvr\u017eencem v\u00e1lky proti Rusku. V \u010dervenci nad\u00e1val v parlamentu EU hlavn\u00edm evropsk\u00fdm politik\u016fm, \u017ee m\u00e1lo podporuj\u00ed Ukrajinu, a po\u017eadoval jej\u00ed okam\u017eit\u00e9 a\u00a0<a href=\"https:\/\/twitter.com\/guyverhofstadt\/status\/1677374726195544064\">bezpodm\u00edne\u010dn\u00e9 p\u0159ijet\u00ed do EU i NATO<\/a>\u00a0\u2013\u00a0<a href=\"https:\/\/twitter.com\/guyverhofstadt\/status\/1679052144270360576\">video<\/a>! Ani Petr Fiala nebyl loni Verhofstadtovi dost dobr\u00fd, a v parlamentu EU jej ve\u0159ejn\u011b obvi\u0148oval z neschopnosti zajistit dostate\u010dnou v\u00e1le\u010dnou pomoc Ukrajin\u011b! \u0160okovan\u00fd Fiala byl dokonale zasko\u010den! (<a href=\"https:\/\/www.europarl.europa.eu\/plenary\/en\/vod.html?mode=unit&amp;vodLanguage=EN&amp;playerStartTime=20220706-10:36:50&amp;playerEndTime=20220706-10:38:57#\">Video<\/a>.)\u00a0<a href=\"https:\/\/en.wikipedia.org\/wiki\/Renew_Europe\">Verhofstadt je \u010dlenem politick\u00e9ho uskupen\u00ed Renew Europe<\/a>, stejn\u011b jako strana ANO velkoagr\u00e1rn\u00edka Babi\u0161e! A\u010dkoli po t\u00e9, co hlavn\u00ed podporovatelky Bruselu\u00a0<a href=\"https:\/\/domaci.hn.cz\/c1-67218260-europoslanecky-klub-ano-se-rozpada-po-charanzove-oznamila-i-dlabajova-ze-za-hnuti-uz-nebude-kandidovat\">Charanzov\u00e1 a Dlabajov\u00e1 ozn\u00e1mily<\/a>, \u017ee u\u017e nebudou za ANO kandidovat, je mo\u017en\u00e1 m\u00edrn\u00e1 korekce politiky ANO sm\u011brem od bezv\u00fdhradn\u00e9 podpory v\u0161ech bruselsk\u00fdch nesmysl\u016f, jako tomu bylo v EU parlamentu doposud! V ANO v letech 2018-23 existovala schizofrenn\u00ed politika \u2013 Europoslankyn\u011b bezv\u00fdhradn\u011b podporovaly Brusel, zat\u00edmco poslanci parlamentu \u010cR byli \u010d\u00e1ste\u010dn\u011b proti Bruselu!<\/p>\n<p><img decoding=\"async\" loading=\"lazy\" class=\"wp-image-5850 aligncenter\" src=\"https:\/\/www.michalapetr.com\/wp-content\/uploads\/2023\/09\/1669999392772_20221202_EP-139368D_AR2_EG_062-800x450-1.jpg\" sizes=\"(max-width: 800px) 100vw, 800px\" srcset=\"https:\/\/www.michalapetr.com\/wp-content\/uploads\/2023\/09\/1669999392772_20221202_EP-139368D_AR2_EG_062-800x450-1.jpg 800w, https:\/\/www.michalapetr.com\/wp-content\/uploads\/2023\/09\/1669999392772_20221202_EP-139368D_AR2_EG_062-800x450-1-300x169.jpg 300w, https:\/\/www.michalapetr.com\/wp-content\/uploads\/2023\/09\/1669999392772_20221202_EP-139368D_AR2_EG_062-800x450-1-768x432.jpg 768w, https:\/\/www.michalapetr.com\/wp-content\/uploads\/2023\/09\/1669999392772_20221202_EP-139368D_AR2_EG_062-800x450-1-705x397.jpg 705w, https:\/\/www.michalapetr.com\/wp-content\/uploads\/2023\/09\/1669999392772_20221202_EP-139368D_AR2_EG_062-800x450-1-450x253.jpg 450w\" alt=\"\" width=\"884\" height=\"497\" \/><\/p>\n<p>(Foto zleva doprava: 2.12.2022 konference EU v Bruselu \u2013 komisa\u0159 EU Margaritis Schinas, \u010desk\u00fd ministr Mikul\u00e1\u0161 Bek (STAN), a Guy Verhofstadt, p\u0159edn\u00e1\u0161ej\u00ed \u010dlen\u016fm neziskovek nov\u00e9 pl\u00e1ny, jak zm\u011bnit EU! Bekovi v\u016fbec nevad\u00ed, \u017ee sed\u00ed vedle mazan\u00e9ho Eurokrata Verhofstadta, kter\u00fd si p\u0159ihr\u00e1l dotaci 8.2 milion\u016f EUR na zateplen\u00ed sv\u00e9 luxusn\u00ed rezidence! Ka\u017ed\u00fd \u010destn\u00fd politik se p\u0159eci mus\u00ed takov\u00e9mu mazan\u00e9mu Eurokratovi obloukem vyhnout!\u00a0<a href=\"https:\/\/www.parlamentnilisty.cz\/arena\/nazory-a-petice\/Jiri-Paroubek-Smutny-cirkus-hnuti-STAN-742175\">Ov\u0161em pro politiky hnut\u00ed STAN Dozimetr evidentn\u011b plat\u00ed jin\u00e1 mafi\u00e1nsk\u00e1 pravidla, jak vtipn\u011b v p\u00e1tek p\u0159ipomenul Ji\u0159\u00ed Paroubek.<\/a>)<\/p>\n<p>Hlavn\u00edm spojencem fanatick\u00e9ho Verhofstadta v \u010cR je \u010desk\u00fd ministr Mikul\u00e1\u0161 Bek,\u00a0<a href=\"https:\/\/www.denik.cz\/komentare\/konec-trvani-na-pravu-veta-je-cestou-k-evropske-dospelosti.html\">kter\u00fd p\u0159ed rokem pl\u00e1n Verhostadta formuloval na sch\u016fzce se dv\u011bma komisa\u0159i EU takto<\/a>:\u00a0<em>Pokud se Evropsk\u00e1 unie nebude schopna dohodnout na reform\u011b sv\u00e9ho rozhodov\u00e1n\u00ed a na omezen\u00ed pr\u00e1va veta jednotliv\u00fdch \u010dlensk\u00fdch st\u00e1t\u016f, nem\u016f\u017ee se roz\u0161\u00ed\u0159it o\u00a0dal\u0161\u00ed zem\u011b. Na stole je tak\u00e9 to, \u017ee by Evropsk\u00e1 unie m\u011bla pos\u00edlit postaven\u00ed ob\u010dany volen\u00e9ho Evropsk\u00e9ho parlamentu. A\u00a0ve volb\u00e1ch v\u00a0podob\u011b celounijn\u00edch l\u00eddr\u016f volit p\u0159\u00edmo p\u0159edsedu Evropsk\u00e9 komise. Pokud chceme pos\u00edlit demokrati\u010dnost Unie, je i\u00a0to krok spr\u00e1vn\u00fdm sm\u011brem<\/em>.\u00a0<a href=\"https:\/\/euractiv.cz\/section\/eurovolby-2019\/news\/reformy-eu-bek-chce-prichystat-vanocni-balicek-pro-vsechny-clenske-staty\/\">Pozd\u011bji mu p\u0159edsedov\u00e9 vl\u00e1dn\u00edch stran z\u0159ejm\u011b umyli hlavu, proto\u017ee ozn\u00e1mil<\/a>,\u00a0<em>\u017ee \u010desk\u00e1 strana nen\u00ed z p\u0159\u00edli\u0161n\u00fdch zm\u011bn hlasov\u00e1n\u00ed v EU nad\u0161en\u00e1, a to p\u0159edev\u0161\u00edm na dom\u00e1c\u00ed politick\u00e9 sc\u00e9n\u011b!<\/em>\u00a0<em>A \u017ee rozhodnout o tom by se m\u011blo pozd\u011bji<\/em>. V kontextu tedy po prezidentsk\u00fdch volb\u00e1ch 23 a po euro-volb\u00e1ch 24.\u00a0<a href=\"https:\/\/cs.wikipedia.org\/wiki\/Mikul%C3%A1%C5%A1_Bek\">Mikul\u00e1\u0161 Bek<\/a>\u00a0je \u010dlenem hnut\u00ed\u00a0STAN-Dozimetr, jeho\u017e\u00a0rozs\u00e1hl\u00e9 mafi\u00e1nsk\u00e9 kauzy pomalu ale jist\u011b vych\u00e1zej\u00ed na sv\u011btlo!<\/p>\n<p>Zd\u00e1 se tak z\u0159ejm\u00e9, \u017ee nejlep\u0161\u00ed cesta jak zhatit pl\u00e1ny Verhofstadta, Beka a podobn\u00fdch, je j\u00edt k euro-volb\u00e1m a nevolit \u017e\u00e1dnou stranu sou\u010dasn\u00e9 5 koalice! Sou\u010dasn\u011b podporovat v\u0161echny demokratick\u00e9 aktivity, kter\u00e9 by p\u0159ed\u010dasn\u011b ukon\u010dily vl\u00e1du 5 koalice, proto\u017ee jej\u00ed z\u00e1stupce bude o n\u00e1vrhu na zru\u0161en\u00ed pr\u00e1va VETO, a zaveden\u00ed Evropsk\u00e9 Exekutivy hlasovat, a m\u016f\u017ee proti tomuto n\u00e1vrhu vzn\u00e9st VETO, a nebo ho podpo\u0159it!<\/p>\n<p><a href=\"https:\/\/www.michalapetr.com\/map-1773-sok-eu-se-meni-na-ee-evropskou-exekutivu-ta-bude-mit-vylucne-pravo-vyhlasit-valku-i-mobilizaci-cesi-i-slovaci-ztrati-sve-statni-obcanstvi-a-stanou-se-obcany-exekutivy-eurokrat-si-pridel\/\">Michael Svato\u0161<\/a><\/p>\n<p><img decoding=\"async\" loading=\"lazy\" class=\"alignnone size-full wp-image-27204\" src=\"http:\/\/www.infokuryr.cz\/n\/wp-content\/uploads\/2023\/05\/Michael_Svatos.png\" alt=\"\" width=\"180\" height=\"180\" srcset=\"https:\/\/www.infokuryr.cz\/n\/wp-content\/uploads\/2023\/05\/Michael_Svatos.png 180w, https:\/\/www.infokuryr.cz\/n\/wp-content\/uploads\/2023\/05\/Michael_Svatos-150x150.png 150w\" sizes=\"(max-width: 180px) 100vw, 180px\" \/><\/p>\n<p>&nbsp;<\/p>\n<p><img decoding=\"async\" loading=\"lazy\" class=\"wp-image-33819 aligncenter\" src=\"http:\/\/www.infokuryr.cz\/n\/wp-content\/uploads\/2023\/08\/ces1-300x157.jpg\" alt=\"\" width=\"1353\" height=\"708\" srcset=\"https:\/\/www.infokuryr.cz\/n\/wp-content\/uploads\/2023\/08\/ces1-300x157.jpg 300w, https:\/\/www.infokuryr.cz\/n\/wp-content\/uploads\/2023\/08\/ces1-1024x536.jpg 1024w, https:\/\/www.infokuryr.cz\/n\/wp-content\/uploads\/2023\/08\/ces1-768x402.jpg 768w, https:\/\/www.infokuryr.cz\/n\/wp-content\/uploads\/2023\/08\/ces1.jpg 1200w\" sizes=\"(max-width: 1353px) 100vw, 1353px\" \/><\/p>\n<p>&nbsp;<\/p>\n<p><a href=\"https:\/\/stranapro.cz\/\"><img decoding=\"async\" loading=\"lazy\" class=\"wp-image-30218 aligncenter\" src=\"http:\/\/www.infokuryr.cz\/n\/wp-content\/uploads\/2023\/06\/PRO-banner-300x36.png\" alt=\"\" width=\"1367\" height=\"164\" srcset=\"https:\/\/www.infokuryr.cz\/n\/wp-content\/uploads\/2023\/06\/PRO-banner-300x36.png 300w, https:\/\/www.infokuryr.cz\/n\/wp-content\/uploads\/2023\/06\/PRO-banner-768x93.png 768w, https:\/\/www.infokuryr.cz\/n\/wp-content\/uploads\/2023\/06\/PRO-banner.png 849w\" sizes=\"(max-width: 1367px) 100vw, 1367px\" \/><\/a><\/p>\n<p>&nbsp;<\/p>\n<p>&nbsp;<\/p>\n<p>&nbsp;<\/p>\n","protected":false},"excerpt":{"rendered":"<p>\u0160OK! EU se zm\u011bn\u00ed na EE \u2013 Evropskou Exekutivu! \u010ce\u0161i a Slov\u00e1ci budou zbaveni sv\u00e9ho&#8230;<\/p>\n","protected":false},"author":2,"featured_media":30481,"comment_status":"closed","ping_status":"closed","sticky":false,"template":"","format":"standard","meta":[],"categories":[6],"tags":[1042,640,670,41,48],"_links":{"self":[{"href":"https:\/\/www.infokuryr.cz\/n\/wp-json\/wp\/v2\/posts\/35521"}],"collection":[{"href":"https:\/\/www.infokuryr.cz\/n\/wp-json\/wp\/v2\/posts"}],"about":[{"href":"https:\/\/www.infokuryr.cz\/n\/wp-json\/wp\/v2\/types\/post"}],"author":[{"embeddable":true,"href":"https:\/\/www.infokuryr.cz\/n\/wp-json\/wp\/v2\/users\/2"}],"replies":[{"embeddable":true,"href":"https:\/\/www.infokuryr.cz\/n\/wp-json\/wp\/v2\/comments?post=35521"}],"version-history":[{"count":0,"href":"https:\/\/www.infokuryr.cz\/n\/wp-json\/wp\/v2\/posts\/35521\/revisions"}],"wp:featuredmedia":[{"embeddable":true,"href":"https:\/\/www.infokuryr.cz\/n\/wp-json\/wp\/v2\/media\/30481"}],"wp:attachment":[{"href":"https:\/\/www.infokuryr.cz\/n\/wp-json\/wp\/v2\/media?parent=35521"}],"wp:term":[{"taxonomy":"category","embeddable":true,"href":"https:\/\/www.infokuryr.cz\/n\/wp-json\/wp\/v2\/categories?post=35521"},{"taxonomy":"post_tag","embeddable":true,"href":"https:\/\/www.infokuryr.cz\/n\/wp-json\/wp\/v2\/tags?post=35521"}],"curies":[{"name":"wp","href":"https:\/\/api.w.org\/{rel}","templated":true}]}}