{"id":35512,"date":"2023-09-04T06:21:28","date_gmt":"2023-09-04T04:21:28","guid":{"rendered":"http:\/\/www.infokuryr.cz\/n\/?p=35512"},"modified":"2023-09-04T06:21:28","modified_gmt":"2023-09-04T04:21:28","slug":"italie-meloni-a-matteo-salvini-v-klestich-migrace-masakruje-italii","status":"publish","type":"post","link":"https:\/\/www.infokuryr.cz\/n\/2023\/09\/04\/italie-meloni-a-matteo-salvini-v-klestich-migrace-masakruje-italii\/","title":{"rendered":"It\u00e1lie: Meloni a Matteo Salvini v kle\u0161t\u00edch. Migrace masakruje It\u00e1lii!"},"content":{"rendered":"<div id=\"fb-root\"><\/div>\n<div class=\"introtext\">\n<p><span style=\"font-size: 14pt;\"><strong>Do It\u00e1lie letos dorazilo ji\u017e 113 000 migrant\u016f. 56 humanit\u00e1rn\u00edch sdru\u017een\u00ed vyz\u00fdv\u00e1 Evropskou komisi, aby \u201eurychlen\u011b zas\u00e1hla a zastavila nez\u00e1konn\u00e9 br\u00e1n\u011bn\u00ed civiln\u00edm p\u00e1trac\u00edm a z\u00e1chrann\u00fdm plavidl\u016fm\u201c ze strany vl\u00e1dy premi\u00e9rky Meloni.<\/strong><\/span><\/p>\n<\/div>\n<div class=\"fulltext\">\n<p>V It\u00e1lii se schyluje k obrovsk\u00e9 bou\u0159i. A Liga b\u011bsn\u00ed, \u017ee si EU \u201ed\u011bl\u00e1 legraci z It\u00e1lie\u201c.<\/p>\n<p>Meloni se st\u00e1v\u00e1 trojsk\u00fdm kon\u011bm.<\/p>\n<p>Brusel tla\u010d\u00ed na It\u00e1lii (a nikdo nev\u00ed pro\u010d), aby p\u0159ij\u00edmala v\u0161echny \u010dern\u00e9 migranty, It\u00e1lie se bou\u0159\u00ed, proto\u017ee tam z\u016fst\u00e1vaj\u00ed a Brusel je nechce p\u0159erozd\u011blovat. Kde je logika nikdo nev\u00ed, ale p\u0159esto Brusel st\u00e1le It\u00e1lii vyhro\u017euje.<\/p>\n<h2><strong>A i v It\u00e1lii s\u00edl\u00ed n\u00e1zor, \u017ee nastal \u010das EU opustit.<\/strong><\/h2>\n<p><strong>Pietro Bartolo<\/strong>\u00a0(Pd), l\u00e9ka\u0159 p\u016fvodem z Lampedusy, \u00fato\u010d\u00ed na exekutivu Meloni a zd\u016fraz\u0148uje, \u017ee \u201epoka\u017ed\u00e9, kdy\u017e m\u011bla italsk\u00e1 pravice p\u0159\u00edle\u017eitost prosadit Evropsk\u00fdm parlamentem princip automatick\u00e9ho p\u0159emis\u0165ov\u00e1n\u00ed migrant\u016f mezi v\u0161echny \u010dlensk\u00e9 st\u00e1ty neud\u011blal to\u201c.<\/p>\n<p>Zcela jin\u00fd n\u00e1zor m\u00e1 europoslanec ligy\u00a0<strong>Paolo Borchia<\/strong>\u00a0, podle kter\u00e9ho\u00a0<strong>si Brusel nad\u00e1le d\u011bl\u00e1 legraci z It\u00e1lie<\/strong>\u00a0. Liga severu Veronese odsuzuje Evropskou unii, kter\u00e1 \u201e\u0159\u00edk\u00e1, \u017ee si je v\u011bdoma a znepokojuje n\u00e1r\u016fst p\u0159\u00edchoz\u00edch do It\u00e1lie, ale omezuje se na p\u0159esun migrant\u016f z jednoho m\u00edsta na druh\u00e9 v\u017edy na na\u0161e \u00fazem\u00ed\u201c.<\/p>\n<h3><strong>Nevl\u00e1dn\u00ed organizace se tak\u00e9 bou\u0159\u00ed: \u201e \u017ee u\u017e nebudou \u017e\u00e1dn\u00e9 civiln\u00ed p\u00e1trac\u00ed a z\u00e1chrann\u00e9 lod\u011b\u201c<\/strong><\/h3>\n<p>Bartolo, stejn\u011b jako vedouc\u00ed delegace Demokratick\u00e9 strany v Bruselu, Brando Benifei, ukazuj\u00ed prstem na Palazzo Chigi\u00a0 na kriminalizaci\u00a0<strong>nevl\u00e1dn\u00edch organizac\u00ed<\/strong>\u00a0, kter\u00e9 \u201e\u00a0<span class=\"css-901oao css-16my406 r-poiln3 r-bcqeeo r-qvutc0\">znovu \u010del\u00ed vl\u00e1dn\u00edm omezen\u00edm\u201c, co\u017e m\u00e1 \u201ev\u00fdsledek, \u017ee\u00a0<\/span><span class=\"css-901oao css-16my406 r-poiln3 r-bcqeeo r-qvutc0\">se zv\u00fd\u0161il po\u010det vylod\u011bn\u00ed\u00a0 v ka\u017ed\u00e9m p\u0159\u00edpad\u011b\u201c. Bartolo zejm\u00e9na obvi\u0148uje Meloniho vl\u00e1du, \u017ee jde proti rezoluci schv\u00e1len\u00e9 \u0161trasbursk\u00fdm pl\u00e9nem loni 13. \u010dervence, kter\u00e1 mimo jin\u00e9 \u201evyz\u00fdv\u00e1 \u010dlensk\u00e9 st\u00e1ty, aby nechaly sv\u00e9 nejbli\u017e\u0161\u00ed bezpe\u010dn\u00e9 p\u0159\u00edstavy otev\u0159en\u00e9 pro lod\u011b nevl\u00e1dn\u00edch organizac\u00ed a nekriminalizovaly ty, kte\u0159\u00ed poskytuj\u00ed pomoc migranti v nesn\u00e1z\u00edch\u201c.<\/span><\/p>\n<p><span class=\"css-901oao css-16my406 r-poiln3 r-bcqeeo r-qvutc0\"><strong>Nejnov\u011bj\u0161\u00ed administrativn\u00ed zast\u00e1vky um\u00edst\u011bn\u00e9 na lod\u00edch Sea Watch, Open Arms a Sea-Eye4<\/strong>&#8220; jdou opa\u010dn\u00fdm sm\u011brem, tak\u017ee je obt\u00ed\u017en\u011bj\u0161\u00ed zachra\u0148ovat \u017eivoty na mo\u0159i.&#8220;\u00a0<\/span><\/p>\n<figure id=\"attachment_206895\" class=\"wp-caption aligncenter\" style=\"width: 701px;\" aria-describedby=\"caption-attachment-206895\"><a href=\"https:\/\/www-eunews-it.translate.goog\/wp-content\/uploads\/2023\/08\/000_33P43BX-scaled.jpg?_x_tr_sl=auto&amp;_x_tr_tl=cs&amp;_x_tr_hl=cs\"><img decoding=\"async\" loading=\"lazy\" class=\"\" translate=\"\" src=\"https:\/\/www.eunews.it\/wp-content\/uploads\/2023\/08\/000_33P43BX-scaled.jpg\" sizes=\"(max-width: 440px) 100vw, 440px\" srcset=\"https:\/\/www-eunews-it.translate.goog\/wp-content\/uploads\/2023\/08\/000_33P43BX-scaled.jpg?_x_tr_sl=auto&amp;_x_tr_tl=cs&amp;_x_tr_hl=cs 2560w,\/&lt;a \/href=\" alt=\"\" width=\"701\" height=\"467\" \/><\/a><figcaption id=\"caption-attachment-206895\" class=\"wp-caption-text\">Lo\u010f Ocean Viking, kterou vlastn\u00ed nevl\u00e1dn\u00ed organizace Sos Mediterrane\u00e9, byla zadr\u017eena v p\u0159\u00edstavu Civitavecchia 14. \u010dervence.<\/figcaption><\/figure>\n<p>Ni\u017e\u0161\u00ed p\u0159\u00edtomnost nevl\u00e1dn\u00edch organizac\u00ed zapojen\u00fdch do p\u00e1trac\u00edch a z\u00e1chrann\u00fdch operac\u00ed ve St\u0159edomo\u0159\u00ed nesn\u00ed\u017eila po\u010det odjezd\u016f, ale pravd\u011bpodobn\u011b p\u0159isp\u011bla k dramatick\u00e9mu po\u010dtu poh\u0159e\u0161ovan\u00fdch osob zaznamenan\u00fdch v t\u011bchto prvn\u00edch osmi m\u011bs\u00edc\u00edch roku.<\/p>\n<p>Pr\u00e1v\u011b v\u010dera vydalo 56 humanit\u00e1rn\u00edch organizac\u00ed spole\u010dn\u00e9 prohl\u00e1\u0161en\u00ed, ve kter\u00e9m broj\u00ed proti dekretu nevl\u00e1dn\u00ed organizace, kter\u00fd chce Piantedosi, a\u00a0<strong>proti \u201epolitiky uzav\u0159en\u00ed a zastra\u0161ov\u00e1n\u00ed EU\u201c,\u00a0<\/strong>co\u017e se \u201eneprom\u00edt\u00e1 do men\u0161\u00edho po\u010dtu lid\u00ed, kte\u0159\u00ed se sna\u017e\u00ed p\u0159ekro\u010dit centr\u00e1ln\u00ed St\u0159edomo\u0159\u00ed, ale do v\u011bt\u0161\u00edho utrpen\u00ed a v\u00edce \u00famrt\u00ed\u201c.<\/p>\n<p><strong>L\u00e9ka\u0159i bez hranic, Sos Mediterran\u00e9e, Sea Watch, United4Rescue a v\u0161ichni ostatn\u00ed signat\u00e1\u0159i vyd\u00e1vaj\u00ed Bruselu varov\u00e1n\u00ed: \u201ePokud bude humanit\u00e1rn\u00ed pomoc na mo\u0159i i nad\u00e1le omezov\u00e1na, je pravd\u011bpodobn\u00e9, \u017ee ve St\u0159edozemn\u00edm mo\u0159i<\/strong>\u00a0nebudou \u017e\u00e1dn\u00e1 civiln\u00ed p\u00e1trac\u00ed a z\u00e1chrann\u00e1 plavidla.<\/p>\n<p><a href=\"https:\/\/www.skrytapravda.cz\/ze-zahranici\/1429-italie-meloni-a-matteo-salvini-v-klestich-migrace-masakruje-italii\">Petr Pokorn\u00fd<\/a><\/p>\n<\/div>\n<p>&nbsp;<\/p>\n<p><img decoding=\"async\" loading=\"lazy\" class=\"wp-image-33819 aligncenter\" src=\"http:\/\/www.infokuryr.cz\/n\/wp-content\/uploads\/2023\/08\/ces1-300x157.jpg\" alt=\"\" width=\"1364\" height=\"714\" srcset=\"https:\/\/www.infokuryr.cz\/n\/wp-content\/uploads\/2023\/08\/ces1-300x157.jpg 300w, https:\/\/www.infokuryr.cz\/n\/wp-content\/uploads\/2023\/08\/ces1-1024x536.jpg 1024w, https:\/\/www.infokuryr.cz\/n\/wp-content\/uploads\/2023\/08\/ces1-768x402.jpg 768w, https:\/\/www.infokuryr.cz\/n\/wp-content\/uploads\/2023\/08\/ces1.jpg 1200w\" sizes=\"(max-width: 1364px) 100vw, 1364px\" \/><\/p>\n<p>&nbsp;<\/p>\n<p><a href=\"https:\/\/stranapro.cz\/\"><img decoding=\"async\" loading=\"lazy\" class=\"wp-image-30218 aligncenter\" src=\"http:\/\/www.infokuryr.cz\/n\/wp-content\/uploads\/2023\/06\/PRO-banner-300x36.png\" alt=\"\" width=\"1367\" height=\"164\" srcset=\"https:\/\/www.infokuryr.cz\/n\/wp-content\/uploads\/2023\/06\/PRO-banner-300x36.png 300w, https:\/\/www.infokuryr.cz\/n\/wp-content\/uploads\/2023\/06\/PRO-banner-768x93.png 768w, https:\/\/www.infokuryr.cz\/n\/wp-content\/uploads\/2023\/06\/PRO-banner.png 849w\" sizes=\"(max-width: 1367px) 100vw, 1367px\" \/><\/a><\/p>\n<p>&nbsp;<\/p>\n<p>&nbsp;<\/p>\n<p>&nbsp;<\/p>\n","protected":false},"excerpt":{"rendered":"<p>Do It\u00e1lie letos dorazilo ji\u017e 113 000 migrant\u016f. 56 humanit\u00e1rn\u00edch sdru\u017een\u00ed vyz\u00fdv\u00e1 Evropskou komisi, aby&#8230;<\/p>\n","protected":false},"author":2,"featured_media":35513,"comment_status":"closed","ping_status":"closed","sticky":false,"template":"","format":"standard","meta":[],"categories":[6],"tags":[41,119,191,29],"_links":{"self":[{"href":"https:\/\/www.infokuryr.cz\/n\/wp-json\/wp\/v2\/posts\/35512"}],"collection":[{"href":"https:\/\/www.infokuryr.cz\/n\/wp-json\/wp\/v2\/posts"}],"about":[{"href":"https:\/\/www.infokuryr.cz\/n\/wp-json\/wp\/v2\/types\/post"}],"author":[{"embeddable":true,"href":"https:\/\/www.infokuryr.cz\/n\/wp-json\/wp\/v2\/users\/2"}],"replies":[{"embeddable":true,"href":"https:\/\/www.infokuryr.cz\/n\/wp-json\/wp\/v2\/comments?post=35512"}],"version-history":[{"count":0,"href":"https:\/\/www.infokuryr.cz\/n\/wp-json\/wp\/v2\/posts\/35512\/revisions"}],"wp:featuredmedia":[{"embeddable":true,"href":"https:\/\/www.infokuryr.cz\/n\/wp-json\/wp\/v2\/media\/35513"}],"wp:attachment":[{"href":"https:\/\/www.infokuryr.cz\/n\/wp-json\/wp\/v2\/media?parent=35512"}],"wp:term":[{"taxonomy":"category","embeddable":true,"href":"https:\/\/www.infokuryr.cz\/n\/wp-json\/wp\/v2\/categories?post=35512"},{"taxonomy":"post_tag","embeddable":true,"href":"https:\/\/www.infokuryr.cz\/n\/wp-json\/wp\/v2\/tags?post=35512"}],"curies":[{"name":"wp","href":"https:\/\/api.w.org\/{rel}","templated":true}]}}