{"id":3551,"date":"2021-07-24T06:51:16","date_gmt":"2021-07-24T04:51:16","guid":{"rendered":"http:\/\/www.infokuryr.cz\/n\/?p=3551"},"modified":"2021-07-24T06:51:16","modified_gmt":"2021-07-24T04:51:16","slug":"ve-francii-budou-moci-podstoupit-umele-oplodneni-i-lesby-a-osamocene-zeny-rodina-uz-neni-potreba","status":"publish","type":"post","link":"https:\/\/www.infokuryr.cz\/n\/2021\/07\/24\/ve-francii-budou-moci-podstoupit-umele-oplodneni-i-lesby-a-osamocene-zeny-rodina-uz-neni-potreba\/","title":{"rendered":"Ve Francii budou moci podstoupit um\u011bl\u00e9 oplodn\u011bn\u00ed i lesby a osamocen\u00e9 \u017eeny. Rodina u\u017e nen\u00ed pot\u0159eba?"},"content":{"rendered":"<div id=\"fb-root\"><\/div>\n<p><strong>Francouzsk\u00fd parlament\u00a0<a href=\"https:\/\/www.thelocal.fr\/20210629\/french-parliament-finally-passes-bill-allowing-ivf-to-lesbian-couples-and-single-women\/\">schv\u00e1lil z\u00e1kon<\/a>, podle kter\u00e9ho mohou podstoupit um\u011bl\u00e9 oplodn\u011bn\u00ed i lesby a osamocen\u00e9 \u017eeny<\/strong>. Je to dal\u0161\u00ed z mnoha \u00fatok\u016f \u201cz\u00e1padn\u00edch\u201d politik\u016f proti tradi\u010dn\u00ed rodin\u011b a partnersk\u00fdm vztah\u016fm.\u00a0<strong>K po\u010det\u00ed potomka u\u017e tedy nebude pot\u0159eba p\u00e1r mu\u017e a \u017eena, ale jak\u00e1koliv \u017eena si prost\u011b zajde na kliniku a bude tam ot\u011bhotn\u011bna.\u00a0<\/strong>Je to dal\u0161\u00ed z pomysln\u00fdch h\u0159eb\u00edk\u016f do rakve b\u00edl\u00e9ho gojsk\u00e9ho \u010dlov\u011bka, kter\u00fd v pl\u00e1nech finan\u010dn\u00ed glob\u00e1ln\u00ed oligarchie ji\u017e nem\u00e1 m\u00edsto a m\u00e1 b\u00fdt fyzicky zlikvidov\u00e1n.<\/p>\n<p><strong>Ve Francii to p\u0159ekvapen\u00ed nen\u00ed. Francouzsk\u00fd prezident Macron, b\u00fdval\u00fd zam\u011bstnanec banky Rothschilds, m\u00e1 k podobn\u00fdm soci\u00e1ln\u00edm experiment\u016fm velmi bl\u00edzko<\/strong>. S\u00e1m \u017eije v podivn\u00e9m man\u017eel\u0161t\u00ed s o mnoho star\u0161\u00ed \u017eenou, jeho b\u00fdvalou u\u010ditelkou.\u00a0<strong>O jeho \u00fadajn\u00e9 homosexualit\u011b si v Pa\u0159\u00ed\u017ei cvrlikaj\u00ed i vrabci na st\u0159e\u0161e.\u00a0<\/strong>Nen\u00ed proto divu, \u017ee z \u0159ad jeho politick\u00fdch souputn\u00edk\u016f se ji\u017e otev\u0159en\u011b za\u010d\u00edn\u00e1 mluvit o adopci d\u011bt\u00ed pro homosexu\u00e1ly.<\/p>\n<p>Podobn\u00e9 z\u00e1kony\u00a0<strong>ji\u017e plat\u00ed v Belgii a \u0160pan\u011blsku. kam pr\u00fd d\u0159\u00edve francouzsk\u00e9 lesby jezdily za oplodn\u011bn\u00edm. Nov\u00fd z\u00e1kon pochopiteln\u011b p\u0159iv\u00edtaly LGBT++P organizace a jim p\u0159idru\u017een\u00e9 neziskovky.<\/strong><\/p>\n<p><a href=\"https:\/\/ceskavec.com\/2021\/07\/ve-francii-budou-moci-podstoupit-umele-oplodneni-i-lesby-a-osamocene-zeny-rodina-uz-neni-potreba\">Jan Beran, Francie<\/a><\/p>\n<p>&nbsp;<\/p>\n","protected":false},"excerpt":{"rendered":"<p>Francouzsk\u00fd parlament\u00a0schv\u00e1lil z\u00e1kon, podle kter\u00e9ho mohou podstoupit um\u011bl\u00e9 oplodn\u011bn\u00ed i lesby a osamocen\u00e9 \u017eeny. Je&#8230;<\/p>\n","protected":false},"author":2,"featured_media":1237,"comment_status":"closed","ping_status":"closed","sticky":false,"template":"","format":"standard","meta":[],"categories":[7],"tags":[130,206,241,71],"_links":{"self":[{"href":"https:\/\/www.infokuryr.cz\/n\/wp-json\/wp\/v2\/posts\/3551"}],"collection":[{"href":"https:\/\/www.infokuryr.cz\/n\/wp-json\/wp\/v2\/posts"}],"about":[{"href":"https:\/\/www.infokuryr.cz\/n\/wp-json\/wp\/v2\/types\/post"}],"author":[{"embeddable":true,"href":"https:\/\/www.infokuryr.cz\/n\/wp-json\/wp\/v2\/users\/2"}],"replies":[{"embeddable":true,"href":"https:\/\/www.infokuryr.cz\/n\/wp-json\/wp\/v2\/comments?post=3551"}],"version-history":[{"count":0,"href":"https:\/\/www.infokuryr.cz\/n\/wp-json\/wp\/v2\/posts\/3551\/revisions"}],"wp:featuredmedia":[{"embeddable":true,"href":"https:\/\/www.infokuryr.cz\/n\/wp-json\/wp\/v2\/media\/1237"}],"wp:attachment":[{"href":"https:\/\/www.infokuryr.cz\/n\/wp-json\/wp\/v2\/media?parent=3551"}],"wp:term":[{"taxonomy":"category","embeddable":true,"href":"https:\/\/www.infokuryr.cz\/n\/wp-json\/wp\/v2\/categories?post=3551"},{"taxonomy":"post_tag","embeddable":true,"href":"https:\/\/www.infokuryr.cz\/n\/wp-json\/wp\/v2\/tags?post=3551"}],"curies":[{"name":"wp","href":"https:\/\/api.w.org\/{rel}","templated":true}]}}