{"id":35487,"date":"2023-09-04T01:02:38","date_gmt":"2023-09-03T23:02:38","guid":{"rendered":"http:\/\/www.infokuryr.cz\/n\/?p=35487"},"modified":"2023-09-03T16:44:39","modified_gmt":"2023-09-03T14:44:39","slug":"radomir-maly-kauza-petracek-aneb-operetni-mucednictvi","status":"publish","type":"post","link":"https:\/\/www.infokuryr.cz\/n\/2023\/09\/04\/radomir-maly-kauza-petracek-aneb-operetni-mucednictvi\/","title":{"rendered":"Radom\u00edr Mal\u00fd: Kauza Petr\u00e1\u010dek aneb operetn\u00ed mu\u010dednictv\u00ed"},"content":{"rendered":"<div id=\"fb-root\"><\/div>\n<p>C\u00edrkevn\u00ed (modernistick\u00e1) i\u00a0prof\u00e1nn\u00ed m\u00e9dia v\u00a0\u010cR maj\u00ed op\u011bt jeden \u201ep\u0159\u00edpad\u201c: \u00fadajn\u00e9 vyhozen\u00ed profesora c\u00edrkevn\u00edch d\u011bjin P. Tom\u00e1\u0161e Petr\u00e1\u010dka z\u00a0pra\u017esk\u00e9 katolick\u00e9 teologick\u00e9 fakulty. P. Petr\u00e1\u010dek je zn\u00e1m\u00fd radik\u00e1ln\u00ed neomodernista. Dle jeho koncepce c\u00edrkevn\u00edch d\u011bjin byla nejhor\u0161\u00edm obdob\u00edm pro Katolickou c\u00edrkev tzv. \u201epi\u00e1nsk\u00e1 \u00e9ra\u201c, tj. od pape\u017e\u016f bl. Pia IX. (1846\u201378) po ct. Pia XII. (1939\u201358). Pro\u010d? Pon\u011bvad\u017e v\u00a0t\u00e9to epo\u0161e se skute\u010dn\u011b pot\u00edraly hereze v\u00a0C\u00edrkvi, Pius IX. vydal k\u00a0tomu sv\u016fj \u201e<a href=\"https:\/\/apologie.info\/docs\/piusix_syllabus_errorum\/\" target=\"_blank\" rel=\"noopener noreffer\">Syllabus blud\u016f<\/a>\u201c, sv. Pius X: encykliku \u201e<a href=\"https:\/\/apologie.info\/docs\/piusx_pascendi_dominici_gregis\/\" target=\"_blank\" rel=\"noopener noreffer\">Pascendi<\/a>\u201c a\u00a0dekret \u201e<a href=\"https:\/\/apologie.info\/docs\/piusx_lamentabili_sane\/\" target=\"_blank\" rel=\"noopener noreffer\">Lamentabili<\/a>\u201c, Pius XII. \u201e<a href=\"https:\/\/apologie.info\/docs\/piusxii_humani_generis\/\" target=\"_blank\" rel=\"noopener noreffer\">Humani Generis<\/a>\u201c, co\u017e pro Petr\u00e1\u010dka znamenalo pr\u00fd likvidaci svobod uvnit\u0159 C\u00edrkve. P. Petr\u00e1\u010dek se nikdy netajil sv\u00fdmi v\u0159el\u00fdmi sympatiemi k\u00a0modernistick\u00fdm blud\u016fm, jak dokazuje mj. jeho habilita\u010dn\u00ed pr\u00e1ce \u201eBible a\u00a0historicko-kritick\u00e1 metoda\u201c, v\u00a0n\u00ed\u017e souhlas\u00ed s\u00a0modernistickou relativizac\u00ed biblick\u00fdch z\u00e1zrak\u016f v\u010detn\u011b Kristov\u00fdch. V\u00a0sou\u010dasn\u00e9 dob\u011b Petr\u00e1\u010dek bojovn\u011b vystupuje ve prosp\u011bch tzv. man\u017eelstv\u00ed pro v\u0161echny, psali jsme v\u00a0\u010dl\u00e1nku \u201e<a href=\"https:\/\/apologie.info\/20230703_rm_udavactvi_zbran_neomodernistu\/\" target=\"_blank\" rel=\"noopener noreffer\">Udava\u010dstv\u00ed, hlavn\u00ed zbra\u0148 \u010desk\u00fdch modernist\u016f<\/a>\u201c o\u00a0tom, jak pr\u00e1v\u011b on spolu s\u00a0dal\u0161\u00edmi po\u017eadoval odstran\u011bn\u00ed Aliance pro rodinu ze seznamu poradn\u00edch org\u00e1n\u016f parlamentu a\u00a0vl\u00e1dy \u010cR.<\/p>\n<p>V t\u011bchto dnech na pra\u017esk\u00e9 fakult\u011b kon\u010d\u00ed, d\u011bkan prof. Vojt\u011bch Novotn\u00fd mu neprodlou\u017eil smlouvu na dobu ur\u010ditou. Synkretisticky zam\u011b\u0159en\u00e1 tzv. k\u0159es\u0165ansk\u00e1 m\u00e9dia \u00e1 la www.christnet.eu a\u00a0dal\u0161\u00ed ryze prof\u00e1nn\u00ed okam\u017eit\u011b zah\u00e1jila kampa\u0148 na jeho podporu. Pr\u00fd je to postih za jeho n\u00e1zory. P. Petr\u00e1\u010dek se tak stal v\u00a0jejich o\u010d\u00edch mu\u010dedn\u00edkem svobody sv\u011bdom\u00ed, byl \u00fadajn\u011b potrest\u00e1n ztr\u00e1tou zam\u011bstn\u00e1n\u00ed konzervativn\u00edm veden\u00edm fakulty na n\u00e1tlak \u010d\u00e1sti \u010cesk\u00e9 biskupsk\u00e9 konference atd.<\/p>\n<p>Jen\u017ee d\u011bkan Novotn\u00fd se br\u00e1n\u00ed t\u00edm, \u017ee se jednalo o\u00a0opat\u0159en\u00ed ryze ekonomick\u00e9 kv\u016fli \u00faspor\u00e1m, proto Petr\u00e1\u010dkovi nebyla prodlou\u017eena smlouva. Petr\u00e1\u010dek nen\u00ed schopen nikde dolo\u017eit, \u017ee musel odej\u00edt kv\u016fli sv\u00fdm n\u00e1zor\u016fm. Neprodlou\u017een\u00ed smlouvy na dobu ur\u010ditou vysoko\u0161kolsk\u00fdm pedagog\u016fm je v\u00a0p\u0159\u00edpad\u011b pot\u0159eby na v\u0161ech vysok\u00fdch \u0161kol\u00e1ch b\u011b\u017enou v\u011bc\u00ed. Je ale pravdou, \u017ee za tzv. ekonomick\u00fdmi d\u016fvody nadbyte\u010dnosti apod. se \u010dasto skr\u00fdvaj\u00ed jin\u00e9 p\u0159\u00ed\u010diny. V\u011bt\u0161inou neb\u00fdvaj\u00ed ideov\u00e9, n\u00fdbr\u017e osobn\u00ed, za\u017eil jsem b\u011bhem sv\u00e9ho p\u016fsoben\u00ed na fakult\u011b, jak d\u011bkan neprodlou\u017eil smlouvu sv\u00e9mu kolegovi t\u00e9ho\u017e modernistick\u00e9ho sm\u00fd\u0161len\u00ed, s\u00a0n\u00edm\u017e m\u011bl ale osobn\u00ed rozep\u0159e. Toto je nejsp\u00ed\u0161 i\u00a0Petr\u00e1\u010dkova kauza, jeho aktivita ve prosp\u011bch LGBT a\u00a0neomodernistick\u00e9 n\u00e1zory asi sotva, to by toti\u017e musela odej\u00edt zna\u010dn\u00e1 \u010d\u00e1st pedagog\u016f teologick\u00fdch fakult.<\/p>\n<p><img decoding=\"async\" loading=\"lazy\" class=\"wp-image-33819 aligncenter\" src=\"http:\/\/www.infokuryr.cz\/n\/wp-content\/uploads\/2023\/08\/ces1-300x157.jpg\" alt=\"\" width=\"1372\" height=\"718\" srcset=\"https:\/\/www.infokuryr.cz\/n\/wp-content\/uploads\/2023\/08\/ces1-300x157.jpg 300w, https:\/\/www.infokuryr.cz\/n\/wp-content\/uploads\/2023\/08\/ces1-1024x536.jpg 1024w, https:\/\/www.infokuryr.cz\/n\/wp-content\/uploads\/2023\/08\/ces1-768x402.jpg 768w, https:\/\/www.infokuryr.cz\/n\/wp-content\/uploads\/2023\/08\/ces1.jpg 1200w\" sizes=\"(max-width: 1372px) 100vw, 1372px\" \/><\/p>\n<p>M\u00e9dia v\u0161ak, ani\u017e jsou schopna uv\u00e9st jedin\u00fd d\u016fkaz, vid\u00ed jednozna\u010dnou p\u0159\u00ed\u010dinu Petr\u00e1\u010dkova nedobrovoln\u00e9ho odchodu z\u00a0fakulty v\u00a0jeho n\u00e1zorech a\u00a0na tom stav\u00ed svoji r\u00e9toriku. To je ov\u0161em z\u00a0hlediska publicistick\u00e9 etiky nep\u0159ijateln\u00e9, nemohu tvrdit n\u011bco, pro co nem\u00e1m sebemen\u0161\u00ed doklady, zvl\u00e1\u0161t\u011b pak v\u00e9st medi\u00e1ln\u00ed lyn\u010de proti jin\u00fdm, v\u00a0tomto p\u0159\u00edpad\u011b proti d\u011bkanovi Novotn\u00e9mu apod.<\/p>\n<p>Nota bene, je skute\u010dn\u011b pro P. Petr\u00e1\u010dka odchod z\u00a0fakulty existen\u010dn\u00ed ot\u00e1zkou? Kdy\u017e se pod\u00edv\u00e1me na jeho p\u016fsobi\u0161t\u011b p\u0159ed r. 2020, tak zjist\u00edme, \u017ee v\u00a015. stol. by se stal pro Mistra Jana Husa exempl\u00e1rn\u00edm p\u0159\u00edkladem \u0161patn\u00e9ho kn\u011bze mnohoobro\u010dn\u00edka. Byl kanovn\u00edkem kapituly V\u0161ech svat\u00fdch na pra\u017esk\u00e9m Hrad\u011b, \u0159\u00e1dn\u00fdm vyu\u010duj\u00edc\u00edm teologick\u00e9 fakulty v\u00a0Praze, vik\u00e1\u0159em kostela Nanebevzet\u00ed Panny Marie v\u00a0Hradci Kr\u00e1lov\u00e9 a\u00a0vedouc\u00edm katedry kulturn\u00edch a\u00a0n\u00e1bo\u017eensk\u00fdch studi\u00ed na pedagogick\u00e9 fakult\u011b kr\u00e1lov\u00e9hradeck\u00e9 univerzity. R. 2020 musel opustit post kanovn\u00edka u\u00a0V\u0161ech svat\u00fdch v\u00a0Praze, nebo\u0165 vystoupil neomalen\u011b, agresivn\u011b a\u00a0hrub\u011b ur\u00e1\u017eej\u00edc\u00edm zp\u016fsobem proti k\u00e1z\u00e1n\u00ed probo\u0161ta t\u00e9to kapituly, P. prof. Petra Pi\u0165hy, jen\u017e varoval p\u0159ed genderovou ideologi\u00ed. Petr\u00e1\u010dkova reakce byla v\u00a0rozporu i\u00a0s kodexem kanonick\u00e9ho pr\u00e1va, proto kardin\u00e1l Dominik Duka jej vylou\u010dil z\u00a0\u0159ad kanovn\u00edk\u016f u\u00a0V\u0161ech svat\u00fdch.<\/p>\n<p>Toto skute\u010dn\u011b bylo z\u00a0d\u016fvod\u016f jeho n\u00e1zor\u016f, kter\u00e9 hl\u00e1sal agresivn\u011b a\u00a0ur\u00e1\u017eel p\u0159itom druh\u00e9. Kn\u011bz se takto chovat v\u016f\u010di spolubratrovi a\u00a0nad\u0159\u00edzen\u00e9mu nesm\u00ed, postup kardin\u00e1la Duky byl proto naprosto spr\u00e1vn\u00fd. Jen\u017ee leto\u0161n\u00ed Petr\u00e1\u010dk\u016fv odchod z\u00a0fakulty lze t\u011b\u017eko ch\u00e1pat jako trest za jeho n\u00e1zory, chyb\u00ed k\u00a0tomu to nejz\u00e1sadn\u011bj\u0161\u00ed: d\u016fkazy. Jeho \u201emu\u010dednictv\u00ed\u201c je tak um\u011ble vytvo\u0159en\u00e9, operetn\u00ed. Nota bene Petr\u00e1\u010dek nad\u00e1le z\u016fst\u00e1v\u00e1 v\u00a0Hradci Kr\u00e1lov\u00e9 jak ve sv\u00e9 c\u00edrkevn\u00ed funkci, tak i\u00a0v pozici vedouc\u00edho katedry na univerzit\u011b. \u017d\u00e1dn\u00fd existen\u010dn\u00ed postih se tedy nekon\u00e1.<\/p>\n<p>Ale i\u00a0kdyby se konal, tak Bo\u017e\u00ed ml\u00fdny melou pomalu, ale jist\u011b. Byl to pr\u00e1v\u011b P. Petr\u00e1\u010dek, kdo po\u017eadoval, jak p\u00ed\u0161eme v\u00a0d\u0159\u00edv\u011bj\u0161\u00edm na\u0161em \u010dl\u00e1nku (srvn. v\u00fd\u0161e), aby p\u0159edsedkyn\u011b Aliance pro rodinu Jana Jochov\u00e1, matka po\u010detn\u00e9 rodiny, byla zbavena sv\u00e9ho zam\u011bstn\u00e1n\u00ed asistenta poslance, co\u017e je jej\u00ed jedin\u00fd zdroj p\u0159\u00edjmu. Inu, kdo jin\u00e9mu j\u00e1mu kop\u00e1\u2026 zde to ov\u0161em neplat\u00ed, nebo\u0165 Petr\u00e1\u010dek do \u017e\u00e1dn\u00e9 j\u00e1my nepad\u00e1, sv\u016fj materi\u00e1ln\u00ed p\u0159\u00edjem m\u00e1 zaji\u0161t\u011bn.<\/p>\n<p>V Petr\u00e1\u010dkov\u011b p\u0159\u00edpadu jde tedy o\u00a0jednozna\u010dnou a\u00a0typickou medi\u00e1ln\u00ed manipulaci. Samoz\u0159ejm\u011b spousta celebrit modernistick\u00e9ho spektra ostentativn\u011b d\u00e1v\u00e1 najevo sv\u00e9 rozho\u0159\u010den\u00ed, p\u0159edev\u0161\u00edm prof. Tom\u00e1\u0161 Hal\u00edk, jen\u017e dokonce m\u00e1 drzost tvrdit (www.christnet.eu), \u017ee pr\u00fd to p\u0159ipom\u00edn\u00e1 komunistick\u00fd teror na vysok\u00fdch \u0161kol\u00e1ch za Hus\u00e1kovy \u00e9ry, j\u00edm\u017e byl posti\u017een pr\u00fd tak\u00e9 on, nebo\u0165 nesm\u011bl po celou dobu a\u017e do r. 1989 u\u010dit na \u017e\u00e1dn\u00e9 \u010deskoslovensk\u00e9 vysok\u00e9 \u0161kole. \u017dasneme, jak m\u016f\u017ee a\u017e tak sprost\u011b lh\u00e1t. Na vysok\u00e9 \u0161kole \u00fadajn\u011b u\u010dit nemohl, ale jeho dizertace r. 1972 pod n\u00e1zvem \u201eK\u0159es\u0165anstv\u00ed jako utopie\u201c, pln\u011b poplatn\u00e1 ofici\u00e1ln\u00edmu materialistick\u00e9mu sv\u011btov\u00e9mu n\u00e1zoru, byla vysoce kladn\u011b hodnocena tehdej\u0161\u00edm \u00dastavem v\u011bdeck\u00e9ho ateismu, v\u00a0dob\u011b, kdy Hal\u00edk dle vlastn\u00edch slov ji\u017e byl p\u011bt let praktikuj\u00edc\u00edm katol\u00edkem. Na vysok\u00fdch \u0161kol\u00e1ch v\u00a0tehdej\u0161\u00ed \u010cSSR pr\u00fd u\u010dit nemohl, ale p\u0159edn\u00e1\u0161et vedouc\u00edm k\u00e1dr\u016fm pr\u016fmyslov\u00fdch podnik\u016f v\u00a0r\u00e1mci \u0161kol\u00edc\u00edch st\u0159edisek organizovan\u00fdch samotnou StB mohl, dokonce i\u00a0v tehdej\u0161\u00edm komunistick\u00e9m v\u00fdchodn\u00edm N\u011bmecku (tzv. NDR). Zat\u00edmco lid\u00e9 nepohodln\u00ed re\u017eimu nemohli cestovat do zahrani\u010d\u00ed, on suver\u00e9nn\u011b jezdil do \u201ekapitalistick\u00e9 ciziny\u201c (srvn. k\u00a0tomu\u00a0<a href=\"https:\/\/www.youtube.com\/watch?v=WNCVkq1DBNU\" target=\"_blank\" rel=\"noopener noreffer\">Stanislav Novotn\u00fd: Sonda do minulosti Tom\u00e1\u0161e Hal\u00edka<\/a>).<\/p>\n<p>Modernismus uvnit\u0159 C\u00edrkve je postaven na l\u017ei. Nejen na v\u011brou\u010dn\u00e9, n\u00fdbr\u017e i\u00a0na medi\u00e1ln\u00ed. T\u00edm v\u00edc si proto ce\u0148me pravdy, p\u0159edev\u0161\u00edm t\u00e9, kter\u00e1 vych\u00e1z\u00ed z\u00a0Bo\u017e\u00edho zjeven\u00ed.<\/p>\n<p><a href=\"https:\/\/apologie.info\/20230831_rm_kauza_petracek\/\">PhDr. Radom\u00edr Mal\u00fd<\/a><\/p>\n<p><em>\u00davodn\u00ed fotografie: Budova Katolick\u00e9 teologick\u00e9 fakulty v Praze<\/em><\/p>\n<p>&nbsp;<\/p>\n<p>&nbsp;<\/p>\n<p><a href=\"https:\/\/stranapro.cz\/\"><img decoding=\"async\" loading=\"lazy\" class=\"wp-image-30218 aligncenter\" src=\"http:\/\/www.infokuryr.cz\/n\/wp-content\/uploads\/2023\/06\/PRO-banner-300x36.png\" alt=\"\" width=\"1358\" height=\"163\" srcset=\"https:\/\/www.infokuryr.cz\/n\/wp-content\/uploads\/2023\/06\/PRO-banner-300x36.png 300w, https:\/\/www.infokuryr.cz\/n\/wp-content\/uploads\/2023\/06\/PRO-banner-768x93.png 768w, https:\/\/www.infokuryr.cz\/n\/wp-content\/uploads\/2023\/06\/PRO-banner.png 849w\" sizes=\"(max-width: 1358px) 100vw, 1358px\" \/><\/a><\/p>\n<p>&nbsp;<\/p>\n<p>&nbsp;<\/p>\n<p>&nbsp;<\/p>\n","protected":false},"excerpt":{"rendered":"<p>C\u00edrkevn\u00ed (modernistick\u00e1) i\u00a0prof\u00e1nn\u00ed m\u00e9dia v\u00a0\u010cR maj\u00ed op\u011bt jeden \u201ep\u0159\u00edpad\u201c: \u00fadajn\u00e9 vyhozen\u00ed profesora c\u00edrkevn\u00edch d\u011bjin P&#8230;.<\/p>\n","protected":false},"author":2,"featured_media":35488,"comment_status":"closed","ping_status":"closed","sticky":false,"template":"","format":"standard","meta":[],"categories":[6],"tags":[1295,5817,29,4617,158,5818],"_links":{"self":[{"href":"https:\/\/www.infokuryr.cz\/n\/wp-json\/wp\/v2\/posts\/35487"}],"collection":[{"href":"https:\/\/www.infokuryr.cz\/n\/wp-json\/wp\/v2\/posts"}],"about":[{"href":"https:\/\/www.infokuryr.cz\/n\/wp-json\/wp\/v2\/types\/post"}],"author":[{"embeddable":true,"href":"https:\/\/www.infokuryr.cz\/n\/wp-json\/wp\/v2\/users\/2"}],"replies":[{"embeddable":true,"href":"https:\/\/www.infokuryr.cz\/n\/wp-json\/wp\/v2\/comments?post=35487"}],"version-history":[{"count":1,"href":"https:\/\/www.infokuryr.cz\/n\/wp-json\/wp\/v2\/posts\/35487\/revisions"}],"predecessor-version":[{"id":35489,"href":"https:\/\/www.infokuryr.cz\/n\/wp-json\/wp\/v2\/posts\/35487\/revisions\/35489"}],"wp:featuredmedia":[{"embeddable":true,"href":"https:\/\/www.infokuryr.cz\/n\/wp-json\/wp\/v2\/media\/35488"}],"wp:attachment":[{"href":"https:\/\/www.infokuryr.cz\/n\/wp-json\/wp\/v2\/media?parent=35487"}],"wp:term":[{"taxonomy":"category","embeddable":true,"href":"https:\/\/www.infokuryr.cz\/n\/wp-json\/wp\/v2\/categories?post=35487"},{"taxonomy":"post_tag","embeddable":true,"href":"https:\/\/www.infokuryr.cz\/n\/wp-json\/wp\/v2\/tags?post=35487"}],"curies":[{"name":"wp","href":"https:\/\/api.w.org\/{rel}","templated":true}]}}