{"id":35466,"date":"2023-09-04T01:08:37","date_gmt":"2023-09-03T23:08:37","guid":{"rendered":"http:\/\/www.infokuryr.cz\/n\/?p=35466"},"modified":"2023-09-03T15:51:39","modified_gmt":"2023-09-03T13:51:39","slug":"ecb-eurozona-zpomaluje-rychleji-nez-se-cekalo","status":"publish","type":"post","link":"https:\/\/www.infokuryr.cz\/n\/2023\/09\/04\/ecb-eurozona-zpomaluje-rychleji-nez-se-cekalo\/","title":{"rendered":"ECB: Euroz\u00f3na zpomaluje rychleji, ne\u017e se \u010dekalo"},"content":{"rendered":"<div id=\"fb-root\"><\/div>\n<p><span style=\"font-size: 18pt;\"><strong>Tendence je prosp\u011b\u0161n\u00e1, proto\u017ee slab\u0161\u00ed ekonomick\u00fd r\u016fst by mohl pomoci desinflaci, tvrd\u00ed politik Boris Vujcic<\/strong><\/span><\/p>\n<p><span>Evropsk\u00e1 centr\u00e1ln\u00ed banka o\u010dek\u00e1v\u00e1, \u017ee sou\u010dasn\u00e9 zpomalen\u00ed ekonomiky euroz\u00f3ny pom\u016f\u017ee sn\u00ed\u017eit inflaci v regionu, \u0159ekl v p\u00e1tek na f\u00f3ru Reuters Global Markets Forum \u010dlen Rady guvern\u00e9r\u016f ECB a \u0161\u00e9f chorvatsk\u00e9 centr\u00e1ln\u00ed banky Boris Vujcic.<\/span><\/p>\n<p><span>Vujcic uznal, \u017ee r\u016fst je slab\u0161\u00ed, ne\u017e odhadoval regul\u00e1tor, ve druh\u00e9m \u010dtvrtlet\u00ed zaznamenal 0,3 %.<\/span><\/p>\n<p><span>\u201e\u00a0<\/span><em><span>Pokud se ekonomika zpomal\u00ed v\u00fdrazn\u011b rychleji, pak to jist\u011b sn\u00ed\u017e\u00ed inflaci rychleji,<\/span><\/em><span>\u00a0\u201c \u0159ekl politik ECB a dodal, \u017ee by to mohlo regul\u00e1torovi umo\u017enit sn\u00ed\u017eit sazby \u201e\u00a0<\/span><em><span>a\u0165 u\u017e d\u0159\u00edve, nebo agresivn\u011bji<\/span><\/em><span>\u00a0\u201c a ukon\u010dit svou nejtvrd\u0161\u00ed kampa\u0148 za zp\u0159\u00eds\u0148ov\u00e1n\u00ed m\u011bnov\u00e9 politiky. kter\u00e9 zaznamenaly n\u00e1r\u016fst v\u00fdp\u016fj\u010dn\u00edch n\u00e1klad\u016f na sou\u010dasn\u00fdch 3,75 % z -0,5 % o n\u011bco v\u00edce ne\u017e p\u0159ed rokem.<\/span><\/p>\n<p><span>Vujcic v\u0161ak uvedl, \u017ee \u0161krty nebudou mo\u017en\u00e9, dokud ECB nebude m\u00edt jasn\u00fd d\u016fkaz, \u017ee inflace je na stabiln\u00edm kurzu sm\u011brem ke 2 %.\u00a0Podle nejnov\u011bj\u0161\u00ed zpr\u00e1vy evropsk\u00e9ho statistick\u00e9ho \u00fa\u0159adu Eurostat se inflace v euroz\u00f3n\u011b v srpnu oproti p\u0159edchoz\u00edmu m\u011bs\u00edci nezm\u011bnila na 5,3 %, co\u017e je v\u00edce ne\u017e dvojn\u00e1sobek c\u00edlov\u00e9 sazby.<\/span><\/p>\n<p><img decoding=\"async\" loading=\"lazy\" class=\"wp-image-33819 aligncenter\" src=\"http:\/\/www.infokuryr.cz\/n\/wp-content\/uploads\/2023\/08\/ces1-300x157.jpg\" alt=\"\" width=\"1364\" height=\"714\" srcset=\"https:\/\/www.infokuryr.cz\/n\/wp-content\/uploads\/2023\/08\/ces1-300x157.jpg 300w, https:\/\/www.infokuryr.cz\/n\/wp-content\/uploads\/2023\/08\/ces1-1024x536.jpg 1024w, https:\/\/www.infokuryr.cz\/n\/wp-content\/uploads\/2023\/08\/ces1-768x402.jpg 768w, https:\/\/www.infokuryr.cz\/n\/wp-content\/uploads\/2023\/08\/ces1.jpg 1200w\" sizes=\"(max-width: 1364px) 100vw, 1364px\" \/><\/p>\n<p><span>Vujcic tak\u00e9 poznamenal, \u017ee odoln\u00fd trh pr\u00e1ce st\u00e1le produkuje rychl\u00fd r\u016fst mezd, co\u017e vytv\u00e1\u0159\u00ed riziko pokra\u010duj\u00edc\u00edch cenov\u00fdch skok\u016f.<\/span><\/p>\n<p><span>\u201e\u00a0<\/span><em><span>Mzdov\u00e9 tlaky jsou st\u00e1le p\u0159\u00edtomny a podle posledn\u00edch \u00fadaj\u016f nevid\u00edme, \u017ee by se v\u00fdrazn\u011b sni\u017eovaly.\u00a0Dokud to tak bude, ob\u00e1v\u00e1m se, \u017ee posledn\u00ed m\u00edle [desinflace] bude velmi obt\u00ed\u017en\u00e1<\/span><\/em><span>\u00a0.\u201c<\/span><\/p>\n<p><span>Politik tak\u00e9 varoval, \u017ee r\u016fst cen by se mohl zastavit nad c\u00edlem, co\u017e by ECB p\u0159im\u011blo k dal\u0161\u00edmu zv\u00fd\u0161en\u00ed sazeb.<\/span><\/p>\n<p><span>\u201e\u00a0<\/span><em><span>Dosahujeme koncov\u00e9 sazby, i kdy\u017e jak \u0159\u00edk\u00e1me, nev\u00edme, kde to je.\u00a0Ani se to v z\u00e1\u0159\u00ed nedozv\u00edme;\u00a0pravd\u011bpodobn\u011b v \u0159\u00edjnu nebo listopadu nebudeme v\u011bd\u011bt, kde je termin\u00e1ln\u00ed sazba<\/span><\/em><span>\u00a0,\u201c p\u0159edpov\u011bd\u011bl.<\/span><\/p>\n<p><span>Trhy jsou v\u0161ak m\u00e9n\u011b opatrn\u00e9, povzbuzeny poklesem j\u00e1drov\u00e9 inflace, kter\u00e1 nezahrnuje energie a nezpracovan\u00e9 potraviny.\u00a0Indik\u00e1tor, kter\u00fd je vn\u00edm\u00e1n jako ukazatel v\u00fdvoje inflace, klesl na 6,2 % z \u010dervencov\u00fdch 6,6 %.\u00a0Experti osloven\u00ed agenturou Reuters p\u0159edpov\u00eddaj\u00ed, \u017ee ECB na sv\u00e9m p\u0159\u00ed\u0161t\u00edm zased\u00e1n\u00ed koncem tohoto m\u011bs\u00edce a do konce roku ponech\u00e1 sazby beze zm\u011bny, p\u0159i\u010dem\u017e sn\u00ed\u017een\u00ed se o\u010dek\u00e1v\u00e1 v polovin\u011b roku 2024.<\/span><\/p>\n<p><img decoding=\"async\" loading=\"lazy\" class=\"alignnone size-full wp-image-1185\" src=\"http:\/\/www.infokuryr.cz\/n\/wp-content\/uploads\/2021\/04\/kuryr-podpis.png\" alt=\"\" width=\"84\" height=\"24\" \/><\/p>\n<p>&nbsp;<\/p>\n<p><a href=\"https:\/\/stranapro.cz\/\"><img decoding=\"async\" loading=\"lazy\" class=\"wp-image-30218 aligncenter\" src=\"http:\/\/www.infokuryr.cz\/n\/wp-content\/uploads\/2023\/06\/PRO-banner-300x36.png\" alt=\"\" width=\"1375\" height=\"165\" srcset=\"https:\/\/www.infokuryr.cz\/n\/wp-content\/uploads\/2023\/06\/PRO-banner-300x36.png 300w, https:\/\/www.infokuryr.cz\/n\/wp-content\/uploads\/2023\/06\/PRO-banner-768x93.png 768w, https:\/\/www.infokuryr.cz\/n\/wp-content\/uploads\/2023\/06\/PRO-banner.png 849w\" sizes=\"(max-width: 1375px) 100vw, 1375px\" \/><\/a><\/p>\n<p>&nbsp;<\/p>\n<p>&nbsp;<\/p>\n<p>&nbsp;<\/p>\n","protected":false},"excerpt":{"rendered":"<p>Tendence je prosp\u011b\u0161n\u00e1, proto\u017ee slab\u0161\u00ed ekonomick\u00fd r\u016fst by mohl pomoci desinflaci, tvrd\u00ed politik Boris Vujcic&#8230;<\/p>\n","protected":false},"author":2,"featured_media":11670,"comment_status":"closed","ping_status":"closed","sticky":false,"template":"","format":"standard","meta":[],"categories":[7],"tags":[2616,41,45,371],"_links":{"self":[{"href":"https:\/\/www.infokuryr.cz\/n\/wp-json\/wp\/v2\/posts\/35466"}],"collection":[{"href":"https:\/\/www.infokuryr.cz\/n\/wp-json\/wp\/v2\/posts"}],"about":[{"href":"https:\/\/www.infokuryr.cz\/n\/wp-json\/wp\/v2\/types\/post"}],"author":[{"embeddable":true,"href":"https:\/\/www.infokuryr.cz\/n\/wp-json\/wp\/v2\/users\/2"}],"replies":[{"embeddable":true,"href":"https:\/\/www.infokuryr.cz\/n\/wp-json\/wp\/v2\/comments?post=35466"}],"version-history":[{"count":1,"href":"https:\/\/www.infokuryr.cz\/n\/wp-json\/wp\/v2\/posts\/35466\/revisions"}],"predecessor-version":[{"id":35467,"href":"https:\/\/www.infokuryr.cz\/n\/wp-json\/wp\/v2\/posts\/35466\/revisions\/35467"}],"wp:featuredmedia":[{"embeddable":true,"href":"https:\/\/www.infokuryr.cz\/n\/wp-json\/wp\/v2\/media\/11670"}],"wp:attachment":[{"href":"https:\/\/www.infokuryr.cz\/n\/wp-json\/wp\/v2\/media?parent=35466"}],"wp:term":[{"taxonomy":"category","embeddable":true,"href":"https:\/\/www.infokuryr.cz\/n\/wp-json\/wp\/v2\/categories?post=35466"},{"taxonomy":"post_tag","embeddable":true,"href":"https:\/\/www.infokuryr.cz\/n\/wp-json\/wp\/v2\/tags?post=35466"}],"curies":[{"name":"wp","href":"https:\/\/api.w.org\/{rel}","templated":true}]}}