{"id":35443,"date":"2023-09-04T00:59:28","date_gmt":"2023-09-03T22:59:28","guid":{"rendered":"http:\/\/www.infokuryr.cz\/n\/?p=35443"},"modified":"2023-09-03T14:48:38","modified_gmt":"2023-09-03T12:48:38","slug":"hura-pandemie-je-zpet-dalsi-kolo-paniky-uz-zacalo","status":"publish","type":"post","link":"https:\/\/www.infokuryr.cz\/n\/2023\/09\/04\/hura-pandemie-je-zpet-dalsi-kolo-paniky-uz-zacalo\/","title":{"rendered":"Hur\u00e1, pandemie je zp\u011bt! Dal\u0161\u00ed kolo paniky u\u017e za\u010dalo"},"content":{"rendered":"<div id=\"fb-root\"><\/div>\n<p><strong><span>Hur\u00e1, pandemie je kone\u010dn\u011b zp\u011bt!\u00a0C\u00edt\u00ed\u0161 to?\u00a0Rostouc\u00ed nap\u011bt\u00ed, prask\u00e1n\u00ed ve vzduchu, stup\u0148uj\u00edc\u00ed se zpravodajstv\u00ed, zvy\u0161uj\u00edc\u00ed se po\u010det maskovan\u00fdch lid\u00ed, nov\u00e1 pravidla Covidu v mnoha nemocnic\u00edch a spole\u010dnostech?\u00a0Dal\u0161\u00ed kolo paniky ji\u017e bylo ohl\u00e1\u0161eno a \u010derven\u00fd koberec pro dal\u0161\u00ed \u017eivot ohro\u017euj\u00edc\u00ed variantu viru je ji\u017e znovu rozta\u017een.<\/span><\/strong><\/p>\n<p>&nbsp;<\/p>\n<div class='videoWrapper'>\r\n\t            <iframe src='https:\/\/rumble.com\/embed\/pj.v3amhxa\/' frameborder='0' allowfullscreen><\/iframe>\r\n\t        <\/div>\n<p>&nbsp;<\/p>\n<p><strong><span>Zat\u00edmco v Americe ji\u017e byly prvn\u00ed \u0161koly op\u011bt zav\u0159eny a opat\u0159en\u00ed se evidentn\u011b znovu prosazuj\u00ed<\/span><\/strong><span>\u00a0, v Rakousku nap\u011bt\u00ed pomalu nar\u016fst\u00e1.\u00a0Jak \u0159\u00edkaj\u00ed?\u00a0\u201eTi, co p\u0159ijdou pozd\u011bji, maj\u00ed sex d\u00e9le.\u201c Nebo tak n\u011bjak.\u00a0S t\u00edm rozd\u00edlem, \u017ee dal\u0161\u00ed kolo plandemie m\u00e1 se sexem m\u00e9n\u011b spole\u010dn\u00e9ho, \u200b\u200bale o to p\u0159ekvapiv\u011bj\u0161\u00ed.\u00a0Kdo by si pomyslel?\u00a0<\/span><\/p>\n<p><span>Povinn\u00e1 o\u010dkov\u00e1n\u00ed jsme pr\u00e1v\u011b smetli ze stolu, smazali zelen\u00fd pas z mobiln\u00edch telefon\u016f \u2013 alespo\u0148 ti, kte\u0159\u00ed se zapojili do akce sb\u011bru o\u010dkovac\u00edch n\u00e1lepek, degradovali Covid na nemoc bez hl\u00e1\u0161en\u00ed.\u00a0A te\u010f?\u00a0Zacku, posun v \u010dase zp\u011bt na za\u010d\u00e1tek.\u00a0Zda bylo toto rozhodnut\u00ed na\u0161ich po pen\u011bz\u00edch chtiv\u00fdch vl\u00e1dc\u016f opravdu ze v\u0161ech nejmoud\u0159ej\u0161\u00ed, se teprve uvid\u00ed.\u00a0<\/span><strong><span>Ka\u017edop\u00e1dn\u011b toto d\u00e9j\u00e0 vu pro zeleno-\u010dernou ba\u017einu rozhodn\u011b v\u00fdsledku nadch\u00e1zej\u00edc\u00edch voleb nijak zvl\u00e1\u0161\u0165 neprosp\u00edv\u00e1.<\/span><\/strong><\/p>\n<h3 class=\"wp-block-heading\"><span style=\"font-size: 18pt;\">V\u0161echny zlo\u010diny na stole!<\/span><\/h3>\n<p><span>Kdyby na\u0161i dikt\u00e1to\u0159i nebyli tak zaslepeni chamtivost\u00ed, znovu by nepl\u00e1cali na\u0161e t\u011b\u017ece vyd\u011blan\u00e9 dan\u011b na masky proti prachu, toxick\u00e9 koronov\u00e9 testy a nebezpe\u010dn\u00e9 vakc\u00edny.\u00a0<\/span><strong><span>Kdyby u\u017e d\u00e1vno neztratili dobrou n\u00e1ladu a m\u011bli posledn\u00ed jisk\u0159i\u010dku inteligence<\/span><\/strong><span>\u00a0\u2013 o slu\u0161nosti ani nemluvme \u2013\u00a0<\/span><strong><span>vyu\u017eili by p\u0159\u00edle\u017eitosti a sv\u00e9 zlo\u010diny schovali pod koberec.\u00a0<\/span><\/strong><span>Nyn\u00ed, kdy\u017e lid\u00e9 za\u010d\u00ednaj\u00ed zapom\u00ednat a potla\u010dovat v\u0161echna zv\u011brstva obdob\u00ed Corony.<\/span><\/p>\n<p><span>Ale ne.\u00a0Zd\u00e1 se, \u017ee arogance a arogance na\u0161ich samozvan\u00fdch dikt\u00e1tor\u016f nezn\u00e1 mez\u00ed.\u00a0Op\u011bt se pracuje se strachem z lid\u00ed.\u00a0Znovu za\u010dnou opot\u0159ebovan\u00fdm ob\u010dan\u016fm vnucovat sv\u00e9voln\u00e1 opat\u0159en\u00ed a do \u017eil jim kolovat \u010dist\u00fd jed.\u00a0Ne.\u00a0Toto rozhodnut\u00ed rozhodn\u011b nen\u00ed moudr\u00e9.\u00a0<\/span><strong><span>Ale mo\u017en\u00e1 jsme tentokr\u00e1t my, lid\u00e9, dost chyt\u0159\u00ed na to, abychom se spole\u010dn\u011b postavili \u0161\u00edlenstv\u00ed, ne\u017e bude velk\u00e9 pozdvi\u017een\u00ed definitivn\u011b p\u0159ekon\u00e1no.\u00a0<\/span><\/strong><span>Proto\u017ee tentokr\u00e1t nejsme jen dost lid\u00ed, kte\u0159\u00ed se probudili jako v posledn\u00edch vln\u00e1ch plandemie.<\/span><\/p>\n<p><span>M\u00e1me posily.\u00a0Od lid\u00ed, kte\u0159\u00ed byli doslova ponech\u00e1ni na holi\u010dk\u00e1ch a oklam\u00e1ni po\u0161kozen\u00edm zp\u016fsoben\u00fdm vakc\u00ednou.\u00a0Od t\u011bch, kte\u0159\u00ed kv\u016fli um\u011ble vytvo\u0159en\u00e9 hospod\u00e1\u0159sk\u00e9 krizi p\u0159i\u0161li o pr\u00e1ci.\u00a0Od t\u011bch, kter\u00fdm pomalu, ale jist\u011b doch\u00e1zej\u00ed pen\u00edze kv\u016fli dom\u00e1c\u00ed inflaci.\u00a0<\/span><strong><span>Tentokr\u00e1t by se vl\u00e1dci m\u011bli zabalit, ne\u017e na n\u00e1s znovu uval\u00ed sv\u00e9 \u0161\u00edlenstv\u00ed.\u00a0Jak zn\u00e1mo, arogance p\u0159edch\u00e1z\u00ed hlubok\u00fd p\u00e1d.<\/span><\/strong><\/p>\n<p><em><span>Koment\u00e1\u0159 Edith Br\u00f6tzner<\/span><\/em><\/p>\n<p><img decoding=\"async\" loading=\"lazy\" class=\"alignnone size-full wp-image-1185\" src=\"http:\/\/www.infokuryr.cz\/n\/wp-content\/uploads\/2021\/04\/kuryr-podpis.png\" alt=\"\" width=\"84\" height=\"24\" \/><\/p>\n<p>&nbsp;<\/p>\n<p><img decoding=\"async\" loading=\"lazy\" class=\"wp-image-33819 aligncenter\" src=\"http:\/\/www.infokuryr.cz\/n\/wp-content\/uploads\/2023\/08\/ces1-300x157.jpg\" alt=\"\" width=\"1366\" height=\"715\" srcset=\"https:\/\/www.infokuryr.cz\/n\/wp-content\/uploads\/2023\/08\/ces1-300x157.jpg 300w, https:\/\/www.infokuryr.cz\/n\/wp-content\/uploads\/2023\/08\/ces1-1024x536.jpg 1024w, https:\/\/www.infokuryr.cz\/n\/wp-content\/uploads\/2023\/08\/ces1-768x402.jpg 768w, https:\/\/www.infokuryr.cz\/n\/wp-content\/uploads\/2023\/08\/ces1.jpg 1200w\" sizes=\"(max-width: 1366px) 100vw, 1366px\" \/><\/p>\n<p>&nbsp;<\/p>\n<p><a href=\"https:\/\/stranapro.cz\/\"><img decoding=\"async\" loading=\"lazy\" class=\"wp-image-30218 aligncenter\" src=\"http:\/\/www.infokuryr.cz\/n\/wp-content\/uploads\/2023\/06\/PRO-banner-300x36.png\" alt=\"\" width=\"1375\" height=\"165\" srcset=\"https:\/\/www.infokuryr.cz\/n\/wp-content\/uploads\/2023\/06\/PRO-banner-300x36.png 300w, https:\/\/www.infokuryr.cz\/n\/wp-content\/uploads\/2023\/06\/PRO-banner-768x93.png 768w, https:\/\/www.infokuryr.cz\/n\/wp-content\/uploads\/2023\/06\/PRO-banner.png 849w\" sizes=\"(max-width: 1375px) 100vw, 1375px\" \/><\/a><\/p>\n<p>&nbsp;<\/p>\n<p>&nbsp;<\/p>\n<p>&nbsp;<\/p>\n","protected":false},"excerpt":{"rendered":"<p>Hur\u00e1, pandemie je kone\u010dn\u011b zp\u011bt!\u00a0C\u00edt\u00ed\u0161 to?\u00a0Rostouc\u00ed nap\u011bt\u00ed, prask\u00e1n\u00ed ve vzduchu, stup\u0148uj\u00edc\u00ed se zpravodajstv\u00ed, zvy\u0161uj\u00edc\u00ed se&#8230;<\/p>\n","protected":false},"author":2,"featured_media":5969,"comment_status":"closed","ping_status":"closed","sticky":false,"template":"","format":"standard","meta":[],"categories":[7],"tags":[23,908,3308,81],"_links":{"self":[{"href":"https:\/\/www.infokuryr.cz\/n\/wp-json\/wp\/v2\/posts\/35443"}],"collection":[{"href":"https:\/\/www.infokuryr.cz\/n\/wp-json\/wp\/v2\/posts"}],"about":[{"href":"https:\/\/www.infokuryr.cz\/n\/wp-json\/wp\/v2\/types\/post"}],"author":[{"embeddable":true,"href":"https:\/\/www.infokuryr.cz\/n\/wp-json\/wp\/v2\/users\/2"}],"replies":[{"embeddable":true,"href":"https:\/\/www.infokuryr.cz\/n\/wp-json\/wp\/v2\/comments?post=35443"}],"version-history":[{"count":0,"href":"https:\/\/www.infokuryr.cz\/n\/wp-json\/wp\/v2\/posts\/35443\/revisions"}],"wp:featuredmedia":[{"embeddable":true,"href":"https:\/\/www.infokuryr.cz\/n\/wp-json\/wp\/v2\/media\/5969"}],"wp:attachment":[{"href":"https:\/\/www.infokuryr.cz\/n\/wp-json\/wp\/v2\/media?parent=35443"}],"wp:term":[{"taxonomy":"category","embeddable":true,"href":"https:\/\/www.infokuryr.cz\/n\/wp-json\/wp\/v2\/categories?post=35443"},{"taxonomy":"post_tag","embeddable":true,"href":"https:\/\/www.infokuryr.cz\/n\/wp-json\/wp\/v2\/tags?post=35443"}],"curies":[{"name":"wp","href":"https:\/\/api.w.org\/{rel}","templated":true}]}}